{"id":990,"date":"2023-04-09T13:35:28","date_gmt":"2023-04-09T13:35:28","guid":{"rendered":"https:\/\/lereveil224.info\/?p=990"},"modified":"2023-04-09T13:39:41","modified_gmt":"2023-04-09T13:39:41","slug":"apres-40-jours-de-careme-les-chretiens-celebrent-la-fete-de-paques","status":"publish","type":"post","link":"https:\/\/lereveil224.info\/index.php\/2023\/04\/09\/apres-40-jours-de-careme-les-chretiens-celebrent-la-fete-de-paques\/","title":{"rendered":"Apr\u00e8s 40 jours de car\u00eame, les chr\u00e9tiens c\u00e9l\u00e8brent la f\u00eate de P\u00e2ques"},"content":{"rendered":"\t\t<div data-elementor-type=\"wp-post\" data-elementor-id=\"990\" class=\"elementor elementor-990\">\n\t\t\t\t\t\t<section class=\"elementor-section elementor-top-section elementor-element elementor-element-0f91638 elementor-section-boxed elementor-section-height-default elementor-section-height-default\" data-id=\"0f91638\" data-element_type=\"section\" data-e-type=\"section\">\n\t\t\t\t\t\t<div class=\"elementor-container elementor-column-gap-default\">\n\t\t\t\t\t<div class=\"elementor-column elementor-col-100 elementor-top-column elementor-element elementor-element-1601beb\" data-id=\"1601beb\" data-element_type=\"column\" data-e-type=\"column\">\n\t\t\t<div class=\"elementor-widget-wrap elementor-element-populated\">\n\t\t\t\t\t\t<div class=\"elementor-element elementor-element-43cbf45 elementor-widget elementor-widget-text-editor\" data-id=\"43cbf45\" data-element_type=\"widget\" data-e-type=\"widget\" data-widget_type=\"text-editor.default\">\n\t\t\t\t<div class=\"elementor-widget-container\">\n\t\t\t\t\t\t\t\t\t<p>A pr\u00e8s 40 jours de car\u00eame les fid\u00e8les <strong>chr\u00e9tiens<\/strong> de la <strong>Guin\u00e9e<\/strong> c\u00e9l\u00e8brent ce Dimanche 9 avril 2023, la f\u00eate de p\u00e2que apr\u00e8s une veill\u00e9 dans les <strong>\u00e9glises<\/strong>.<\/p><p>En r\u00e9gion, cette f\u00eate ne passe pas inaper\u00e7ue.<\/p><p>Interrog\u00e9 par notre r\u00e9daction <strong>Michel Lamah<\/strong>, citoyen r\u00e9sident \u00e0 <strong>N&rsquo;Z\u00e9r\u00e9kor\u00e9<\/strong> dit : &lt;&lt;<em>je remerci tout d&rsquo;abord le <strong>seigneur<\/strong> de nous avoir accord\u00e9 ce jour en bon \u00e9tat de sant\u00e9. Malgr\u00e9 la conjoncture \u00e9conomique nous continuons \u00e0 bien f\u00eat\u00e9 apr\u00e8s une veill\u00e9 \u00e0 la cath\u00e9drale.<\/em>&gt;&gt;<\/p>\t\t\t\t\t\t\t\t<\/div>\n\t\t\t\t<\/div>\n\t\t\t\t<div class=\"elementor-element elementor-element-42c7262 elementor-widget elementor-widget-image\" data-id=\"42c7262\" data-element_type=\"widget\" data-e-type=\"widget\" data-widget_type=\"image.default\">\n\t\t\t\t<div class=\"elementor-widget-container\">\n\t\t\t\t\t\t\t\t\t\t\t\t\t\t\t<img fetchpriority=\"high\" decoding=\"async\" width=\"549\" height=\"720\" src=\"https:\/\/lereveil224.info\/wp-content\/uploads\/2023\/04\/IMG_1681043770254_1.jpg\" class=\"attachment-large size-large wp-image-993\" alt=\"\" srcset=\"https:\/\/lereveil224.info\/wp-content\/uploads\/2023\/04\/IMG_1681043770254_1.jpg 549w, https:\/\/lereveil224.info\/wp-content\/uploads\/2023\/04\/IMG_1681043770254_1-229x300.jpg 229w\" sizes=\"(max-width: 549px) 100vw, 549px\" \/>\t\t\t\t\t\t\t\t\t\t\t\t\t\t\t<\/div>\n\t\t\t\t<\/div>\n\t\t\t\t<div class=\"elementor-element elementor-element-3ff8a3e elementor-widget elementor-widget-text-editor\" data-id=\"3ff8a3e\" data-element_type=\"widget\" data-e-type=\"widget\" data-widget_type=\"text-editor.default\">\n\t\t\t\t<div class=\"elementor-widget-container\">\n\t\t\t\t\t\t\t\t\t<p>Pour <strong>Daniel Millimono<\/strong>, r\u00e9sident \u00e0 Kankan : &lt;&lt;<em> cette f\u00eate est particuli\u00e8re \u00e0 Kankan. Car elle intervient apr\u00e8s l&rsquo;incendi d&rsquo;un des b\u00e2timents qu&rsquo;occupe l&rsquo;<strong>OCPH<\/strong> suite de court circuit dans l&rsquo;enceinte de la cours de la cath\u00e9drale mais aussi les manifestations des jeunes. C&rsquo;est pourquoi nous avons pri\u00e9 pour la paix et la<\/em><\/p><p><em>coh\u00e9sion sociale de tout Kankan<\/em> &gt;&gt; co conclura t-il.<\/p><p>A noter que cette f\u00eate <strong>chr\u00e9tienne<\/strong> intervient \u00e0 quelques jours de la f\u00eate <strong>Musulman<\/strong>.<\/p>\t\t\t\t\t\t\t\t<\/div>\n\t\t\t\t<\/div>\n\t\t\t\t\t<\/div>\n\t\t<\/div>\n\t\t\t\t\t<\/div>\n\t\t<\/section>\n\t\t\t\t<\/div>\n\t\t","protected":false},"excerpt":{"rendered":"<p>A pr\u00e8s 40 jours de car\u00eame les fid\u00e8les chr\u00e9tiens de la Guin\u00e9e c\u00e9l\u00e8brent ce Dimanche 9 avril 2023, la f\u00eate de p\u00e2que apr\u00e8s une veill\u00e9 dans les \u00e9glises. En r\u00e9gion, cette f\u00eate ne passe pas inaper\u00e7ue. Interrog\u00e9 par notre r\u00e9daction Michel Lamah, citoyen r\u00e9sident \u00e0 N&rsquo;Z\u00e9r\u00e9kor\u00e9 dit : &lt;&lt;je remerci tout d&rsquo;abord le seigneur de [&hellip;]<\/p>\n","protected":false},"author":123457,"featured_media":991,"comment_status":"open","ping_status":"open","sticky":false,"template":"","format":"standard","meta":{"_acf_changed":false,"footnotes":""},"categories":[11,27],"tags":[],"class_list":["post-990","post","type-post","status-publish","format-standard","has-post-thumbnail","hentry","category-actualite","category-religieux"],"acf":[],"_links":{"self":[{"href":"https:\/\/lereveil224.info\/index.php\/wp-json\/wp\/v2\/posts\/990","targetHints":{"allow":["GET"]}}],"collection":[{"href":"https:\/\/lereveil224.info\/index.php\/wp-json\/wp\/v2\/posts"}],"about":[{"href":"https:\/\/lereveil224.info\/index.php\/wp-json\/wp\/v2\/types\/post"}],"author":[{"embeddable":true,"href":"https:\/\/lereveil224.info\/index.php\/wp-json\/wp\/v2\/users\/123457"}],"replies":[{"embeddable":true,"href":"https:\/\/lereveil224.info\/index.php\/wp-json\/wp\/v2\/comments?post=990"}],"version-history":[{"count":5,"href":"https:\/\/lereveil224.info\/index.php\/wp-json\/wp\/v2\/posts\/990\/revisions"}],"predecessor-version":[{"id":997,"href":"https:\/\/lereveil224.info\/index.php\/wp-json\/wp\/v2\/posts\/990\/revisions\/997"}],"wp:featuredmedia":[{"embeddable":true,"href":"https:\/\/lereveil224.info\/index.php\/wp-json\/wp\/v2\/media\/991"}],"wp:attachment":[{"href":"https:\/\/lereveil224.info\/index.php\/wp-json\/wp\/v2\/media?parent=990"}],"wp:term":[{"taxonomy":"category","embeddable":true,"href":"https:\/\/lereveil224.info\/index.php\/wp-json\/wp\/v2\/categories?post=990"},{"taxonomy":"post_tag","embeddable":true,"href":"https:\/\/lereveil224.info\/index.php\/wp-json\/wp\/v2\/tags?post=990"}],"curies":[{"name":"wp","href":"https:\/\/api.w.org\/{rel}","templated":true}]}}