{"id":9805,"date":"2025-12-01T22:44:24","date_gmt":"2025-12-01T22:44:24","guid":{"rendered":"https:\/\/lereveil224.info\/?p=9805"},"modified":"2025-12-02T06:05:16","modified_gmt":"2025-12-02T06:05:16","slug":"nzerekore-en-liesse-un-accueil-historique-pour-dan-lamah-figure-cle-de-la-campagne-presidentielle-de-mamadi-doumbouya","status":"publish","type":"post","link":"https:\/\/lereveil224.info\/index.php\/2025\/12\/01\/nzerekore-en-liesse-un-accueil-historique-pour-dan-lamah-figure-cle-de-la-campagne-presidentielle-de-mamadi-doumbouya\/","title":{"rendered":"N\u2019Z\u00e9r\u00e9kor\u00e9 en liesse : un accueil historique pour Dan Lamah, figure cl\u00e9 de la campagne pr\u00e9sidentielle de Mamadi Doumbouya"},"content":{"rendered":"\n<p>N\u2019Z\u00e9r\u00e9kor\u00e9 a vibr\u00e9 ce lundi 1er d\u00e9cembre 2025 au rythme d\u2019une mobilisation populaire rarement observ\u00e9e dans la r\u00e9gion. \u200e\u00c0 l\u2019occasion de l\u2019arriv\u00e9e de Dan Lamah, directeur pr\u00e9fectoral du directoire de la campagne pr\u00e9sidentielle au compte de la G\u00e9n\u00e9ration pour la Modernit\u00e9 et\u00a0 pour le D\u00e9veloppement, la cit\u00e9 de Goikouya, s\u2019est transform\u00e9e en un v\u00e9ritable th\u00e9\u00e2tre d\u2019enthousiasme politique.<\/p>\n\n\n\n<p>Depuis l\u2019ouverture officielle de la campagne le 28 novembre, les regards \u00e9taient tourn\u00e9s vers la R\u00e9gion foresti\u00e8re, consid\u00e9r\u00e9e comme l\u2019un des bastions strat\u00e9giques de la bataille \u00e9lectorale. Et la population n\u2019a pas manqu\u00e9 de prouver son engagement. D\u00e8s que M. Lamah a foul\u00e9 le sol de l\u2019a\u00e9rodrome de Konia Aviation, une foule compacte, drap\u00e9e des couleurs du GMD, l\u2019a escort\u00e9 jusqu\u2019\u00e0 la Maison des jeunes, dans une ambiance aussi chaleureuse que d\u00e9termin\u00e9e.<\/p>\n\n\n\n<figure class=\"wp-block-image size-large\"><img fetchpriority=\"high\" decoding=\"async\" width=\"1024\" height=\"768\" src=\"https:\/\/lereveil224.info\/wp-content\/uploads\/2025\/12\/IMG-20251201-WA0010-1024x768.jpg\" alt=\"\" class=\"wp-image-9806\" srcset=\"https:\/\/lereveil224.info\/wp-content\/uploads\/2025\/12\/IMG-20251201-WA0010-1024x768.jpg 1024w, https:\/\/lereveil224.info\/wp-content\/uploads\/2025\/12\/IMG-20251201-WA0010-300x225.jpg 300w, https:\/\/lereveil224.info\/wp-content\/uploads\/2025\/12\/IMG-20251201-WA0010-768x576.jpg 768w, https:\/\/lereveil224.info\/wp-content\/uploads\/2025\/12\/IMG-20251201-WA0010-86x64.jpg 86w, https:\/\/lereveil224.info\/wp-content\/uploads\/2025\/12\/IMG-20251201-WA0010.jpg 1080w\" sizes=\"(max-width: 1024px) 100vw, 1024px\" \/><\/figure>\n\n\n\n<p>Dans cette salle comble, o\u00f9 chaque centim\u00e8tre carr\u00e9 semblait rempli d\u2019espoir et de ferveur, Dan Lamah a pris la parole avec \u00e9motion. \u00ab Je suis vraiment honor\u00e9 de voir une telle mobilisation de la population foresti\u00e8re. Cette mobilisation prouve suffisamment que nous allons faire un coup KO \u00bb, a-t-il d\u00e9clar\u00e9 devant une assembl\u00e9e en liesse, galvanis\u00e9e par ces mots porteurs d\u2019assurance.<\/p>\n\n\n\n<p>L\u2019arriv\u00e9e de la d\u00e9l\u00e9gation venue de Conakry, compos\u00e9e notamment du vice-directeur de campagne C\u00e9c\u00e9 Th\u00e9a, s\u2019est poursuivie par une s\u00e9rie de visites institutionnelles. D\u2019abord au gouvernorat, puis chez le pr\u00e9fet, avant de se rendre chez le patriarche de la ville, symbole de sagesse et de l\u00e9gitimit\u00e9 sociale. L\u2019objectif \u00e9tait clair : pr\u00e9senter officiellement la mission, recueillir les b\u00e9n\u00e9dictions et r\u00e9affirmer le lien entre le parti au pouvoir et les autorit\u00e9s morales de la r\u00e9gion.<\/p>\n\n\n\n<p>Cette journ\u00e9e, marqu\u00e9e par une ferveur inhabituelle, confirme l\u2019adh\u00e9sion massive des populations de N\u2019Z\u00e9r\u00e9kor\u00e9 au projet politique port\u00e9 par le pr\u00e9sident de la R\u00e9publique, Mamadi Doumbouya, qualifi\u00e9 par ses militants d\u2019homme visionnaire, de refondateur et d\u2019incarnation du progr\u00e8s national. La mobilisation observ\u00e9e, selon plusieurs observateurs locaux, d\u00e9passe largement le cadre d\u2019une simple r\u00e9ception politique. Elle traduit une volont\u00e9 collective de soutenir un leadership auquel la r\u00e9gion s\u2019identifie pleinement.<\/p>\n\n\n\n<p>Il faut rappeler que N\u2019Z\u00e9r\u00e9kor\u00e9 occupe une place particuli\u00e8re dans cette dynamique politique. C\u2019est en effet cette pr\u00e9fecture qui, \u00e0 travers l\u2019engagement remarquable de ses femmes, avait contribu\u00e9 \u00e0 hauteur de 900 millions de francs guin\u00e9ens pour payer la caution pr\u00e9sidentielle, poussant ainsi le chef de l\u2019\u00c9tat \u00e0 se pr\u00e9senter \u00e0 l\u2019\u00e9lection. Un acte symbolique, fort, qui continue de r\u00e9sonner dans les esprits.<\/p>\n\n\n\n<p>L\u2019accueil triomphal r\u00e9serv\u00e9 \u00e0 Dan Lamah confirme cette fid\u00e9lit\u00e9, mais aussi une d\u00e9termination renouvel\u00e9e \u00e0 accompagner le candidat Doumbouya vers une victoire que beaucoup ici voient d\u00e9j\u00e0 comme une \u00e9vidence. En for\u00eat, la campagne ne fait que commencer, mais la r\u00e9gion a d\u00e9j\u00e0 envoy\u00e9 un message clair : elle compte jouer un r\u00f4le d\u00e9cisif dans l\u2019\u00e9lan national pour la modernit\u00e9 et le d\u00e9veloppement.<\/p>\n\n\n\n<p><strong>Thierno Amadou DIALLO <\/strong><\/p>\n","protected":false},"excerpt":{"rendered":"<p>N\u2019Z\u00e9r\u00e9kor\u00e9 a vibr\u00e9 ce lundi 1er d\u00e9cembre 2025 au rythme d\u2019une mobilisation populaire rarement observ\u00e9e dans la r\u00e9gion. \u200e\u00c0 l\u2019occasion de l\u2019arriv\u00e9e de Dan Lamah, directeur pr\u00e9fectoral du directoire de la campagne pr\u00e9sidentielle au compte de la G\u00e9n\u00e9ration pour la Modernit\u00e9 et\u00a0 pour le D\u00e9veloppement, la cit\u00e9 de Goikouya, s\u2019est transform\u00e9e en un v\u00e9ritable th\u00e9\u00e2tre [&hellip;]<\/p>\n","protected":false},"author":123458,"featured_media":9807,"comment_status":"open","ping_status":"open","sticky":false,"template":"","format":"standard","meta":{"_acf_changed":false,"footnotes":""},"categories":[11,59,2],"tags":[],"class_list":["post-9805","post","type-post","status-publish","format-standard","has-post-thumbnail","hentry","category-actualite","category-nationale","category-politique"],"acf":[],"_links":{"self":[{"href":"https:\/\/lereveil224.info\/index.php\/wp-json\/wp\/v2\/posts\/9805","targetHints":{"allow":["GET"]}}],"collection":[{"href":"https:\/\/lereveil224.info\/index.php\/wp-json\/wp\/v2\/posts"}],"about":[{"href":"https:\/\/lereveil224.info\/index.php\/wp-json\/wp\/v2\/types\/post"}],"author":[{"embeddable":true,"href":"https:\/\/lereveil224.info\/index.php\/wp-json\/wp\/v2\/users\/123458"}],"replies":[{"embeddable":true,"href":"https:\/\/lereveil224.info\/index.php\/wp-json\/wp\/v2\/comments?post=9805"}],"version-history":[{"count":2,"href":"https:\/\/lereveil224.info\/index.php\/wp-json\/wp\/v2\/posts\/9805\/revisions"}],"predecessor-version":[{"id":9809,"href":"https:\/\/lereveil224.info\/index.php\/wp-json\/wp\/v2\/posts\/9805\/revisions\/9809"}],"wp:featuredmedia":[{"embeddable":true,"href":"https:\/\/lereveil224.info\/index.php\/wp-json\/wp\/v2\/media\/9807"}],"wp:attachment":[{"href":"https:\/\/lereveil224.info\/index.php\/wp-json\/wp\/v2\/media?parent=9805"}],"wp:term":[{"taxonomy":"category","embeddable":true,"href":"https:\/\/lereveil224.info\/index.php\/wp-json\/wp\/v2\/categories?post=9805"},{"taxonomy":"post_tag","embeddable":true,"href":"https:\/\/lereveil224.info\/index.php\/wp-json\/wp\/v2\/tags?post=9805"}],"curies":[{"name":"wp","href":"https:\/\/api.w.org\/{rel}","templated":true}]}}