{"id":9795,"date":"2025-12-01T16:22:39","date_gmt":"2025-12-01T16:22:39","guid":{"rendered":"https:\/\/lereveil224.info\/?p=9795"},"modified":"2025-12-01T16:22:40","modified_gmt":"2025-12-01T16:22:40","slug":"quand-le-pouvoir-change-les-hommes-la-tentation-qui-a-rattrape-le-general-doumbouya","status":"publish","type":"post","link":"https:\/\/lereveil224.info\/index.php\/2025\/12\/01\/quand-le-pouvoir-change-les-hommes-la-tentation-qui-a-rattrape-le-general-doumbouya\/","title":{"rendered":"Quand le pouvoir change les hommes : la tentation qui a rattrap\u00e9 le G\u00e9n\u00e9ral Doumbouya"},"content":{"rendered":"\n<p>Il y a des promesses qui rassurent un peuple, et d\u2019autres qui le marquent au fer rouge lorsqu\u2019elles sont trahies. Lorsque le G\u00e9n\u00e9ral Mamadi Doumbouya, fra\u00eechement arriv\u00e9 \u00e0 la t\u00eate du pays en septembre 2021, annon\u00e7ait qu\u2019il ne serait \u00ab ni candidat, ni int\u00e9ress\u00e9 par la politique \u00bb, beaucoup avaient vu en cette d\u00e9claration un engagement fort, presque sacr\u00e9. Une parole qui devait distinguer la transition en Guin\u00e9e de celles, souvent chaotiques, v\u00e9cues ailleurs. Quatre ans plus tard, la r\u00e9alit\u00e9 raconte une autre histoire, plus complexe, plus humaine, et surtout plus politique.<\/p>\n\n\n\n<p>Le pouvoir est un terrain qui transforme celui qui le foule. Ce qui commence comme une mission temporaire peut, au fil du temps, se muer en conviction que l\u2019on est devenu indispensable. Et c\u2019est dans ce glissement presque invisible que naissent les renoncements aux promesses initiales. Le G\u00e9n\u00e9ral Doumbouya n\u2019a pas \u00e9chapp\u00e9 \u00e0 ce m\u00e9canisme. \u00c0 mesure que les responsabilit\u00e9s s\u2019alourdissaient, que les \u00e9loges se multipliaient et que les tensions nationales se cristallisaient autour de sa personne, le chef de transition s\u2019est install\u00e9, peut-\u00eatre malgr\u00e9 lui, au centre du jeu politique.<\/p>\n\n\n\n<p>Mais ce revirement n\u2019est pas anodin. Il remet en question la parole donn\u00e9e, ce ciment fragile qui lie un dirigeant \u00e0 son peuple. En choisissant de se pr\u00e9senter \u00e0 l\u2019\u00e9lection pr\u00e9sidentielle, le G\u00e9n\u00e9ral Doumbouya entrouvre la porte \u00e0 une interrogation profonde : qu\u2019est-ce qui l\u2019a fait changer d\u2019avis ? Le poids du pouvoir ? Les pressions internes ? La conviction d\u2019\u00eatre le seul capable de tenir le pays debout ? Ou simplement le pi\u00e8ge classique du leadership, o\u00f9 l\u2019on finit par croire que la nation ne peut avancer sans vous ?<\/p>\n\n\n\n<p>L\u2019histoire africaine regorge d\u2019exemples o\u00f9 un chef militaire, arriv\u00e9 au nom du salut public, finit par c\u00e9der \u00e0 la tentation du fauteuil pr\u00e9sidentiel. La Guin\u00e9e, elle, avait esp\u00e9r\u00e9 \u00e9chapper \u00e0 ce sch\u00e9ma. D\u2019o\u00f9 la d\u00e9ception, mais aussi la lucidit\u00e9 nouvelle qui traverse l\u2019opinion : le pouvoir est une \u00e9preuve qui r\u00e9v\u00e8le l\u2019homme autant qu\u2019elle le transforme.<\/p>\n\n\n\n<p>Ce retournement soul\u00e8ve enfin une question essentielle pour l\u2019avenir d\u00e9mocratique du pays : que vaut un engagement politique si le temps, l\u2019influence et la puissance peuvent le remodeler \u00e0 volont\u00e9 ? Dans une soci\u00e9t\u00e9 o\u00f9 les citoyens r\u00e9clament plus de transparence et de coh\u00e9rence, la parole donn\u00e9e devrait \u00eatre plus lourde qu\u2019un simple slogan de transition.<\/p>\n\n\n\n<p>La Guin\u00e9e entre dans une nouvelle \u00e9tape de son histoire, faite d\u2019espoirs, d\u2019incertitudes et de vigilance. Une \u00e9tape o\u00f9 le peuple observe, compare, analyse et retient une le\u00e7on majeure : dans le grand th\u00e9\u00e2tre du pouvoir, les promesses vacillent souvent plus vite que les ambitions.<\/p>\n\n\n\n<p><strong>Mamadouba CAMARA<\/strong><\/p>\n","protected":false},"excerpt":{"rendered":"<p>Il y a des promesses qui rassurent un peuple, et d\u2019autres qui le marquent au fer rouge lorsqu\u2019elles sont trahies. Lorsque le G\u00e9n\u00e9ral Mamadi Doumbouya, fra\u00eechement arriv\u00e9 \u00e0 la t\u00eate du pays en septembre 2021, annon\u00e7ait qu\u2019il ne serait \u00ab ni candidat, ni int\u00e9ress\u00e9 par la politique \u00bb, beaucoup avaient vu en cette d\u00e9claration un [&hellip;]<\/p>\n","protected":false},"author":123458,"featured_media":9796,"comment_status":"open","ping_status":"open","sticky":false,"template":"","format":"standard","meta":{"_acf_changed":false,"footnotes":""},"categories":[11,59,2],"tags":[],"class_list":["post-9795","post","type-post","status-publish","format-standard","has-post-thumbnail","hentry","category-actualite","category-nationale","category-politique"],"acf":[],"_links":{"self":[{"href":"https:\/\/lereveil224.info\/index.php\/wp-json\/wp\/v2\/posts\/9795","targetHints":{"allow":["GET"]}}],"collection":[{"href":"https:\/\/lereveil224.info\/index.php\/wp-json\/wp\/v2\/posts"}],"about":[{"href":"https:\/\/lereveil224.info\/index.php\/wp-json\/wp\/v2\/types\/post"}],"author":[{"embeddable":true,"href":"https:\/\/lereveil224.info\/index.php\/wp-json\/wp\/v2\/users\/123458"}],"replies":[{"embeddable":true,"href":"https:\/\/lereveil224.info\/index.php\/wp-json\/wp\/v2\/comments?post=9795"}],"version-history":[{"count":1,"href":"https:\/\/lereveil224.info\/index.php\/wp-json\/wp\/v2\/posts\/9795\/revisions"}],"predecessor-version":[{"id":9797,"href":"https:\/\/lereveil224.info\/index.php\/wp-json\/wp\/v2\/posts\/9795\/revisions\/9797"}],"wp:featuredmedia":[{"embeddable":true,"href":"https:\/\/lereveil224.info\/index.php\/wp-json\/wp\/v2\/media\/9796"}],"wp:attachment":[{"href":"https:\/\/lereveil224.info\/index.php\/wp-json\/wp\/v2\/media?parent=9795"}],"wp:term":[{"taxonomy":"category","embeddable":true,"href":"https:\/\/lereveil224.info\/index.php\/wp-json\/wp\/v2\/categories?post=9795"},{"taxonomy":"post_tag","embeddable":true,"href":"https:\/\/lereveil224.info\/index.php\/wp-json\/wp\/v2\/tags?post=9795"}],"curies":[{"name":"wp","href":"https:\/\/api.w.org\/{rel}","templated":true}]}}