{"id":976,"date":"2023-04-09T12:54:34","date_gmt":"2023-04-09T12:54:34","guid":{"rendered":"https:\/\/lereveil224.info\/?p=976"},"modified":"2023-04-09T13:11:31","modified_gmt":"2023-04-09T13:11:31","slug":"nzerekore-conference-religieuse-a-linitiative-de-samsou-dine","status":"publish","type":"post","link":"https:\/\/lereveil224.info\/index.php\/2023\/04\/09\/nzerekore-conference-religieuse-a-linitiative-de-samsou-dine\/","title":{"rendered":"N&rsquo;Z\u00e9r\u00e9kor\u00e9: Conf\u00e9rence Religieuse \u00e0 l&rsquo;initiative de Samsou D\u00eene"},"content":{"rendered":"\t\t<div data-elementor-type=\"wp-post\" data-elementor-id=\"976\" class=\"elementor elementor-976\">\n\t\t\t\t\t\t<section class=\"elementor-section elementor-top-section elementor-element elementor-element-260da9e elementor-section-boxed elementor-section-height-default elementor-section-height-default\" data-id=\"260da9e\" data-element_type=\"section\" data-e-type=\"section\">\n\t\t\t\t\t\t<div class=\"elementor-container elementor-column-gap-default\">\n\t\t\t\t\t<div class=\"elementor-column elementor-col-100 elementor-top-column elementor-element elementor-element-9e4921f\" data-id=\"9e4921f\" data-element_type=\"column\" data-e-type=\"column\">\n\t\t\t<div class=\"elementor-widget-wrap elementor-element-populated\">\n\t\t\t\t\t\t<div class=\"elementor-element elementor-element-4936fa6 elementor-widget elementor-widget-text-editor\" data-id=\"4936fa6\" data-element_type=\"widget\" data-e-type=\"widget\" data-widget_type=\"text-editor.default\">\n\t\t\t\t<div class=\"elementor-widget-container\">\n\t\t\t\t\t\t\t\t\t<p>La maison des jeunes de <strong>N&rsquo;Z\u00e9r\u00e9kor\u00e9<\/strong> a servi de cadre \u00e0 la tenue de ce grand <strong>Dawa<\/strong>, ce dimanche 9 avril 2023.<\/p><p>En effet, c&rsquo;est \u00e0 l&rsquo;initiative de l&rsquo;association <strong>Samsou<\/strong> <strong>D\u00eene<\/strong>, que ce grand Dawa, tenu par le coll\u00e8ge des imams, s&rsquo;est tenu des 10h30 \u00e0 12h.<\/p><p>Prenant la parole l&rsquo;imam<strong> Cheick Abdoulaye Sanoh<\/strong>, pr\u00e9cise\u00a0 &lt;&lt;<em>Le je\u00fbne a des m\u00e9rites dont seul Dieu <\/em><em>connais la r\u00e9compense. C&rsquo;est pour cette raison nous demandons aux fid\u00e8les musulmans de faire preuve <\/em><em>de pardon et de pi\u00e9t\u00e9 en ce mois. Mais surtout dans les dix derni\u00e8res nuits du mois saint de Ramadan <\/em><em>qui commence bient\u00f4t,&#8230;<\/em>&gt;&gt;<\/p><p>Pour <strong>Mariame Camara<\/strong>, participante &lt;&lt;<em> je suis tr\u00e8s contente de participer \u00e0 cette conf\u00e9rence islamique, q<\/em><em>ui m&rsquo;a permis de comprendre beaucoup de choses sur la pri\u00e8re. Mais aussi sur le je\u00fbne et les <\/em><em>r\u00e9compenses des 10 derniers jours.<\/em>&gt;&gt;<\/p><p>&lt;&lt;<em>C&rsquo;est pour moi une satisfaction r\u00e9elle non seulement pour la mobilisation mais aussi la qualit\u00e9 du message par rapport aux r\u00e9compenses des dix derni\u00e8res nuits du mois de Ramadan<\/em> &gt;&gt; dira <strong>Noumouk\u00e9 Kaba<\/strong>, pr\u00e9sident de la jeunesse de l&rsquo;association Samsou D\u00eene.<\/p><p>A noter que cette conf\u00e9rence a connu la la pr\u00e9sence de plusieurs associations de Femmes et de Jeunes mais aussi des personnalit\u00e9s au niveau local.<\/p>\t\t\t\t\t\t\t\t<\/div>\n\t\t\t\t<\/div>\n\t\t\t\t<div class=\"elementor-element elementor-element-cc7fe05 elementor-widget elementor-widget-image\" data-id=\"cc7fe05\" data-element_type=\"widget\" data-e-type=\"widget\" data-widget_type=\"image.default\">\n\t\t\t\t<div class=\"elementor-widget-container\">\n\t\t\t\t\t\t\t\t\t\t\t\t\t\t\t<img fetchpriority=\"high\" decoding=\"async\" width=\"720\" height=\"327\" src=\"https:\/\/lereveil224.info\/wp-content\/uploads\/2023\/04\/IMG_1681043698376_1.jpg\" class=\"attachment-large size-large wp-image-983\" alt=\"\" srcset=\"https:\/\/lereveil224.info\/wp-content\/uploads\/2023\/04\/IMG_1681043698376_1.jpg 720w, https:\/\/lereveil224.info\/wp-content\/uploads\/2023\/04\/IMG_1681043698376_1-300x136.jpg 300w\" sizes=\"(max-width: 720px) 100vw, 720px\" \/>\t\t\t\t\t\t\t\t\t\t\t\t\t\t\t<\/div>\n\t\t\t\t<\/div>\n\t\t\t\t<div class=\"elementor-element elementor-element-79d888c elementor-widget elementor-widget-text-editor\" data-id=\"79d888c\" data-element_type=\"widget\" data-e-type=\"widget\" data-widget_type=\"text-editor.default\">\n\t\t\t\t<div class=\"elementor-widget-container\">\n\t\t\t\t\t\t\t\t\t<p><strong>Thierno Amadou Diallo pour lereveil224.info<\/strong><\/p>\t\t\t\t\t\t\t\t<\/div>\n\t\t\t\t<\/div>\n\t\t\t\t\t<\/div>\n\t\t<\/div>\n\t\t\t\t\t<\/div>\n\t\t<\/section>\n\t\t\t\t<\/div>\n\t\t","protected":false},"excerpt":{"rendered":"<p>La maison des jeunes de N&rsquo;Z\u00e9r\u00e9kor\u00e9 a servi de cadre \u00e0 la tenue de ce grand Dawa, ce dimanche 9 avril 2023. En effet, c&rsquo;est \u00e0 l&rsquo;initiative de l&rsquo;association Samsou D\u00eene, que ce grand Dawa, tenu par le coll\u00e8ge des imams, s&rsquo;est tenu des 10h30 \u00e0 12h. Prenant la parole l&rsquo;imam Cheick Abdoulaye Sanoh, pr\u00e9cise\u00a0 [&hellip;]<\/p>\n","protected":false},"author":123457,"featured_media":977,"comment_status":"open","ping_status":"open","sticky":false,"template":"","format":"standard","meta":{"_acf_changed":false,"footnotes":""},"categories":[11,27],"tags":[],"class_list":["post-976","post","type-post","status-publish","format-standard","has-post-thumbnail","hentry","category-actualite","category-religieux"],"acf":[],"_links":{"self":[{"href":"https:\/\/lereveil224.info\/index.php\/wp-json\/wp\/v2\/posts\/976","targetHints":{"allow":["GET"]}}],"collection":[{"href":"https:\/\/lereveil224.info\/index.php\/wp-json\/wp\/v2\/posts"}],"about":[{"href":"https:\/\/lereveil224.info\/index.php\/wp-json\/wp\/v2\/types\/post"}],"author":[{"embeddable":true,"href":"https:\/\/lereveil224.info\/index.php\/wp-json\/wp\/v2\/users\/123457"}],"replies":[{"embeddable":true,"href":"https:\/\/lereveil224.info\/index.php\/wp-json\/wp\/v2\/comments?post=976"}],"version-history":[{"count":10,"href":"https:\/\/lereveil224.info\/index.php\/wp-json\/wp\/v2\/posts\/976\/revisions"}],"predecessor-version":[{"id":989,"href":"https:\/\/lereveil224.info\/index.php\/wp-json\/wp\/v2\/posts\/976\/revisions\/989"}],"wp:featuredmedia":[{"embeddable":true,"href":"https:\/\/lereveil224.info\/index.php\/wp-json\/wp\/v2\/media\/977"}],"wp:attachment":[{"href":"https:\/\/lereveil224.info\/index.php\/wp-json\/wp\/v2\/media?parent=976"}],"wp:term":[{"taxonomy":"category","embeddable":true,"href":"https:\/\/lereveil224.info\/index.php\/wp-json\/wp\/v2\/categories?post=976"},{"taxonomy":"post_tag","embeddable":true,"href":"https:\/\/lereveil224.info\/index.php\/wp-json\/wp\/v2\/tags?post=976"}],"curies":[{"name":"wp","href":"https:\/\/api.w.org\/{rel}","templated":true}]}}