{"id":9656,"date":"2025-11-23T21:06:10","date_gmt":"2025-11-23T21:06:10","guid":{"rendered":"https:\/\/lereveil224.info\/?p=9656"},"modified":"2025-11-23T21:06:13","modified_gmt":"2025-11-23T21:06:13","slug":"emmanuel-macron-au-gabon-une-visite-eclair-pour-relancer-un-partenariat-strategique-apres-lere-bongo","status":"publish","type":"post","link":"https:\/\/lereveil224.info\/index.php\/2025\/11\/23\/emmanuel-macron-au-gabon-une-visite-eclair-pour-relancer-un-partenariat-strategique-apres-lere-bongo\/","title":{"rendered":"Emmanuel Macron au Gabon : une visite \u00e9clair pour relancer un partenariat strat\u00e9gique apr\u00e8s l\u2019\u00e8re Bongo"},"content":{"rendered":"\n<p>L\u2019arriv\u00e9e d\u2019Emmanuel Macron \u00e0 Libreville, ce dimanche 23 novembre, marque une \u00e9tape symbolique dans la recomposition des relations entre la France et le Gabon. Deux ans apr\u00e8s la fin de l\u2019\u00e8re Bongo et sept mois apr\u00e8s l\u2019\u00e9lection de Brice Oligui Nguema, le pr\u00e9sident fran\u00e7ais vient tester les contours d\u2019un partenariat qu\u2019il souhaite \u00ab renforcer et renouveler \u00bb, tout en s\u2019inscrivant dans une dynamique diplomatique plus large entam\u00e9e \u00e0 l\u2019\u00eele Maurice puis en Afrique du Sud.<\/p>\n\n\n\n<p>Le chef de l\u2019\u00c9tat fran\u00e7ais a atterri \u00e0 17h30, accueilli avec faste par son homologue gabonais. Vingt-et-un coups de canon ont r\u00e9sonn\u00e9 sur le tarmac, rappelant le poids symbolique d\u2019une relation historique qui tente d\u00e9sormais de s\u2019adapter aux r\u00e9alit\u00e9s politiques nouvelles du pays. Brice Oligui Nguema, qui a dirig\u00e9 dix-neuf mois de transition avant son \u00e9lection en avril, a r\u00e9serv\u00e9 un protocole digne des grandes visites officielles, bien que le s\u00e9jour du pr\u00e9sident fran\u00e7ais soit annonc\u00e9 comme tr\u00e8s court.<\/p>\n\n\n\n<p>Dans les couloirs du palais du Bord de mer, les deux dirigeants ont engag\u00e9 des discussions portant sur la coop\u00e9ration \u00e9conomique, la transition politique gabonaise et les grands projets d\u2019infrastructures. Une d\u00e9claration conjointe \u00e0 la presse est attendue, signe que les deux parties veulent afficher une ligne commune, m\u00eame si les contours pr\u00e9cis de cette relance bilat\u00e9rale restent encore \u00e0 pr\u00e9ciser.<\/p>\n\n\n\n<p>L\u2019image la plus comment\u00e9e sera sans doute celle attendue demain matin, lorsque Brice Oligui Nguema lui-m\u00eame conduira Emmanuel Macron \u00e0 travers le quartier de la Baie des Rois, vaste chantier d\u2019am\u00e9nagement du front de mer de Libreville. Un geste rare, interpr\u00e9t\u00e9 par certains comme un signe de proximit\u00e9, par d\u2019autres comme un simple exercice protocolaire.<\/p>\n\n\n\n<p>Sur les trottoirs de Libreville pourtant, l\u2019ambiance est loin de l\u2019effervescence. Beaucoup de Gabonais expriment une certaine distance face \u00e0 cette visite jug\u00e9e ordinaire. Pour Anges Kevin Nzigou, figure du parti FDS et d\u00e9sormais soutien du pr\u00e9sident Oligui Nguema, rien ne justifie une surexcitation particuli\u00e8re. Selon lui, la relation entre les deux pays s\u2019inscrit dans une continuit\u00e9 assum\u00e9e : \u00ab Ce n\u2019est pas seulement Emmanuel Macron qui vient parachever la transition, mais aussi Brice Oligui Nguema qui lui offre un accueil appr\u00e9ciable dans la r\u00e9gion. \u00bb<\/p>\n\n\n\n<p>Cette \u00e9tape gabonaise, avant un d\u00e9placement pr\u00e9vu lundi en Angola, illustre la volont\u00e9 du pr\u00e9sident fran\u00e7ais de maintenir un lien fort avec une r\u00e9gion en pleine recomposition politique. Reste \u00e0 savoir si cette visite express parviendra \u00e0 poser les bases d\u2019un partenariat r\u00e9ellement renouvel\u00e9, au-del\u00e0 des symboles et des gestes diplomatiques.<\/p>\n\n\n\n<p><strong>Mamadouba CAMARA<\/strong><\/p>\n","protected":false},"excerpt":{"rendered":"<p>L\u2019arriv\u00e9e d\u2019Emmanuel Macron \u00e0 Libreville, ce dimanche 23 novembre, marque une \u00e9tape symbolique dans la recomposition des relations entre la France et le Gabon. Deux ans apr\u00e8s la fin de l\u2019\u00e8re Bongo et sept mois apr\u00e8s l\u2019\u00e9lection de Brice Oligui Nguema, le pr\u00e9sident fran\u00e7ais vient tester les contours d\u2019un partenariat qu\u2019il souhaite \u00ab renforcer et [&hellip;]<\/p>\n","protected":false},"author":123458,"featured_media":9657,"comment_status":"open","ping_status":"open","sticky":false,"template":"","format":"standard","meta":{"_acf_changed":false,"footnotes":""},"categories":[11,29,2],"tags":[],"class_list":["post-9656","post","type-post","status-publish","format-standard","has-post-thumbnail","hentry","category-actualite","category-continentale","category-politique"],"acf":[],"_links":{"self":[{"href":"https:\/\/lereveil224.info\/index.php\/wp-json\/wp\/v2\/posts\/9656","targetHints":{"allow":["GET"]}}],"collection":[{"href":"https:\/\/lereveil224.info\/index.php\/wp-json\/wp\/v2\/posts"}],"about":[{"href":"https:\/\/lereveil224.info\/index.php\/wp-json\/wp\/v2\/types\/post"}],"author":[{"embeddable":true,"href":"https:\/\/lereveil224.info\/index.php\/wp-json\/wp\/v2\/users\/123458"}],"replies":[{"embeddable":true,"href":"https:\/\/lereveil224.info\/index.php\/wp-json\/wp\/v2\/comments?post=9656"}],"version-history":[{"count":1,"href":"https:\/\/lereveil224.info\/index.php\/wp-json\/wp\/v2\/posts\/9656\/revisions"}],"predecessor-version":[{"id":9658,"href":"https:\/\/lereveil224.info\/index.php\/wp-json\/wp\/v2\/posts\/9656\/revisions\/9658"}],"wp:featuredmedia":[{"embeddable":true,"href":"https:\/\/lereveil224.info\/index.php\/wp-json\/wp\/v2\/media\/9657"}],"wp:attachment":[{"href":"https:\/\/lereveil224.info\/index.php\/wp-json\/wp\/v2\/media?parent=9656"}],"wp:term":[{"taxonomy":"category","embeddable":true,"href":"https:\/\/lereveil224.info\/index.php\/wp-json\/wp\/v2\/categories?post=9656"},{"taxonomy":"post_tag","embeddable":true,"href":"https:\/\/lereveil224.info\/index.php\/wp-json\/wp\/v2\/tags?post=9656"}],"curies":[{"name":"wp","href":"https:\/\/api.w.org\/{rel}","templated":true}]}}