{"id":9578,"date":"2025-11-20T18:58:22","date_gmt":"2025-11-20T18:58:22","guid":{"rendered":"https:\/\/lereveil224.info\/?p=9578"},"modified":"2025-11-20T18:58:24","modified_gmt":"2025-11-20T18:58:24","slug":"guinee-bah-oury-lance-levaluation-decisive-des-performances-ministerielles-pour-2026","status":"publish","type":"post","link":"https:\/\/lereveil224.info\/index.php\/2025\/11\/20\/guinee-bah-oury-lance-levaluation-decisive-des-performances-ministerielles-pour-2026\/","title":{"rendered":"Guin\u00e9e : Bah Oury lance l\u2019\u00e9valuation d\u00e9cisive des performances minist\u00e9rielles pour 2026"},"content":{"rendered":"\n<p>Le gouvernement guin\u00e9en vient d\u2019ouvrir une s\u00e9quence cruciale de son dispositif de gouvernance. Ce jeudi 20 novembre 2025, le Premier ministre Bah Oury a officiellement lanc\u00e9 l\u2019\u00e9valuation finale des Contrats Annuels de Performance (CAP), un rituel d\u00e9sormais incontournable pour mesurer l\u2019efficacit\u00e9 de l\u2019action publique. L\u2019exercice s\u2019inscrit dans le cadre national de pilotage et de redevabilit\u00e9, instaur\u00e9 depuis la signature des lettres de mission remises \u00e0 chaque ministre. Il vise \u00e0 appr\u00e9cier l\u2019ex\u00e9cution des engagements, identifier les obstacles rencontr\u00e9s et tracer les priorit\u00e9s pour l\u2019ann\u00e9e prochaine.<\/p>\n\n\n\n<p>Pour cette premi\u00e8re journ\u00e9e, c\u2019est le Minist\u00e8re de l\u2019Administration du Territoire et de la D\u00e9centralisation (MATD) qui a ouvert les travaux devant la Commission d\u2019\u00e9valuation. Une ann\u00e9e \u00ab charni\u00e8re \u00bb, selon ses responsables, marqu\u00e9e par plusieurs chantiers majeurs. Le d\u00e9partement a notamment mis en avant la pr\u00e9paration et l\u2019organisation des \u00e9ch\u00e9ances \u00e9lectorales, le renforcement du contr\u00f4le et de la gestion des fronti\u00e8res, l\u2019am\u00e9lioration des dispositifs de r\u00e9ponse face aux catastrophes, ainsi que les avanc\u00e9es obtenues gr\u00e2ce aux interventions de l\u2019Agence nationale de financement des collectivit\u00e9s (ANAFIC), un acteur cl\u00e9 dans la transformation du d\u00e9veloppement local.<\/p>\n\n\n\n<p>\u00c0 l\u2019issue de la pr\u00e9sentation, le Secr\u00e9taire g\u00e9n\u00e9ral du MATD, Mohamed Sikh\u00e9 Camara, a soulign\u00e9 l\u2019orientation prioritaire rappel\u00e9e par le Premier ministre. \u00ab Le Premier ministre a insist\u00e9 sur un point tr\u00e8s important : poursuivre le processus de d\u00e9centralisation \u00e0 travers la mise en place de la charte de la d\u00e9concentration, un axe majeur dans le renforcement du r\u00f4le des gouvernants en mati\u00e8re de territorialisation \u00bb, a-t-il d\u00e9clar\u00e9. Cette charte, attendue depuis plusieurs ann\u00e9es, doit permettre d\u2019acc\u00e9l\u00e9rer la distribution des comp\u00e9tences, rapprocher l\u2019administration des citoyens et am\u00e9liorer l\u2019efficacit\u00e9 de l\u2019action publique au niveau local.<\/p>\n\n\n\n<p>Apr\u00e8s le MATD, d\u2019autres minist\u00e8res ont d\u00e9fil\u00e9 devant la Commission pour pr\u00e9senter leurs r\u00e9sultats et justifier les \u00e9carts \u00e9ventuels entre objectifs et r\u00e9alisations. Ce processus d\u2019\u00e9valuation se poursuivra jusqu\u2019au 25 novembre. Il permettra au gouvernement de dresser un tableau pr\u00e9cis des performances sectorielles et d\u2019ajuster les orientations strat\u00e9giques avant l\u2019entr\u00e9e dans l\u2019ann\u00e9e 2026.<\/p>\n\n\n\n<p>\u00c0 travers cette d\u00e9marche, l\u2019ex\u00e9cutif r\u00e9affirme sa volont\u00e9 de renforcer la transparence, la responsabilit\u00e9 des institutions et l\u2019exigence de r\u00e9sultats. Une dynamique indispensable pour consolider la confiance citoyenne et am\u00e9liorer la qualit\u00e9 de la gouvernance publique.<\/p>\n\n\n\n<p><strong>Mamadouba CAMARA<\/strong><\/p>\n","protected":false},"excerpt":{"rendered":"<p>Le gouvernement guin\u00e9en vient d\u2019ouvrir une s\u00e9quence cruciale de son dispositif de gouvernance. Ce jeudi 20 novembre 2025, le Premier ministre Bah Oury a officiellement lanc\u00e9 l\u2019\u00e9valuation finale des Contrats Annuels de Performance (CAP), un rituel d\u00e9sormais incontournable pour mesurer l\u2019efficacit\u00e9 de l\u2019action publique. L\u2019exercice s\u2019inscrit dans le cadre national de pilotage et de redevabilit\u00e9, [&hellip;]<\/p>\n","protected":false},"author":123458,"featured_media":9579,"comment_status":"open","ping_status":"open","sticky":false,"template":"","format":"standard","meta":{"_acf_changed":false,"footnotes":""},"categories":[11,59,2],"tags":[],"class_list":["post-9578","post","type-post","status-publish","format-standard","has-post-thumbnail","hentry","category-actualite","category-nationale","category-politique"],"acf":[],"_links":{"self":[{"href":"https:\/\/lereveil224.info\/index.php\/wp-json\/wp\/v2\/posts\/9578","targetHints":{"allow":["GET"]}}],"collection":[{"href":"https:\/\/lereveil224.info\/index.php\/wp-json\/wp\/v2\/posts"}],"about":[{"href":"https:\/\/lereveil224.info\/index.php\/wp-json\/wp\/v2\/types\/post"}],"author":[{"embeddable":true,"href":"https:\/\/lereveil224.info\/index.php\/wp-json\/wp\/v2\/users\/123458"}],"replies":[{"embeddable":true,"href":"https:\/\/lereveil224.info\/index.php\/wp-json\/wp\/v2\/comments?post=9578"}],"version-history":[{"count":1,"href":"https:\/\/lereveil224.info\/index.php\/wp-json\/wp\/v2\/posts\/9578\/revisions"}],"predecessor-version":[{"id":9580,"href":"https:\/\/lereveil224.info\/index.php\/wp-json\/wp\/v2\/posts\/9578\/revisions\/9580"}],"wp:featuredmedia":[{"embeddable":true,"href":"https:\/\/lereveil224.info\/index.php\/wp-json\/wp\/v2\/media\/9579"}],"wp:attachment":[{"href":"https:\/\/lereveil224.info\/index.php\/wp-json\/wp\/v2\/media?parent=9578"}],"wp:term":[{"taxonomy":"category","embeddable":true,"href":"https:\/\/lereveil224.info\/index.php\/wp-json\/wp\/v2\/categories?post=9578"},{"taxonomy":"post_tag","embeddable":true,"href":"https:\/\/lereveil224.info\/index.php\/wp-json\/wp\/v2\/tags?post=9578"}],"curies":[{"name":"wp","href":"https:\/\/api.w.org\/{rel}","templated":true}]}}