{"id":9574,"date":"2025-11-20T18:34:29","date_gmt":"2025-11-20T18:34:29","guid":{"rendered":"https:\/\/lereveil224.info\/?p=9574"},"modified":"2025-11-20T18:34:30","modified_gmt":"2025-11-20T18:34:30","slug":"dernier-virage-pour-les-journalistes-la-hac-fixe-un-ultimatum-pour-la-carte-de-presse-2025-2027","status":"publish","type":"post","link":"https:\/\/lereveil224.info\/index.php\/2025\/11\/20\/dernier-virage-pour-les-journalistes-la-hac-fixe-un-ultimatum-pour-la-carte-de-presse-2025-2027\/","title":{"rendered":"Dernier virage pour les journalistes : la HAC fixe un ultimatum pour la carte de presse 2025-2027"},"content":{"rendered":"\n<p>\u00c0 quelques semaines d\u2019une \u00e9lection pr\u00e9sidentielle d\u00e9cisive pour l\u2019avenir du pays, la Haute Autorit\u00e9 de la Communication (HAC) met un point final \u00e0 toute h\u00e9sitation. L\u2019institution a annonc\u00e9 que la date limite de d\u00e9p\u00f4t des demandes de carte de presse professionnelle est fix\u00e9e au vendredi 28 novembre 2025. Au-del\u00e0 de ce d\u00e9lai, aucune demande ne sera accept\u00e9e pour le cycle 2025-2027. Cette d\u00e9cision, ferme et sans appel, place les journalistes guin\u00e9ens face \u00e0 une obligation administrative incontournable.<\/p>\n\n\n\n<p>Dans un contexte o\u00f9 la couverture m\u00e9diatique sera au c\u0153ur des enjeux politiques du 28 d\u00e9cembre prochain, la HAC rappelle une r\u00e8gle essentielle : aucun journaliste ne pourra participer \u00e0 la couverture de la pr\u00e9sidentielle s&rsquo;il ne d\u00e9tient pas sa carte d\u2019identit\u00e9 professionnelle. Ce rappel, qui peut sembler strict, traduit pourtant une volont\u00e9 affich\u00e9e de renforcer la cr\u00e9dibilit\u00e9 du secteur m\u00e9diatique, de pr\u00e9venir les d\u00e9rives et d\u2019identifier clairement les acteurs habilit\u00e9s \u00e0 travailler sur le terrain.<\/p>\n\n\n\n<p>Pour la HAC, cette exigence s\u2019inscrit dans une d\u00e9marche de professionnalisation. Dans un paysage m\u00e9diatique souvent travers\u00e9 par des individus non form\u00e9s ou non reconnus, l\u2019autorit\u00e9 souhaite consolider la discipline et prot\u00e9ger l\u2019int\u00e9grit\u00e9 du m\u00e9tier. L\u2019enjeu est d\u2019autant plus crucial que les p\u00e9riodes \u00e9lectorales sont propices aux tensions, aux intoxications informatives et aux manipulations de tout genre. En conditionnant l\u2019acc\u00e8s aux activit\u00e9s de couverture \u00e0 la possession de la carte professionnelle, l\u2019institution entend garantir que seules les personnes qualifi\u00e9es et enregistr\u00e9es puissent intervenir.<\/p>\n\n\n\n<p>Cette mesure place \u00e9galement les r\u00e9dactions devant une responsabilit\u00e9 organisationnelle. Directeurs de publications, responsables de r\u00e9daction et chefs d\u2019\u00e9quipes devront s\u2019assurer que leurs journalistes sont en r\u00e8gle afin d\u2019\u00e9viter tout blocage le jour du scrutin. Pour les reporters et les correspondants r\u00e9gionaux, souvent confront\u00e9s \u00e0 des difficult\u00e9s logistiques, cette annonce sonne comme une course contre la montre. Le respect de la deadline sera d\u00e9terminant pour exercer en toute l\u00e9galit\u00e9 et acc\u00e9der aux espaces r\u00e9serv\u00e9s \u00e0 la presse durant la campagne et le jour du vote.<\/p>\n\n\n\n<p>Au-del\u00e0 du cadre administratif, cette d\u00e9cision relance aussi le d\u00e9bat sur la structuration du m\u00e9tier de journaliste en Guin\u00e9e. Beaucoup y voient une opportunit\u00e9 d\u2019assainir le secteur, tandis que d\u2019autres estiment que les d\u00e9marches restent parfois lourdes et centralis\u00e9es. Mais une chose est certaine : en fixant ce dernier d\u00e9lai, la HAC envoie un message clair sur les standards attendus et la place que doit occuper la presse dans un processus \u00e9lectoral transparent.<\/p>\n\n\n\n<p>\u00c0 l\u2019approche de l\u2019\u00e9ch\u00e9ance du 28 novembre, les professionnels des m\u00e9dias sont donc appel\u00e9s \u00e0 se mobiliser sans tarder. Obtenir la carte de presse n\u2019est plus une simple formalit\u00e9, c\u2019est d\u00e9sormais un passeport indispensable pour participer \u00e0 l\u2019un des moments les plus importants de la vie d\u00e9mocratique nationale. Ceux qui manqueront cette \u00e9tape seront tout simplement mis hors-jeu pour la p\u00e9riode 2025-2027.<\/p>\n\n\n\n<p><strong><em>Ci-dessous le communiqu\u00e9 :<\/em><\/strong><\/p>\n\n\n\n<figure class=\"wp-block-image size-large\"><img fetchpriority=\"high\" decoding=\"async\" width=\"720\" height=\"1024\" src=\"https:\/\/lereveil224.info\/wp-content\/uploads\/2025\/11\/FB_IMG_1763661211973-720x1024.jpg\" alt=\"\" class=\"wp-image-9576\" srcset=\"https:\/\/lereveil224.info\/wp-content\/uploads\/2025\/11\/FB_IMG_1763661211973-720x1024.jpg 720w, https:\/\/lereveil224.info\/wp-content\/uploads\/2025\/11\/FB_IMG_1763661211973-211x300.jpg 211w, https:\/\/lereveil224.info\/wp-content\/uploads\/2025\/11\/FB_IMG_1763661211973-768x1093.jpg 768w, https:\/\/lereveil224.info\/wp-content\/uploads\/2025\/11\/FB_IMG_1763661211973.jpg 1080w\" sizes=\"(max-width: 720px) 100vw, 720px\" \/><\/figure>\n\n\n\n<p><strong>Mamadouba CAMARA<\/strong><\/p>\n","protected":false},"excerpt":{"rendered":"<p>\u00c0 quelques semaines d\u2019une \u00e9lection pr\u00e9sidentielle d\u00e9cisive pour l\u2019avenir du pays, la Haute Autorit\u00e9 de la Communication (HAC) met un point final \u00e0 toute h\u00e9sitation. L\u2019institution a annonc\u00e9 que la date limite de d\u00e9p\u00f4t des demandes de carte de presse professionnelle est fix\u00e9e au vendredi 28 novembre 2025. Au-del\u00e0 de ce d\u00e9lai, aucune demande ne [&hellip;]<\/p>\n","protected":false},"author":123458,"featured_media":9575,"comment_status":"open","ping_status":"open","sticky":false,"template":"","format":"standard","meta":{"_acf_changed":false,"footnotes":""},"categories":[11,59],"tags":[],"class_list":["post-9574","post","type-post","status-publish","format-standard","has-post-thumbnail","hentry","category-actualite","category-nationale"],"acf":[],"_links":{"self":[{"href":"https:\/\/lereveil224.info\/index.php\/wp-json\/wp\/v2\/posts\/9574","targetHints":{"allow":["GET"]}}],"collection":[{"href":"https:\/\/lereveil224.info\/index.php\/wp-json\/wp\/v2\/posts"}],"about":[{"href":"https:\/\/lereveil224.info\/index.php\/wp-json\/wp\/v2\/types\/post"}],"author":[{"embeddable":true,"href":"https:\/\/lereveil224.info\/index.php\/wp-json\/wp\/v2\/users\/123458"}],"replies":[{"embeddable":true,"href":"https:\/\/lereveil224.info\/index.php\/wp-json\/wp\/v2\/comments?post=9574"}],"version-history":[{"count":1,"href":"https:\/\/lereveil224.info\/index.php\/wp-json\/wp\/v2\/posts\/9574\/revisions"}],"predecessor-version":[{"id":9577,"href":"https:\/\/lereveil224.info\/index.php\/wp-json\/wp\/v2\/posts\/9574\/revisions\/9577"}],"wp:featuredmedia":[{"embeddable":true,"href":"https:\/\/lereveil224.info\/index.php\/wp-json\/wp\/v2\/media\/9575"}],"wp:attachment":[{"href":"https:\/\/lereveil224.info\/index.php\/wp-json\/wp\/v2\/media?parent=9574"}],"wp:term":[{"taxonomy":"category","embeddable":true,"href":"https:\/\/lereveil224.info\/index.php\/wp-json\/wp\/v2\/categories?post=9574"},{"taxonomy":"post_tag","embeddable":true,"href":"https:\/\/lereveil224.info\/index.php\/wp-json\/wp\/v2\/tags?post=9574"}],"curies":[{"name":"wp","href":"https:\/\/api.w.org\/{rel}","templated":true}]}}