{"id":9571,"date":"2025-11-20T17:47:59","date_gmt":"2025-11-20T17:47:59","guid":{"rendered":"https:\/\/lereveil224.info\/?p=9571"},"modified":"2025-11-20T17:48:01","modified_gmt":"2025-11-20T17:48:01","slug":"guinee-le-gouvernement-reaffirme-que-la-presidentielle-du-28-decembre-sera-tenue-sans-aucun-doute","status":"publish","type":"post","link":"https:\/\/lereveil224.info\/index.php\/2025\/11\/20\/guinee-le-gouvernement-reaffirme-que-la-presidentielle-du-28-decembre-sera-tenue-sans-aucun-doute\/","title":{"rendered":"Guin\u00e9e : le gouvernement r\u00e9affirme que la pr\u00e9sidentielle du 28 d\u00e9cembre sera tenue \u00ab sans aucun doute \u00bb"},"content":{"rendered":"\n<p>\u00c0 quelques semaines de la pr\u00e9sidentielle attendue le 28 d\u00e9cembre 2025, le gouvernement guin\u00e9en affiche une confiance totale. En marge de l\u2019\u00e9valuation finale des membres du gouvernement \u00e0 la Primature ce jeudi 20 novembre, le Secr\u00e9taire g\u00e9n\u00e9ral du minist\u00e8re de l\u2019Administration du territoire et de la D\u00e9centralisation (MATD), Mohamed Sikh\u00e9 Camara, a tenu \u00e0 rassurer la population : le pays est sur la bonne trajectoire et le calendrier \u00e9lectoral sera pleinement respect\u00e9.<\/p>\n\n\n\n<p>Face au comit\u00e9 d\u2019\u00e9valuation conduit par le Premier ministre, il a exprim\u00e9 sa satisfaction pour les performances enregistr\u00e9es par son d\u00e9partement, affirmant que les pr\u00e9paratifs avancent \u00ab conform\u00e9ment au d\u00e9cret pr\u00e9sidentiel \u00bb. Pour lui, les actions entreprises par le MATD ont \u00ab impact\u00e9 positivement la vie de la nation \u00bb, notamment dans un contexte o\u00f9 2025 a \u00e9t\u00e9 officiellement d\u00e9clar\u00e9e \u00ab ann\u00e9e \u00e9lectorale \u00bb par le chef de l\u2019\u00c9tat.<\/p>\n\n\n\n<p>Mohamed Sikh\u00e9 Camara est revenu sur l\u2019organisation du r\u00e9f\u00e9rendum du 21 septembre, un exercice men\u00e9 selon lui avec \u00ab engagement r\u00e9publicain \u00bb malgr\u00e9 les difficult\u00e9s. Il a soulign\u00e9 une \u00e9tape cl\u00e9 de l\u2019ann\u00e9e : la reconstitution du fichier \u00e9lectoral, un outil essentiel \u00e0 la transparence du processus. \u00ab Depuis un certain temps, la Guin\u00e9e n\u2019avait plus de fichier. Aujourd\u2019hui, un fichier \u00e9lectoral fiable existe et a servi pour le r\u00e9f\u00e9rendum \u00bb, a-t-il rappel\u00e9, avant d\u2019ajouter que ce m\u00eame fichier pr\u00e9pare d\u00e9sormais le terrain pour la pr\u00e9sidentielle.<\/p>\n\n\n\n<p>Au-del\u00e0 du volet strictement \u00e9lectoral, plusieurs chantiers ont \u00e9t\u00e9 examin\u00e9s lors de l\u2019\u00e9valuation, notamment la gestion des fronti\u00e8res, la pr\u00e9vention des catastrophes, les actions de l\u2019Anafic, la d\u00e9centralisation et le recensement administratif. Le Premier ministre aurait insist\u00e9 sur la mise en \u0153uvre effective de la charte de la d\u00e9concentration ainsi que la poursuite du PNRAVEC, consid\u00e9r\u00e9 comme \u00ab le socle de la transparence \u00bb dans l\u2019action publique.<\/p>\n\n\n\n<p>Le responsable du MATD s\u2019est dit encourag\u00e9 par les f\u00e9licitations re\u00e7ues du Premier ministre, qu\u2019il entend transmettre \u00e0 son ministre. Mais son message central reste la garantie donn\u00e9e au peuple : les \u00e9lections auront lieu \u00e0 la date pr\u00e9vue, sans report ni improvisation. \u00ab Tout est mis en \u0153uvre aujourd\u2019hui pour que le 28 d\u00e9cembre puisse se r\u00e9aliser. Le peuple de Guin\u00e9e peut \u00eatre rassur\u00e9 : l\u2019\u00e9lection sera transparente, cr\u00e9dible et accept\u00e9e de tous. \u00bb<\/p>\n\n\n\n<p><strong>Mamadouba CAMARA<\/strong><\/p>\n","protected":false},"excerpt":{"rendered":"<p>\u00c0 quelques semaines de la pr\u00e9sidentielle attendue le 28 d\u00e9cembre 2025, le gouvernement guin\u00e9en affiche une confiance totale. En marge de l\u2019\u00e9valuation finale des membres du gouvernement \u00e0 la Primature ce jeudi 20 novembre, le Secr\u00e9taire g\u00e9n\u00e9ral du minist\u00e8re de l\u2019Administration du territoire et de la D\u00e9centralisation (MATD), Mohamed Sikh\u00e9 Camara, a tenu \u00e0 rassurer [&hellip;]<\/p>\n","protected":false},"author":123458,"featured_media":9572,"comment_status":"open","ping_status":"open","sticky":false,"template":"","format":"standard","meta":{"_acf_changed":false,"footnotes":""},"categories":[11,59,2],"tags":[],"class_list":["post-9571","post","type-post","status-publish","format-standard","has-post-thumbnail","hentry","category-actualite","category-nationale","category-politique"],"acf":[],"_links":{"self":[{"href":"https:\/\/lereveil224.info\/index.php\/wp-json\/wp\/v2\/posts\/9571","targetHints":{"allow":["GET"]}}],"collection":[{"href":"https:\/\/lereveil224.info\/index.php\/wp-json\/wp\/v2\/posts"}],"about":[{"href":"https:\/\/lereveil224.info\/index.php\/wp-json\/wp\/v2\/types\/post"}],"author":[{"embeddable":true,"href":"https:\/\/lereveil224.info\/index.php\/wp-json\/wp\/v2\/users\/123458"}],"replies":[{"embeddable":true,"href":"https:\/\/lereveil224.info\/index.php\/wp-json\/wp\/v2\/comments?post=9571"}],"version-history":[{"count":1,"href":"https:\/\/lereveil224.info\/index.php\/wp-json\/wp\/v2\/posts\/9571\/revisions"}],"predecessor-version":[{"id":9573,"href":"https:\/\/lereveil224.info\/index.php\/wp-json\/wp\/v2\/posts\/9571\/revisions\/9573"}],"wp:featuredmedia":[{"embeddable":true,"href":"https:\/\/lereveil224.info\/index.php\/wp-json\/wp\/v2\/media\/9572"}],"wp:attachment":[{"href":"https:\/\/lereveil224.info\/index.php\/wp-json\/wp\/v2\/media?parent=9571"}],"wp:term":[{"taxonomy":"category","embeddable":true,"href":"https:\/\/lereveil224.info\/index.php\/wp-json\/wp\/v2\/categories?post=9571"},{"taxonomy":"post_tag","embeddable":true,"href":"https:\/\/lereveil224.info\/index.php\/wp-json\/wp\/v2\/tags?post=9571"}],"curies":[{"name":"wp","href":"https:\/\/api.w.org\/{rel}","templated":true}]}}