{"id":9419,"date":"2025-11-12T17:55:16","date_gmt":"2025-11-12T17:55:16","guid":{"rendered":"https:\/\/lereveil224.info\/?p=9419"},"modified":"2025-11-12T17:55:17","modified_gmt":"2025-11-12T17:55:17","slug":"la-candidature-de-toumba-diakite-rejetee-ses-avocats-crient-a-linjustice","status":"publish","type":"post","link":"https:\/\/lereveil224.info\/index.php\/2025\/11\/12\/la-candidature-de-toumba-diakite-rejetee-ses-avocats-crient-a-linjustice\/","title":{"rendered":"La candidature de Toumba Diakit\u00e9 rejet\u00e9e, ses avocats crient \u00e0 l\u2019injustice"},"content":{"rendered":"\n<p>La pol\u00e9mique enfle autour du rejet de la candidature d\u2019Aboubacar Sidiki Diakit\u00e9, alias Toumba, \u00e0 la prochaine \u00e9ch\u00e9ance \u00e9lectorale. Le Parti pour la R\u00e9conciliation et le Travail (PRT), dirig\u00e9 par l\u2019ancien condamn\u00e9 pour crimes contre l\u2019humanit\u00e9 dans le cadre du proc\u00e8s du 28 septembre 2009, voit sa participation refus\u00e9e, suscitant la col\u00e8re de ses avocats.<\/p>\n\n\n\n<p>Ce mercredi, Me Lancin\u00e9 Sylla et Me Paul Yomba Kourouma ont tenu une conf\u00e9rence de presse \u00e0 la Maison de la presse pour d\u00e9noncer ce qu\u2019ils qualifient de \u00ab dysfonctionnement administratif \u00bb ayant compromis le droit de leur client \u00e0 concourir.<\/p>\n\n\n\n<p>Pour Me Lancin\u00e9 Sylla, l\u2019\u00c9tat porte la responsabilit\u00e9 principale. \u00ab Par l\u2019article 129 du Code \u00e9lectoral et par la Constitution, le coll\u00e8ge m\u00e9dical n\u2019existait pas. Il a fallu une ordonnance du Premier pr\u00e9sident pour qu\u2019il soit institu\u00e9. Pourquoi, pour d\u2019autres institutions comme la commission de l\u2019application des peines, rien n\u2019a-t-il \u00e9t\u00e9 fait ? \u00bb, a-t-il interrog\u00e9. Selon lui, l\u2019impossibilit\u00e9 pour Toumba Diakit\u00e9 de se pr\u00e9senter devant ce coll\u00e8ge ne saurait \u00eatre imput\u00e9e au candidat. \u00ab \u00c0 l\u2019impossible, nul n\u2019est tenu \u00bb, a-t-il insist\u00e9, demandant \u00e0 la Cour supr\u00eame de reconsid\u00e9rer la d\u00e9cision de rejet.<\/p>\n\n\n\n<p>De son c\u00f4t\u00e9, Me Paul Yomba Kourouma a soulign\u00e9 le poids politique de son client. \u00ab En prison, Toumba est devenu une figure incontournable du pays et m\u00eame au-del\u00e0. Il a \u00e9t\u00e9 d\u00e9sign\u00e9 \u2018Homme de l\u2019ann\u00e9e\u2019 et proclam\u00e9 ambassadeur de la paix \u00bb, a-t-il rappel\u00e9. L\u2019avocat a \u00e9galement mis en avant le maillage territorial impressionnant du PRT : en trois ans, 360 bureaux ont \u00e9t\u00e9 install\u00e9s dans les 33 pr\u00e9fectures du pays et dans tous les quartiers de Conakry, avec des charges financi\u00e8res importantes, d\u00e9passant 200 millions de francs guin\u00e9ens.<\/p>\n\n\n\n<p>Sur le fond du dossier, Me Kourouma pr\u00e9cise que la candidature de Toumba Diakit\u00e9 remplissait onze pi\u00e8ces sur douze. Le seul manquement concerne l\u2019examen m\u00e9dical, rendu impossible par le refus du minist\u00e8re de la Justice de permettre sa pr\u00e9sentation devant le coll\u00e8ge m\u00e9dical. \u00ab C\u2019est une illustration claire de l\u2019inertie de l\u2019\u00c9tat \u00bb, a-t-il d\u00e9nonc\u00e9.<\/p>\n\n\n\n<p>Les avocats demandent d\u00e9sormais que justice soit rendue et que la candidature de Toumba Diakit\u00e9 soit r\u00e9tablie. \u00ab La Cour supr\u00eame a l\u2019occasion de montrer qu\u2019elle est v\u00e9ritablement la gardienne de la justice et de l\u2019\u00e9galit\u00e9 entre les candidats \u00bb, conclut Me Sylla.<\/p>\n\n\n\n<p><strong>Mamadouba CAMARA<\/strong><\/p>\n","protected":false},"excerpt":{"rendered":"<p>La pol\u00e9mique enfle autour du rejet de la candidature d\u2019Aboubacar Sidiki Diakit\u00e9, alias Toumba, \u00e0 la prochaine \u00e9ch\u00e9ance \u00e9lectorale. Le Parti pour la R\u00e9conciliation et le Travail (PRT), dirig\u00e9 par l\u2019ancien condamn\u00e9 pour crimes contre l\u2019humanit\u00e9 dans le cadre du proc\u00e8s du 28 septembre 2009, voit sa participation refus\u00e9e, suscitant la col\u00e8re de ses avocats. [&hellip;]<\/p>\n","protected":false},"author":123458,"featured_media":9420,"comment_status":"open","ping_status":"open","sticky":false,"template":"","format":"standard","meta":{"_acf_changed":false,"footnotes":""},"categories":[11,59,2],"tags":[],"class_list":["post-9419","post","type-post","status-publish","format-standard","has-post-thumbnail","hentry","category-actualite","category-nationale","category-politique"],"acf":[],"_links":{"self":[{"href":"https:\/\/lereveil224.info\/index.php\/wp-json\/wp\/v2\/posts\/9419","targetHints":{"allow":["GET"]}}],"collection":[{"href":"https:\/\/lereveil224.info\/index.php\/wp-json\/wp\/v2\/posts"}],"about":[{"href":"https:\/\/lereveil224.info\/index.php\/wp-json\/wp\/v2\/types\/post"}],"author":[{"embeddable":true,"href":"https:\/\/lereveil224.info\/index.php\/wp-json\/wp\/v2\/users\/123458"}],"replies":[{"embeddable":true,"href":"https:\/\/lereveil224.info\/index.php\/wp-json\/wp\/v2\/comments?post=9419"}],"version-history":[{"count":1,"href":"https:\/\/lereveil224.info\/index.php\/wp-json\/wp\/v2\/posts\/9419\/revisions"}],"predecessor-version":[{"id":9421,"href":"https:\/\/lereveil224.info\/index.php\/wp-json\/wp\/v2\/posts\/9419\/revisions\/9421"}],"wp:featuredmedia":[{"embeddable":true,"href":"https:\/\/lereveil224.info\/index.php\/wp-json\/wp\/v2\/media\/9420"}],"wp:attachment":[{"href":"https:\/\/lereveil224.info\/index.php\/wp-json\/wp\/v2\/media?parent=9419"}],"wp:term":[{"taxonomy":"category","embeddable":true,"href":"https:\/\/lereveil224.info\/index.php\/wp-json\/wp\/v2\/categories?post=9419"},{"taxonomy":"post_tag","embeddable":true,"href":"https:\/\/lereveil224.info\/index.php\/wp-json\/wp\/v2\/tags?post=9419"}],"curies":[{"name":"wp","href":"https:\/\/api.w.org\/{rel}","templated":true}]}}