{"id":9416,"date":"2025-11-12T15:54:26","date_gmt":"2025-11-12T15:54:26","guid":{"rendered":"https:\/\/lereveil224.info\/?p=9416"},"modified":"2025-11-12T15:54:27","modified_gmt":"2025-11-12T15:54:27","slug":"bassirou-diomaye-faye-brise-le-silence-tensions-et-fractures-au-sein-de-la-coalition-presidentielle-senegalaise","status":"publish","type":"post","link":"https:\/\/lereveil224.info\/index.php\/2025\/11\/12\/bassirou-diomaye-faye-brise-le-silence-tensions-et-fractures-au-sein-de-la-coalition-presidentielle-senegalaise\/","title":{"rendered":"Bassirou Diomaye Faye brise le silence : tensions et fractures au sein de la coalition pr\u00e9sidentielle s\u00e9n\u00e9galaise"},"content":{"rendered":"\n<p>Le vent de coh\u00e9sion qui avait port\u00e9 Bassirou Diomaye Faye \u00e0 la magistrature supr\u00eame du S\u00e9n\u00e9gal semble aujourd\u2019hui s\u2019essouffler. Dans une lettre rendue publique mardi 11 novembre, le chef de l\u2019\u00c9tat a exprim\u00e9 sa profonde inqui\u00e9tude face aux \u00ab facteurs de division \u00bb qui minent la coalition pr\u00e9sidentielle, fragilisant ainsi l\u2019unit\u00e9 politique qui l\u2019a conduit \u00e0 la victoire en mars 2024.<\/p>\n\n\n\n<p>Cette mise au point intervient dans un contexte marqu\u00e9 par des rumeurs persistantes de tensions entre le pr\u00e9sident Faye et son Premier ministre, Ousmane Sonko, figure embl\u00e9matique du mouvement politique qui a boulevers\u00e9 le paysage s\u00e9n\u00e9galais. Si les deux hommes avaient jusque-l\u00e0 affich\u00e9 une solidarit\u00e9 sans faille, les signes d\u2019un d\u00e9saccord latent commencent \u00e0 se multiplier au sommet de l\u2019\u00c9tat.<\/p>\n\n\n\n<p>Bassirou Diomaye Faye a \u00e9galement r\u00e9v\u00e9l\u00e9 avoir pris, d\u00e8s le mois de septembre, une d\u00e9cision symbolique : la r\u00e9vocation d\u2019A\u00efda Mbodj, proche d\u2019Ousmane Sonko, de ses fonctions de coordinatrice de la coalition <em>Diomaye Pr\u00e9sident<\/em>. Un geste interpr\u00e9t\u00e9 par de nombreux observateurs comme la confirmation d\u2019un climat de m\u00e9fiance au sein de l\u2019alliance au pouvoir.<\/p>\n\n\n\n<p>Pour plusieurs analystes, cette situation illustre les difficult\u00e9s d\u2019une cohabitation politique in\u00e9dite, n\u00e9e d\u2019un partenariat entre deux fortes personnalit\u00e9s li\u00e9es par la lutte, mais s\u00e9par\u00e9es par des ambitions et des visions diff\u00e9rentes de la gouvernance.<\/p>\n\n\n\n<p>Alors que le peuple s\u00e9n\u00e9galais attend des r\u00e9formes \u00e9conomiques et sociales promises durant la campagne, ces divergences internes risquent de freiner l\u2019\u00e9lan du changement tant esp\u00e9r\u00e9. Le pr\u00e9sident Faye, en appelant \u00e0 \u00ab pr\u00e9server l\u2019unit\u00e9 et la discipline \u00bb, tente de r\u00e9affirmer son autorit\u00e9 tout en maintenant un \u00e9quilibre fragile dans un paysage politique de plus en plus tendu.<\/p>\n\n\n\n<p><strong>Mamadouba CAMARA<\/strong><\/p>\n","protected":false},"excerpt":{"rendered":"<p>Le vent de coh\u00e9sion qui avait port\u00e9 Bassirou Diomaye Faye \u00e0 la magistrature supr\u00eame du S\u00e9n\u00e9gal semble aujourd\u2019hui s\u2019essouffler. Dans une lettre rendue publique mardi 11 novembre, le chef de l\u2019\u00c9tat a exprim\u00e9 sa profonde inqui\u00e9tude face aux \u00ab facteurs de division \u00bb qui minent la coalition pr\u00e9sidentielle, fragilisant ainsi l\u2019unit\u00e9 politique qui l\u2019a conduit [&hellip;]<\/p>\n","protected":false},"author":123458,"featured_media":9417,"comment_status":"open","ping_status":"open","sticky":false,"template":"","format":"standard","meta":{"_acf_changed":false,"footnotes":""},"categories":[11,29,2],"tags":[],"class_list":["post-9416","post","type-post","status-publish","format-standard","has-post-thumbnail","hentry","category-actualite","category-continentale","category-politique"],"acf":[],"_links":{"self":[{"href":"https:\/\/lereveil224.info\/index.php\/wp-json\/wp\/v2\/posts\/9416","targetHints":{"allow":["GET"]}}],"collection":[{"href":"https:\/\/lereveil224.info\/index.php\/wp-json\/wp\/v2\/posts"}],"about":[{"href":"https:\/\/lereveil224.info\/index.php\/wp-json\/wp\/v2\/types\/post"}],"author":[{"embeddable":true,"href":"https:\/\/lereveil224.info\/index.php\/wp-json\/wp\/v2\/users\/123458"}],"replies":[{"embeddable":true,"href":"https:\/\/lereveil224.info\/index.php\/wp-json\/wp\/v2\/comments?post=9416"}],"version-history":[{"count":1,"href":"https:\/\/lereveil224.info\/index.php\/wp-json\/wp\/v2\/posts\/9416\/revisions"}],"predecessor-version":[{"id":9418,"href":"https:\/\/lereveil224.info\/index.php\/wp-json\/wp\/v2\/posts\/9416\/revisions\/9418"}],"wp:featuredmedia":[{"embeddable":true,"href":"https:\/\/lereveil224.info\/index.php\/wp-json\/wp\/v2\/media\/9417"}],"wp:attachment":[{"href":"https:\/\/lereveil224.info\/index.php\/wp-json\/wp\/v2\/media?parent=9416"}],"wp:term":[{"taxonomy":"category","embeddable":true,"href":"https:\/\/lereveil224.info\/index.php\/wp-json\/wp\/v2\/categories?post=9416"},{"taxonomy":"post_tag","embeddable":true,"href":"https:\/\/lereveil224.info\/index.php\/wp-json\/wp\/v2\/tags?post=9416"}],"curies":[{"name":"wp","href":"https:\/\/api.w.org\/{rel}","templated":true}]}}