{"id":938,"date":"2023-04-09T02:19:32","date_gmt":"2023-04-09T02:19:32","guid":{"rendered":"https:\/\/lereveil224.info\/?p=938"},"modified":"2023-04-09T13:45:08","modified_gmt":"2023-04-09T13:45:08","slug":"page-noir-ex-premiere-dame-hadja-djene-kaba-conde-a-rendu-lame-ce-samedi-08-avril-2023","status":"publish","type":"post","link":"https:\/\/lereveil224.info\/index.php\/2023\/04\/09\/page-noir-ex-premiere-dame-hadja-djene-kaba-conde-a-rendu-lame-ce-samedi-08-avril-2023\/","title":{"rendered":"Page Noire: L&rsquo;Ex Premi\u00e8re Dame Hadja Dj\u00e9n\u00e8 Kaba CONDE A Rendu L\u2019\u00e2me"},"content":{"rendered":"\t\t<div data-elementor-type=\"wp-post\" data-elementor-id=\"938\" class=\"elementor elementor-938\">\n\t\t\t\t\t\t<section class=\"elementor-section elementor-top-section elementor-element elementor-element-033976a elementor-section-boxed elementor-section-height-default elementor-section-height-default\" data-id=\"033976a\" data-element_type=\"section\" data-e-type=\"section\">\n\t\t\t\t\t\t<div class=\"elementor-container elementor-column-gap-default\">\n\t\t\t\t\t<div class=\"elementor-column elementor-col-100 elementor-top-column elementor-element elementor-element-faf3b4a\" data-id=\"faf3b4a\" data-element_type=\"column\" data-e-type=\"column\">\n\t\t\t<div class=\"elementor-widget-wrap elementor-element-populated\">\n\t\t\t\t\t\t<div class=\"elementor-element elementor-element-25acc6d elementor-widget elementor-widget-text-editor\" data-id=\"25acc6d\" data-element_type=\"widget\" data-e-type=\"widget\" data-widget_type=\"text-editor.default\">\n\t\t\t\t<div class=\"elementor-widget-container\">\n\t\t\t\t\t\t\t\t\t<p>Publi\u00e9 ce <strong>Samedi, 08 avril 2023<\/strong> sur la page officielle de ses enfants, l\u2019ancienne premi\u00e8re <strong>Dame de la Guin\u00e9e Hadja Dj\u00e9n\u00e8 Kaba CONDE<\/strong> a rendu l\u2019\u00e2me par suite de maladie en <strong>France (Paris).<\/strong><\/p><p>Pour rappel, la chute du pouvoir de son mari le <strong>Prof Alpha CONDE<\/strong>, le 05 septembre 2021, a trouv\u00e9<br \/><strong>Hadja Dj\u00e9n\u00e8 Kaba CONDE<\/strong>, en s\u00e9jour en <strong>France<\/strong> aupr\u00e8s de ses trois <strong>enfants<\/strong> dont deux (2) <strong>filles<\/strong>.<\/p><p>Pour l&rsquo;heure aucun programme officiel sur le lieu et la date de l&rsquo;enterrement n&rsquo;a \u00e9t\u00e9 communiqu\u00e9 par la famille.<\/p>\t\t\t\t\t\t\t\t<\/div>\n\t\t\t\t<\/div>\n\t\t\t\t<div class=\"elementor-element elementor-element-698323a elementor-widget elementor-widget-text-editor\" data-id=\"698323a\" data-element_type=\"widget\" data-e-type=\"widget\" data-widget_type=\"text-editor.default\">\n\t\t\t\t<div class=\"elementor-widget-container\">\n\t\t\t\t\t\t\t\t\t<p><strong>Mamadouba CAMARA<\/strong> <strong>pour lereveil224.info<\/strong><\/p><p>\u00a0 \u00a0 \u00a0 \u00a0 \u00a0 \u00a0 \u00a0 \u00a0 \u00a0 \u00a0 \u00a0 \u00a0 \u00a0 \u00a0 <strong>Tel : 628518785<\/strong><\/p>\t\t\t\t\t\t\t\t<\/div>\n\t\t\t\t<\/div>\n\t\t\t\t\t<\/div>\n\t\t<\/div>\n\t\t\t\t\t<\/div>\n\t\t<\/section>\n\t\t\t\t<\/div>\n\t\t","protected":false},"excerpt":{"rendered":"<p>Publi\u00e9 ce Samedi, 08 avril 2023 sur la page officielle de ses enfants, l\u2019ancienne premi\u00e8re Dame de la Guin\u00e9e Hadja Dj\u00e9n\u00e8 Kaba CONDE a rendu l\u2019\u00e2me par suite de maladie en France (Paris). Pour rappel, la chute du pouvoir de son mari le Prof Alpha CONDE, le 05 septembre 2021, a trouv\u00e9 Hadja Dj\u00e9n\u00e8 Kaba [&hellip;]<\/p>\n","protected":false},"author":123457,"featured_media":1004,"comment_status":"open","ping_status":"open","sticky":false,"template":"","format":"standard","meta":{"_acf_changed":false,"footnotes":""},"categories":[18],"tags":[],"class_list":["post-938","post","type-post","status-publish","format-standard","has-post-thumbnail","hentry","category-region"],"acf":[],"_links":{"self":[{"href":"https:\/\/lereveil224.info\/index.php\/wp-json\/wp\/v2\/posts\/938","targetHints":{"allow":["GET"]}}],"collection":[{"href":"https:\/\/lereveil224.info\/index.php\/wp-json\/wp\/v2\/posts"}],"about":[{"href":"https:\/\/lereveil224.info\/index.php\/wp-json\/wp\/v2\/types\/post"}],"author":[{"embeddable":true,"href":"https:\/\/lereveil224.info\/index.php\/wp-json\/wp\/v2\/users\/123457"}],"replies":[{"embeddable":true,"href":"https:\/\/lereveil224.info\/index.php\/wp-json\/wp\/v2\/comments?post=938"}],"version-history":[{"count":14,"href":"https:\/\/lereveil224.info\/index.php\/wp-json\/wp\/v2\/posts\/938\/revisions"}],"predecessor-version":[{"id":958,"href":"https:\/\/lereveil224.info\/index.php\/wp-json\/wp\/v2\/posts\/938\/revisions\/958"}],"wp:featuredmedia":[{"embeddable":true,"href":"https:\/\/lereveil224.info\/index.php\/wp-json\/wp\/v2\/media\/1004"}],"wp:attachment":[{"href":"https:\/\/lereveil224.info\/index.php\/wp-json\/wp\/v2\/media?parent=938"}],"wp:term":[{"taxonomy":"category","embeddable":true,"href":"https:\/\/lereveil224.info\/index.php\/wp-json\/wp\/v2\/categories?post=938"},{"taxonomy":"post_tag","embeddable":true,"href":"https:\/\/lereveil224.info\/index.php\/wp-json\/wp\/v2\/tags?post=938"}],"curies":[{"name":"wp","href":"https:\/\/api.w.org\/{rel}","templated":true}]}}