{"id":9321,"date":"2025-11-09T07:00:00","date_gmt":"2025-11-09T07:00:00","guid":{"rendered":"https:\/\/lereveil224.info\/?p=9321"},"modified":"2025-11-06T15:11:29","modified_gmt":"2025-11-06T15:11:29","slug":"pourquoi-la-candidature-du-general-mamadi-doumbouya-captive-la-guinee-par-mamadouba-camara-redacchef","status":"publish","type":"post","link":"https:\/\/lereveil224.info\/index.php\/2025\/11\/09\/pourquoi-la-candidature-du-general-mamadi-doumbouya-captive-la-guinee-par-mamadouba-camara-redacchef\/","title":{"rendered":"Pourquoi la candidature du G\u00e9n\u00e9ral Mamadi Doumbouya captive la Guin\u00e9e (par Mamadouba CAMARA &#8211; R\u00e9dac&rsquo;Chef)"},"content":{"rendered":"\n<p>Depuis plusieurs semaines, le nom du G\u00e9n\u00e9ral Mamadi Doumbouya revient avec insistance dans les discussions politiques, les plateaux t\u00e9l\u00e9vis\u00e9s et les r\u00e9seaux sociaux guin\u00e9ens. Le chef de l\u2019\u00c9tat, arriv\u00e9 au pouvoir en septembre 2021 \u00e0 la suite d\u2019un coup d\u2019\u00c9tat, semble d\u00e9sormais se pr\u00e9parer \u00e0 franchir une nouvelle \u00e9tape : celle de la l\u00e9gitimit\u00e9 \u00e9lectorale. Mais pourquoi sa candidature attire-t-elle autant d\u2019attention, de d\u00e9bats et d\u2019enjeux ?<\/p>\n\n\n\n<h4 class=\"wp-block-heading\">Un symbole de rupture toujours vivant<\/h4>\n\n\n\n<p>Pour beaucoup de Guin\u00e9ens, Mamadi Doumbouya incarne toujours la rupture avec un ancien syst\u00e8me politique jug\u00e9 corrompu et d\u00e9connect\u00e9 du peuple. Lorsqu\u2019il a pris le pouvoir, il promettait de \u00ab refonder l\u2019\u00c9tat \u00bb, de restaurer la justice et de reb\u00e2tir la confiance entre les institutions et les citoyens.<br>M\u00eame si cette promesse a \u00e9t\u00e9 difficile \u00e0 concr\u00e9tiser dans un contexte \u00e9conomique tendu, une partie de la population continue de voir en lui un homme fort, capable d\u2019imposer l\u2019ordre et de garantir la stabilit\u00e9.<\/p>\n\n\n\n<h4 class=\"wp-block-heading\">Une posture d\u2019homme d\u2019\u00c9tat<\/h4>\n\n\n\n<p>Au fil des ann\u00e9es, le G\u00e9n\u00e9ral Doumbouya a progressivement adopt\u00e9 une posture plus pr\u00e9sidentielle. Ses discours, souvent empreints de patriotisme et de fiert\u00e9 nationale, s\u00e9duisent un \u00e9lectorat sensible \u00e0 l\u2019id\u00e9e d\u2019une Guin\u00e9e souveraine et respect\u00e9e sur la sc\u00e8ne internationale.<br>Ses tourn\u00e9es \u00e0 l\u2019int\u00e9rieur du pays, ses rencontres avec les populations locales et sa gestion symbolique des affaires nationales ont contribu\u00e9 \u00e0 renforcer son image d\u2019homme de terrain et de d\u00e9cideur ferme.<\/p>\n\n\n\n<h4 class=\"wp-block-heading\">Un pari risqu\u00e9 mais calcul\u00e9<\/h4>\n\n\n\n<p>L\u2019annonce \u00e9ventuelle de sa candidature repr\u00e9sente cependant un pari politique d\u00e9licat. En se lan\u00e7ant dans la course, Mamadi Doumbouya devra justifier le passage du statut de chef de transition \u00e0 celui de candidat, sans donner l\u2019impression d\u2019avoir d\u00e9tourn\u00e9 le processus de refondation \u00e0 son profit.<br>Ses opposants, eux, l\u2019accusent d\u00e9j\u00e0 d\u2019avoir retard\u00e9 le retour \u00e0 l\u2019ordre constitutionnel pour mieux pr\u00e9parer sa propre \u00e9lection. Mais ses partisans, plus nombreux qu\u2019on ne le pense, estiment que seul un leadership fort peut garantir la continuit\u00e9 des r\u00e9formes entam\u00e9es depuis 2021.<\/p>\n\n\n\n<h4 class=\"wp-block-heading\">L\u2019attente d\u2019un programme concret<\/h4>\n\n\n\n<p>Au-del\u00e0 de la symbolique militaire et patriotique, les \u00e9lecteurs guin\u00e9ens attendent d\u00e9sormais des solutions concr\u00e8tes : emploi des jeunes, pouvoir d\u2019achat, infrastructures, sant\u00e9 et \u00e9ducation. Pour convaincre au-del\u00e0 de ses soutiens traditionnels, le G\u00e9n\u00e9ral Doumbouya devra pr\u00e9senter une vision claire et r\u00e9aliste de la Guin\u00e9e de demain.<\/p>\n\n\n\n<h4 class=\"wp-block-heading\">Une candidature qui pourrait red\u00e9finir la sc\u00e8ne politique<\/h4>\n\n\n\n<p>Qu\u2019on l\u2019aime ou qu\u2019on le critique, la candidature du G\u00e9n\u00e9ral Mamadi Doumbouya marquera un tournant dans l\u2019histoire politique r\u00e9cente du pays. Elle mettra \u00e0 l\u2019\u00e9preuve la maturit\u00e9 du processus d\u00e9mocratique guin\u00e9en et ouvrira un nouveau chapitre o\u00f9 les questions de l\u00e9gitimit\u00e9, de continuit\u00e9 et de confiance nationale seront au centre du d\u00e9bat.<\/p>\n\n\n\n<p>L\u2019avenir dira si cette candidature sera per\u00e7ue comme l\u2019aboutissement d\u2019une transition r\u00e9ussie ou comme une simple reconduction du pouvoir sous une autre forme. Mais une chose est s\u00fbre : la Guin\u00e9e entre dans une p\u00e9riode d\u00e9cisive, et tous les regards seront tourn\u00e9s vers l\u2019homme du 5 septembre.<\/p>\n\n\n\n<p><strong>Mamadouba CAMARA<\/strong><\/p>\n","protected":false},"excerpt":{"rendered":"<p>Depuis plusieurs semaines, le nom du G\u00e9n\u00e9ral Mamadi Doumbouya revient avec insistance dans les discussions politiques, les plateaux t\u00e9l\u00e9vis\u00e9s et les r\u00e9seaux sociaux guin\u00e9ens. Le chef de l\u2019\u00c9tat, arriv\u00e9 au pouvoir en septembre 2021 \u00e0 la suite d\u2019un coup d\u2019\u00c9tat, semble d\u00e9sormais se pr\u00e9parer \u00e0 franchir une nouvelle \u00e9tape : celle de la l\u00e9gitimit\u00e9 \u00e9lectorale. [&hellip;]<\/p>\n","protected":false},"author":123458,"featured_media":9324,"comment_status":"open","ping_status":"open","sticky":false,"template":"","format":"standard","meta":{"_acf_changed":false,"footnotes":""},"categories":[11,57,2],"tags":[],"class_list":["post-9321","post","type-post","status-publish","format-standard","has-post-thumbnail","hentry","category-actualite","category-chronique","category-politique"],"acf":[],"_links":{"self":[{"href":"https:\/\/lereveil224.info\/index.php\/wp-json\/wp\/v2\/posts\/9321","targetHints":{"allow":["GET"]}}],"collection":[{"href":"https:\/\/lereveil224.info\/index.php\/wp-json\/wp\/v2\/posts"}],"about":[{"href":"https:\/\/lereveil224.info\/index.php\/wp-json\/wp\/v2\/types\/post"}],"author":[{"embeddable":true,"href":"https:\/\/lereveil224.info\/index.php\/wp-json\/wp\/v2\/users\/123458"}],"replies":[{"embeddable":true,"href":"https:\/\/lereveil224.info\/index.php\/wp-json\/wp\/v2\/comments?post=9321"}],"version-history":[{"count":2,"href":"https:\/\/lereveil224.info\/index.php\/wp-json\/wp\/v2\/posts\/9321\/revisions"}],"predecessor-version":[{"id":9323,"href":"https:\/\/lereveil224.info\/index.php\/wp-json\/wp\/v2\/posts\/9321\/revisions\/9323"}],"wp:featuredmedia":[{"embeddable":true,"href":"https:\/\/lereveil224.info\/index.php\/wp-json\/wp\/v2\/media\/9324"}],"wp:attachment":[{"href":"https:\/\/lereveil224.info\/index.php\/wp-json\/wp\/v2\/media?parent=9321"}],"wp:term":[{"taxonomy":"category","embeddable":true,"href":"https:\/\/lereveil224.info\/index.php\/wp-json\/wp\/v2\/categories?post=9321"},{"taxonomy":"post_tag","embeddable":true,"href":"https:\/\/lereveil224.info\/index.php\/wp-json\/wp\/v2\/tags?post=9321"}],"curies":[{"name":"wp","href":"https:\/\/api.w.org\/{rel}","templated":true}]}}