{"id":9312,"date":"2025-11-05T17:40:53","date_gmt":"2025-11-05T17:40:53","guid":{"rendered":"https:\/\/lereveil224.info\/?p=9312"},"modified":"2025-11-05T17:40:54","modified_gmt":"2025-11-05T17:40:54","slug":"psg-dembele-hakimi-et-nuno-mendes-sur-la-touche-pour-plusieurs-semaines","status":"publish","type":"post","link":"https:\/\/lereveil224.info\/index.php\/2025\/11\/05\/psg-dembele-hakimi-et-nuno-mendes-sur-la-touche-pour-plusieurs-semaines\/","title":{"rendered":"PSG : Demb\u00e9l\u00e9, Hakimi et Nuno Mendes sur la touche pour plusieurs semaines"},"content":{"rendered":"\n<p>Le Paris Saint-Germain traverse une p\u00e9riode d\u00e9licate. Au lendemain de sa d\u00e9faite face au Bayern Munich (1-2) en Ligue des champions, le club parisien a confirm\u00e9, ce mercredi 5 novembre, une s\u00e9rie de mauvaises nouvelles qui risquent de peser lourd dans la suite de sa saison.<\/p>\n\n\n\n<p>Dans un communiqu\u00e9 m\u00e9dical, le PSG a pr\u00e9cis\u00e9 la nature des blessures de plusieurs de ses cadres : <strong>Ousmane Demb\u00e9l\u00e9, Achraf Hakimi et Nuno Mendes<\/strong> seront tous absents pour plusieurs semaines. Une triple perte qui vient fragiliser l\u2019effectif de Luis Enrique, d\u00e9j\u00e0 sous pression apr\u00e8s la contre-performance \u00e0 Munich.<\/p>\n\n\n\n<p>Selon le club, Demb\u00e9l\u00e9 souffrirait d\u2019une l\u00e9sion musculaire, tandis qu\u2019Hakimi et Mendes ont \u00e9t\u00e9 touch\u00e9s respectivement \u00e0 la cuisse et au genou. Ces blessures, survenues au cours d\u2019un match intense et disput\u00e9, illustrent l\u2019usure physique d\u2019un groupe tr\u00e8s sollicit\u00e9 depuis le d\u00e9but de la saison.<\/p>\n\n\n\n<p>Cette h\u00e9catombe intervient \u00e0 un moment cl\u00e9, alors que le PSG doit encha\u00eener les affiches cruciales en championnat et en Ligue des champions. Luis Enrique devra d\u00e9sormais repenser toute sa ligne d\u00e9fensive et son animation offensive, en esp\u00e9rant que les rempla\u00e7ants sauront saisir leur chance.<\/p>\n\n\n\n<p>Entre frustration et inqui\u00e9tude, les supporters parisiens redoutent d\u00e9sormais que cette s\u00e9rie noire ne compromette les ambitions europ\u00e9ennes du club. Une chose est s\u00fbre : le PSG va devoir serrer les rangs pour rester debout face \u00e0 l\u2019adversit\u00e9.<\/p>\n\n\n\n<p><strong>Mamadouba CAMARA<\/strong><\/p>\n","protected":false},"excerpt":{"rendered":"<p>Le Paris Saint-Germain traverse une p\u00e9riode d\u00e9licate. Au lendemain de sa d\u00e9faite face au Bayern Munich (1-2) en Ligue des champions, le club parisien a confirm\u00e9, ce mercredi 5 novembre, une s\u00e9rie de mauvaises nouvelles qui risquent de peser lourd dans la suite de sa saison. Dans un communiqu\u00e9 m\u00e9dical, le PSG a pr\u00e9cis\u00e9 la [&hellip;]<\/p>\n","protected":false},"author":123458,"featured_media":9313,"comment_status":"open","ping_status":"open","sticky":false,"template":"","format":"standard","meta":{"_acf_changed":false,"footnotes":""},"categories":[11,9],"tags":[],"class_list":["post-9312","post","type-post","status-publish","format-standard","has-post-thumbnail","hentry","category-actualite","category-sport"],"acf":[],"_links":{"self":[{"href":"https:\/\/lereveil224.info\/index.php\/wp-json\/wp\/v2\/posts\/9312","targetHints":{"allow":["GET"]}}],"collection":[{"href":"https:\/\/lereveil224.info\/index.php\/wp-json\/wp\/v2\/posts"}],"about":[{"href":"https:\/\/lereveil224.info\/index.php\/wp-json\/wp\/v2\/types\/post"}],"author":[{"embeddable":true,"href":"https:\/\/lereveil224.info\/index.php\/wp-json\/wp\/v2\/users\/123458"}],"replies":[{"embeddable":true,"href":"https:\/\/lereveil224.info\/index.php\/wp-json\/wp\/v2\/comments?post=9312"}],"version-history":[{"count":1,"href":"https:\/\/lereveil224.info\/index.php\/wp-json\/wp\/v2\/posts\/9312\/revisions"}],"predecessor-version":[{"id":9314,"href":"https:\/\/lereveil224.info\/index.php\/wp-json\/wp\/v2\/posts\/9312\/revisions\/9314"}],"wp:featuredmedia":[{"embeddable":true,"href":"https:\/\/lereveil224.info\/index.php\/wp-json\/wp\/v2\/media\/9313"}],"wp:attachment":[{"href":"https:\/\/lereveil224.info\/index.php\/wp-json\/wp\/v2\/media?parent=9312"}],"wp:term":[{"taxonomy":"category","embeddable":true,"href":"https:\/\/lereveil224.info\/index.php\/wp-json\/wp\/v2\/categories?post=9312"},{"taxonomy":"post_tag","embeddable":true,"href":"https:\/\/lereveil224.info\/index.php\/wp-json\/wp\/v2\/tags?post=9312"}],"curies":[{"name":"wp","href":"https:\/\/api.w.org\/{rel}","templated":true}]}}