{"id":921,"date":"2023-04-09T01:57:48","date_gmt":"2023-04-09T01:57:48","guid":{"rendered":"https:\/\/lereveil224.info\/?p=921"},"modified":"2023-04-09T13:49:31","modified_gmt":"2023-04-09T13:49:31","slug":"hausse-du-prix-des-oeufs-sur-le-marche-guineen","status":"publish","type":"post","link":"https:\/\/lereveil224.info\/index.php\/2023\/04\/09\/hausse-du-prix-des-oeufs-sur-le-marche-guineen\/","title":{"rendered":"Hausse du prix des oeufs sur le march\u00e9 guin\u00e9en"},"content":{"rendered":"\t\t<div data-elementor-type=\"wp-post\" data-elementor-id=\"921\" class=\"elementor elementor-921\">\n\t\t\t\t\t\t<section class=\"elementor-section elementor-top-section elementor-element elementor-element-823c01d elementor-section-boxed elementor-section-height-default elementor-section-height-default\" data-id=\"823c01d\" data-element_type=\"section\" data-e-type=\"section\">\n\t\t\t\t\t\t<div class=\"elementor-container elementor-column-gap-default\">\n\t\t\t\t\t<div class=\"elementor-column elementor-col-100 elementor-top-column elementor-element elementor-element-a39998d\" data-id=\"a39998d\" data-element_type=\"column\" data-e-type=\"column\">\n\t\t\t<div class=\"elementor-widget-wrap elementor-element-populated\">\n\t\t\t\t\t\t<div class=\"elementor-element elementor-element-352bdb5 elementor-widget elementor-widget-text-editor\" data-id=\"352bdb5\" data-element_type=\"widget\" data-e-type=\"widget\" data-widget_type=\"text-editor.default\">\n\t\t\t\t<div class=\"elementor-widget-container\">\n\t\t\t\t\t\t\t\t\t<p>L\u2019interrogation chez les citoyens, car si autre fois le prix d\u2019un alv\u00e9ole d\u2019oeufs \u00e9tait de 30.000fg soit 3 $, cela est vendu \u00e0 ce jour entre 60.000 Gnf \u00e0 70.000 Gnf.<\/p>\t\t\t\t\t\t\t\t<\/div>\n\t\t\t\t<\/div>\n\t\t\t\t<div class=\"elementor-element elementor-element-9f39ec4 elementor-widget elementor-widget-image\" data-id=\"9f39ec4\" data-element_type=\"widget\" data-e-type=\"widget\" data-widget_type=\"image.default\">\n\t\t\t\t<div class=\"elementor-widget-container\">\n\t\t\t\t\t\t\t\t\t\t\t\t\t\t\t<img fetchpriority=\"high\" decoding=\"async\" width=\"720\" height=\"363\" src=\"https:\/\/lereveil224.info\/wp-content\/uploads\/2023\/04\/IMG_1681044321409_1.jpg\" class=\"attachment-large size-large wp-image-1007\" alt=\"\" srcset=\"https:\/\/lereveil224.info\/wp-content\/uploads\/2023\/04\/IMG_1681044321409_1.jpg 720w, https:\/\/lereveil224.info\/wp-content\/uploads\/2023\/04\/IMG_1681044321409_1-300x151.jpg 300w\" sizes=\"(max-width: 720px) 100vw, 720px\" \/>\t\t\t\t\t\t\t\t\t\t\t\t\t\t\t<\/div>\n\t\t\t\t<\/div>\n\t\t\t\t<div class=\"elementor-element elementor-element-7717de9 elementor-widget elementor-widget-text-editor\" data-id=\"7717de9\" data-element_type=\"widget\" data-e-type=\"widget\" data-widget_type=\"text-editor.default\">\n\t\t\t\t<div class=\"elementor-widget-container\">\n\t\t\t\t\t\t\t\t\t<p>Sur les raisons de cette hausse le ministre de l\u2019agriculture et de l\u2019\u00e9levage <strong>Mamadou Nagnalen BARRY<\/strong> pr\u00e9cise &lt;&lt;<strong><em>Je commence par les produits sanitaires des volailles, qui sont vendus tr\u00e8s chers aujourd\u2019hui. J\u2019ai invit\u00e9 les importateurs, on a fait trois r\u00e9unions pour qu\u2019on homologue les prix et qu\u2019on homologue les dosages en mati\u00e8res actives. Ces produits-l\u00e0 en Guin\u00e9e sont g\u00e9n\u00e9ralement 36% de la terre active. Le reste, c\u2019est 64% de l\u2019eau. Dans d\u2019autres pays, les produits sont de 48% de mati\u00e8res actives. Les prix sont \u00e9lev\u00e9s, les alv\u00e9oles sont vendus de 60 000 GNF \u00e0 70 000 GNF pour un produit qui co\u00fbte 3 \u00e0 4 dollars. Donc, on avait beaucoup avanc\u00e9 sur un accord pour que le prix soit homologu\u00e9. \u00c0 la derni\u00e8re minute je ne sais pas ce qui s\u2019est pass\u00e9. Ils ne sont pas revenus pour qu\u2019on signe l\u2019accord. Ce qui m\u2019oblige moi-m\u00eame \u00e0 importer et \u00e0 donner \u00e0 la chambre de partager les produits.<\/em><\/strong><\/p><p><strong><em>La chose qui a contribu\u00e9 beaucoup plus \u00e0 l\u2019augmentation du prix de l\u2019alv\u00e9ole, c\u2019est beaucoup plus la guerre en Ukraine qui a affect\u00e9 l\u2019acc\u00e8s au ma\u00efs. Ensuite, nous avons eu la grippe aviaire qui a affect\u00e9 la production. Je peux vous garantir que l\u2019effet de la grippe aviaire sur la production agricole de la Guin\u00e9e est certes significatif, mais elle n\u2019est pas aussi \u00e9lev\u00e9e. Parce que les deux pr\u00e9fectures concern\u00e9es font \u00e0 peine 5% \u00e0 10% de la production nationale. Coyah et For\u00e9cariah, c\u2019est au tour de 5% \u00e0 10% de la production nationale. Les gros producteurs sont Kindia. On avait beaucoup peur que la grippe affecte Kindia, Lab\u00e9, ainsi de suite. Donc, la grippe n\u2019est pas le principal probl\u00e8me, c\u2019est le ma\u00efs qui est le probl\u00e8me. C\u2019est pourquoi, je disais que nous sommes en train de porter le ma\u00efs. Et la CONASEG est l\u00e0, on a eu des \u00e9changes tr\u00e8s riches ces derni\u00e8res semaines, je pense que la balle est dans leur camp. Donc, nous on a fait notre part pour qu\u2019on puisse faire venir le ma\u00efs. Nous avons command\u00e9 10 000 tonnes. Et si ces 10 000 tonnes ne suffisent pas, le m\u00e9canisme qu\u2019on met en place est un m\u00e9canisme de revolving. On peut faire venir tant de ma\u00efs pour que le prix des alv\u00e9oles baisse.<\/em><\/strong>&gt;&gt;<\/p><p>Pendant que les fid\u00e8les musulmans continuent leur je\u00fbne, le prix d\u2019alv\u00e9ole, reste pour l\u2019heure peu abordable pour le guin\u00e9en moyen.<\/p><p><strong>Mamadouba CAMARA<\/strong> pour lereveil224.info<\/p><p>\u00a0 \u00a0 \u00a0 \u00a0 \u00a0 \u00a0 \u00a0 \u00a0 \u00a0 \u00a0 \u00a0 \u00a0 \u00a0 \u00a0 \u00a0 \u00a0 \u00a0 \u00a0<strong> \u00a0Tel : 628518785<\/strong><\/p>\t\t\t\t\t\t\t\t<\/div>\n\t\t\t\t<\/div>\n\t\t\t\t\t<\/div>\n\t\t<\/div>\n\t\t\t\t\t<\/div>\n\t\t<\/section>\n\t\t\t\t<\/div>\n\t\t","protected":false},"excerpt":{"rendered":"<p>L\u2019interrogation chez les citoyens, car si autre fois le prix d\u2019un alv\u00e9ole d\u2019oeufs \u00e9tait de 30.000fg soit 3 $, cela est vendu \u00e0 ce jour entre 60.000 Gnf \u00e0 70.000 Gnf. Sur les raisons de cette hausse le ministre de l\u2019agriculture et de l\u2019\u00e9levage Mamadou Nagnalen BARRY pr\u00e9cise &lt;&lt;Je commence par les produits sanitaires des [&hellip;]<\/p>\n","protected":false},"author":123457,"featured_media":1005,"comment_status":"open","ping_status":"open","sticky":false,"template":"","format":"standard","meta":{"_acf_changed":false,"footnotes":""},"categories":[2],"tags":[],"class_list":["post-921","post","type-post","status-publish","format-standard","has-post-thumbnail","hentry","category-politique"],"acf":[],"_links":{"self":[{"href":"https:\/\/lereveil224.info\/index.php\/wp-json\/wp\/v2\/posts\/921","targetHints":{"allow":["GET"]}}],"collection":[{"href":"https:\/\/lereveil224.info\/index.php\/wp-json\/wp\/v2\/posts"}],"about":[{"href":"https:\/\/lereveil224.info\/index.php\/wp-json\/wp\/v2\/types\/post"}],"author":[{"embeddable":true,"href":"https:\/\/lereveil224.info\/index.php\/wp-json\/wp\/v2\/users\/123457"}],"replies":[{"embeddable":true,"href":"https:\/\/lereveil224.info\/index.php\/wp-json\/wp\/v2\/comments?post=921"}],"version-history":[{"count":18,"href":"https:\/\/lereveil224.info\/index.php\/wp-json\/wp\/v2\/posts\/921\/revisions"}],"predecessor-version":[{"id":1010,"href":"https:\/\/lereveil224.info\/index.php\/wp-json\/wp\/v2\/posts\/921\/revisions\/1010"}],"wp:featuredmedia":[{"embeddable":true,"href":"https:\/\/lereveil224.info\/index.php\/wp-json\/wp\/v2\/media\/1005"}],"wp:attachment":[{"href":"https:\/\/lereveil224.info\/index.php\/wp-json\/wp\/v2\/media?parent=921"}],"wp:term":[{"taxonomy":"category","embeddable":true,"href":"https:\/\/lereveil224.info\/index.php\/wp-json\/wp\/v2\/categories?post=921"},{"taxonomy":"post_tag","embeddable":true,"href":"https:\/\/lereveil224.info\/index.php\/wp-json\/wp\/v2\/tags?post=921"}],"curies":[{"name":"wp","href":"https:\/\/api.w.org\/{rel}","templated":true}]}}