{"id":9174,"date":"2025-10-28T18:02:23","date_gmt":"2025-10-28T18:02:23","guid":{"rendered":"https:\/\/lereveil224.info\/?p=9174"},"modified":"2025-10-28T18:02:24","modified_gmt":"2025-10-28T18:02:24","slug":"guinee-amadou-damaro-camara-retrouve-la-liberte-apres-trois-ans-et-demi-de-detention","status":"publish","type":"post","link":"https:\/\/lereveil224.info\/index.php\/2025\/10\/28\/guinee-amadou-damaro-camara-retrouve-la-liberte-apres-trois-ans-et-demi-de-detention\/","title":{"rendered":"Guin\u00e9e : Amadou Damaro Camara retrouve la libert\u00e9 apr\u00e8s trois ans et demi de d\u00e9tention"},"content":{"rendered":"\n<p>Apr\u00e8s plus de trois ann\u00e9es pass\u00e9es derri\u00e8re les barreaux, l\u2019ancien pr\u00e9sident de l\u2019Assembl\u00e9e nationale, <strong>Amadou Damaro Camara<\/strong>, a recouvr\u00e9 la libert\u00e9 ce mardi 28 octobre 2025. Cette lib\u00e9ration intervient apr\u00e8s qu\u2019il a <strong>purg\u00e9 l\u2019int\u00e9gralit\u00e9 de sa peine<\/strong> prononc\u00e9e par la Cour de r\u00e9pression des infractions \u00e9conomiques et financi\u00e8res (CRIEF).<\/p>\n\n\n\n<p>Incarc\u00e9r\u00e9 depuis le <strong>27 avril 2022<\/strong> \u00e0 la Maison centrale de Conakry, Damaro Camara avait \u00e9t\u00e9 poursuivi pour de <strong>graves infractions \u00e9conomiques et financi\u00e8res<\/strong>, parmi lesquelles <strong>d\u00e9tournement de deniers publics, enrichissement illicite, blanchiment de capitaux, corruption, prise ill\u00e9gale d\u2019int\u00e9r\u00eats et complicit\u00e9<\/strong>.<\/p>\n\n\n\n<p>Son proc\u00e8s, suivi de pr\u00e8s par l\u2019opinion publique, avait \u00e9t\u00e9 marqu\u00e9 par <strong>de multiples rebondissements<\/strong>. \u00c0 l\u2019issue de la proc\u00e9dure d\u2019appel, la <strong>Chambre des appels de la CRIEF<\/strong> l\u2019avait finalement reconnu <strong>coupable de d\u00e9tournement de deniers publics et de corruption<\/strong>, le condamnant \u00e0 <strong>trois ans et six mois de prison ferme<\/strong>.<\/p>\n\n\n\n<p>Cette peine, aujourd\u2019hui enti\u00e8rement purg\u00e9e, marque la <strong>fin d\u2019un chapitre judiciaire<\/strong> pour l\u2019un des anciens piliers du r\u00e9gime d\u2019Alpha Cond\u00e9, renvers\u00e9 par un coup d\u2019\u00c9tat le <strong>5 septembre 2021<\/strong>.<\/p>\n\n\n\n<p>Pour l\u2019heure, <strong>aucune r\u00e9action officielle<\/strong> n\u2019a encore \u00e9t\u00e9 enregistr\u00e9e ni de la part de sa famille ni de ses avocats. Toutefois, sa lib\u00e9ration suscite d\u00e9j\u00e0 de <strong>nombreuses r\u00e9actions dans la sph\u00e8re politique<\/strong> guin\u00e9enne, o\u00f9 beaucoup s\u2019interrogent sur la suite de son parcours apr\u00e8s cette longue p\u00e9riode de d\u00e9tention.<\/p>\n\n\n\n<p><strong>Mamadouba CAMARA<\/strong><\/p>\n","protected":false},"excerpt":{"rendered":"<p>Apr\u00e8s plus de trois ann\u00e9es pass\u00e9es derri\u00e8re les barreaux, l\u2019ancien pr\u00e9sident de l\u2019Assembl\u00e9e nationale, Amadou Damaro Camara, a recouvr\u00e9 la libert\u00e9 ce mardi 28 octobre 2025. Cette lib\u00e9ration intervient apr\u00e8s qu\u2019il a purg\u00e9 l\u2019int\u00e9gralit\u00e9 de sa peine prononc\u00e9e par la Cour de r\u00e9pression des infractions \u00e9conomiques et financi\u00e8res (CRIEF). Incarc\u00e9r\u00e9 depuis le 27 avril 2022 [&hellip;]<\/p>\n","protected":false},"author":123458,"featured_media":9176,"comment_status":"open","ping_status":"open","sticky":false,"template":"","format":"standard","meta":{"_acf_changed":false,"footnotes":""},"categories":[11,18],"tags":[],"class_list":["post-9174","post","type-post","status-publish","format-standard","has-post-thumbnail","hentry","category-actualite","category-region"],"acf":[],"_links":{"self":[{"href":"https:\/\/lereveil224.info\/index.php\/wp-json\/wp\/v2\/posts\/9174","targetHints":{"allow":["GET"]}}],"collection":[{"href":"https:\/\/lereveil224.info\/index.php\/wp-json\/wp\/v2\/posts"}],"about":[{"href":"https:\/\/lereveil224.info\/index.php\/wp-json\/wp\/v2\/types\/post"}],"author":[{"embeddable":true,"href":"https:\/\/lereveil224.info\/index.php\/wp-json\/wp\/v2\/users\/123458"}],"replies":[{"embeddable":true,"href":"https:\/\/lereveil224.info\/index.php\/wp-json\/wp\/v2\/comments?post=9174"}],"version-history":[{"count":2,"href":"https:\/\/lereveil224.info\/index.php\/wp-json\/wp\/v2\/posts\/9174\/revisions"}],"predecessor-version":[{"id":9177,"href":"https:\/\/lereveil224.info\/index.php\/wp-json\/wp\/v2\/posts\/9174\/revisions\/9177"}],"wp:featuredmedia":[{"embeddable":true,"href":"https:\/\/lereveil224.info\/index.php\/wp-json\/wp\/v2\/media\/9176"}],"wp:attachment":[{"href":"https:\/\/lereveil224.info\/index.php\/wp-json\/wp\/v2\/media?parent=9174"}],"wp:term":[{"taxonomy":"category","embeddable":true,"href":"https:\/\/lereveil224.info\/index.php\/wp-json\/wp\/v2\/categories?post=9174"},{"taxonomy":"post_tag","embeddable":true,"href":"https:\/\/lereveil224.info\/index.php\/wp-json\/wp\/v2\/tags?post=9174"}],"curies":[{"name":"wp","href":"https:\/\/api.w.org\/{rel}","templated":true}]}}