{"id":9170,"date":"2025-10-28T17:07:02","date_gmt":"2025-10-28T17:07:02","guid":{"rendered":"https:\/\/lereveil224.info\/?p=9170"},"modified":"2025-10-28T17:07:04","modified_gmt":"2025-10-28T17:07:04","slug":"alpha-conde-rend-un-hommage-bouleversant-a-elhadj-mamoudou-camara-il-etait-pour-moi-comme-un-pere","status":"publish","type":"post","link":"https:\/\/lereveil224.info\/index.php\/2025\/10\/28\/alpha-conde-rend-un-hommage-bouleversant-a-elhadj-mamoudou-camara-il-etait-pour-moi-comme-un-pere\/","title":{"rendered":"Alpha Cond\u00e9 rend un hommage bouleversant \u00e0 Elhadj Mamoudou Camara : \u00ab Il \u00e9tait pour moi comme un p\u00e8re \u00bb"},"content":{"rendered":"\n<p>L&rsquo;ancien pr\u00e9sident de la R\u00e9publique de Guin\u00e9e, <strong>Pr Alpha Cond\u00e9<\/strong>, a exprim\u00e9 une profonde \u00e9motion suite au d\u00e9c\u00e8s d\u2019<strong>Elhadj Mamoudou Camara<\/strong>, Kountigui-gb\u00e8 de la Basse C\u00f4te et grand imam de Kindia. Dans un message publi\u00e9 ce <strong>mardi 28 octobre 2025<\/strong> sur sa page Facebook, le dirigeant guin\u00e9en a salu\u00e9 la m\u00e9moire d\u2019un homme qu\u2019il consid\u00e9rait comme un v\u00e9ritable pilier spirituel et moral.<\/p>\n\n\n\n<blockquote class=\"wp-block-quote is-layout-flow wp-block-quote-is-layout-flow\">\n<p>\u00ab La mort vient d\u2019arracher \u00e0 notre affection Elhadj Mamoudou Camara, grand imam de Kindia. La disparition de l\u2019homme que j\u2019appelais affectueusement \u201cmon oncle\u201d constitue pour moi une grande perte. L\u2019affection que j\u2019avais pour lui, il me la rendait aussi. C\u2019est ainsi qu\u2019il m\u2019a donn\u00e9 le pr\u00e9nom de son fils, ce qui faisait de lui mon p\u00e8re \u00bb, a \u00e9crit Alpha Cond\u00e9.<\/p>\n<\/blockquote>\n\n\n\n<p>Ce t\u00e9moignage, empreint d\u2019\u00e9motion, traduit la relation personnelle et familiale qui liait l\u2019ancien chef d\u2019\u00c9tat au d\u00e9funt \u00e9rudit religieux. Figure respect\u00e9e de la Basse C\u00f4te, <strong>Elhadj Mamoudou Camara<\/strong> \u00e9tait connu pour son engagement en faveur de la paix, du dialogue et de la coh\u00e9sion sociale.<\/p>\n\n\n\n<p>Sa disparition laisse un vide immense non seulement au sein de la communaut\u00e9 musulmane de Kindia, mais aussi dans tout le pays, o\u00f9 il \u00e9tait unanimement reconnu pour sa sagesse et son humilit\u00e9.<\/p>\n\n\n\n<p><strong>Alpha Cond\u00e9<\/strong>, dans son message, a tenu \u00e0 rappeler combien cet homme de foi incarnait les valeurs de tol\u00e9rance et d\u2019unit\u00e9 qui ont marqu\u00e9 toute sa vie.<\/p>\n\n\n\n<blockquote class=\"wp-block-quote is-layout-flow wp-block-quote-is-layout-flow\">\n<p>\u00ab Son d\u00e9part est une grande perte pour la Guin\u00e9e. Que son \u00e2me repose en paix, et qu\u2019Allah l\u2019accueille dans Son Paradis \u00e9ternel \u00bb, a-t-il conclu.<\/p>\n<\/blockquote>\n\n\n\n<p>Un hommage qui r\u00e9sonne profond\u00e9ment dans les c\u0153urs, rappelant combien les liens spirituels et humains d\u00e9passent les fronti\u00e8res politiques.<\/p>\n\n\n\n<p><em>Mamadouba CAMARA<\/em><\/p>\n\n\n\n<p><\/p>\n","protected":false},"excerpt":{"rendered":"<p>L&rsquo;ancien pr\u00e9sident de la R\u00e9publique de Guin\u00e9e, Pr Alpha Cond\u00e9, a exprim\u00e9 une profonde \u00e9motion suite au d\u00e9c\u00e8s d\u2019Elhadj Mamoudou Camara, Kountigui-gb\u00e8 de la Basse C\u00f4te et grand imam de Kindia. Dans un message publi\u00e9 ce mardi 28 octobre 2025 sur sa page Facebook, le dirigeant guin\u00e9en a salu\u00e9 la m\u00e9moire d\u2019un homme qu\u2019il consid\u00e9rait [&hellip;]<\/p>\n","protected":false},"author":123458,"featured_media":9172,"comment_status":"open","ping_status":"open","sticky":false,"template":"","format":"standard","meta":{"_acf_changed":false,"footnotes":""},"categories":[11,18,27],"tags":[],"class_list":["post-9170","post","type-post","status-publish","format-standard","has-post-thumbnail","hentry","category-actualite","category-region","category-religieux"],"acf":[],"_links":{"self":[{"href":"https:\/\/lereveil224.info\/index.php\/wp-json\/wp\/v2\/posts\/9170","targetHints":{"allow":["GET"]}}],"collection":[{"href":"https:\/\/lereveil224.info\/index.php\/wp-json\/wp\/v2\/posts"}],"about":[{"href":"https:\/\/lereveil224.info\/index.php\/wp-json\/wp\/v2\/types\/post"}],"author":[{"embeddable":true,"href":"https:\/\/lereveil224.info\/index.php\/wp-json\/wp\/v2\/users\/123458"}],"replies":[{"embeddable":true,"href":"https:\/\/lereveil224.info\/index.php\/wp-json\/wp\/v2\/comments?post=9170"}],"version-history":[{"count":2,"href":"https:\/\/lereveil224.info\/index.php\/wp-json\/wp\/v2\/posts\/9170\/revisions"}],"predecessor-version":[{"id":9173,"href":"https:\/\/lereveil224.info\/index.php\/wp-json\/wp\/v2\/posts\/9170\/revisions\/9173"}],"wp:featuredmedia":[{"embeddable":true,"href":"https:\/\/lereveil224.info\/index.php\/wp-json\/wp\/v2\/media\/9172"}],"wp:attachment":[{"href":"https:\/\/lereveil224.info\/index.php\/wp-json\/wp\/v2\/media?parent=9170"}],"wp:term":[{"taxonomy":"category","embeddable":true,"href":"https:\/\/lereveil224.info\/index.php\/wp-json\/wp\/v2\/categories?post=9170"},{"taxonomy":"post_tag","embeddable":true,"href":"https:\/\/lereveil224.info\/index.php\/wp-json\/wp\/v2\/tags?post=9170"}],"curies":[{"name":"wp","href":"https:\/\/api.w.org\/{rel}","templated":true}]}}