{"id":9012,"date":"2025-10-16T23:30:01","date_gmt":"2025-10-16T23:30:01","guid":{"rendered":"https:\/\/lereveil224.info\/?p=9012"},"modified":"2025-10-16T23:30:02","modified_gmt":"2025-10-16T23:30:02","slug":"nzerekore-une-mobilisation-populaire-en-faveur-de-la-candidature-du-general-mamadi-doumbouya","status":"publish","type":"post","link":"https:\/\/lereveil224.info\/index.php\/2025\/10\/16\/nzerekore-une-mobilisation-populaire-en-faveur-de-la-candidature-du-general-mamadi-doumbouya\/","title":{"rendered":"N\u2019Z\u00e9r\u00e9kor\u00e9 : Une mobilisation populaire en faveur de la candidature du G\u00e9n\u00e9ral Mamadi Doumbouya"},"content":{"rendered":"\n<p>La salle de la Maison des jeunes de N\u2019Z\u00e9r\u00e9kor\u00e9 a vibr\u00e9, ce mercredi 15 octobre 2025, au rythme d\u2019une d\u00e9claration politique d\u2019envergure. \u00c0 moins de trois mois de la pr\u00e9sidentielle du 28 d\u00e9cembre, des voix s\u2019\u00e9l\u00e8vent de plus en plus en Guin\u00e9e pour r\u00e9clamer la candidature du G\u00e9n\u00e9ral Mamadi Doumbouya. Dans la cit\u00e9 foresti\u00e8re, l\u2019appel a pris une tournure solennelle, port\u00e9 par plusieurs notabilit\u00e9s, personnalit\u00e9s locales et repr\u00e9sentants communautaires.<\/p>\n\n\n\n<figure class=\"wp-block-image size-full\"><img fetchpriority=\"high\" decoding=\"async\" width=\"1020\" height=\"471\" src=\"https:\/\/lereveil224.info\/wp-content\/uploads\/2025\/10\/IMG-20251016-WA0016.jpg\" alt=\"\" class=\"wp-image-9019\" srcset=\"https:\/\/lereveil224.info\/wp-content\/uploads\/2025\/10\/IMG-20251016-WA0016.jpg 1020w, https:\/\/lereveil224.info\/wp-content\/uploads\/2025\/10\/IMG-20251016-WA0016-300x139.jpg 300w, https:\/\/lereveil224.info\/wp-content\/uploads\/2025\/10\/IMG-20251016-WA0016-768x355.jpg 768w\" sizes=\"(max-width: 1020px) 100vw, 1020px\" \/><\/figure>\n\n\n\n<p>\u00c0 l\u2019origine de cette initiative, l\u2019op\u00e9rateur \u00e9conomique Elhadj Mamadi Nab\u00e9, connu pour son r\u00f4le actif dans la sensibilisation pour la paix lors du pr\u00e9c\u00e9dent r\u00e9f\u00e9rendum. \u00c0 travers son porte-parole, le Docteur Harouna Beret\u00e9, il a lanc\u00e9 un vibrant appel \u00e0 la population de N\u2019Z\u00e9r\u00e9kor\u00e9 pour qu\u2019elle soutienne la candidature du pr\u00e9sident de la transition.<\/p>\n\n\n\n<p>\u00ab Apr\u00e8s le r\u00e9f\u00e9rendum, une \u00e9tape cruciale s\u2019ouvre pour notre pays. Nous avons estim\u00e9 que le G\u00e9n\u00e9ral Mamadi Doumbouya incarne l\u2019homme de la situation. Sa vision, ses r\u00e9alisations et sa d\u00e9termination \u00e0 refonder la Guin\u00e9e justifient amplement cet appel \u00bb, a d\u00e9clar\u00e9 le Docteur Beret\u00e9.<\/p>\n\n\n\n<p>Selon lui, cette proposition s\u2019appuie sur les attentes exprim\u00e9es par les notables, les religieux et la population locale, convaincus des r\u00e9sultats tangibles obtenus sous la transition. Il a notamment \u00e9voqu\u00e9 les grands projets structurants engag\u00e9s par le Comit\u00e9 National du Rassemblement pour le D\u00e9veloppement (CNRD), dont le m\u00e9gaprojet Simandou 2040, l\u2019\u00e9lectrification de N\u2019Z\u00e9r\u00e9kor\u00e9 et la lutte contre la gabegie financi\u00e8re.<\/p>\n\n\n\n<figure class=\"wp-block-image size-full\"><img decoding=\"async\" width=\"1020\" height=\"471\" src=\"https:\/\/lereveil224.info\/wp-content\/uploads\/2025\/10\/IMG-20251016-WA0018.jpg\" alt=\"\" class=\"wp-image-9017\" srcset=\"https:\/\/lereveil224.info\/wp-content\/uploads\/2025\/10\/IMG-20251016-WA0018.jpg 1020w, https:\/\/lereveil224.info\/wp-content\/uploads\/2025\/10\/IMG-20251016-WA0018-300x139.jpg 300w, https:\/\/lereveil224.info\/wp-content\/uploads\/2025\/10\/IMG-20251016-WA0018-768x355.jpg 768w\" sizes=\"(max-width: 1020px) 100vw, 1020px\" \/><\/figure>\n\n\n\n<figure class=\"wp-block-image size-full\"><img decoding=\"async\" width=\"1020\" height=\"471\" src=\"https:\/\/lereveil224.info\/wp-content\/uploads\/2025\/10\/IMG-20251016-WA0018.jpg\" alt=\"\" class=\"wp-image-9017\" srcset=\"https:\/\/lereveil224.info\/wp-content\/uploads\/2025\/10\/IMG-20251016-WA0018.jpg 1020w, https:\/\/lereveil224.info\/wp-content\/uploads\/2025\/10\/IMG-20251016-WA0018-300x139.jpg 300w, https:\/\/lereveil224.info\/wp-content\/uploads\/2025\/10\/IMG-20251016-WA0018-768x355.jpg 768w\" sizes=\"(max-width: 1020px) 100vw, 1020px\" \/><\/figure>\n\n\n\n<p>Le pr\u00e9sident de la d\u00e9l\u00e9gation sp\u00e9ciale de N\u2019Z\u00e9r\u00e9kor\u00e9 a, pour sa part, salu\u00e9 le leadership du G\u00e9n\u00e9ral Doumbouya. \u00ab Nous avons vu des actions concr\u00e8tes, des progr\u00e8s r\u00e9els. Sous sa conduite, la ville b\u00e9n\u00e9ficie d\u2019infrastructures modernes, de stabilit\u00e9 et d\u2019un climat social apais\u00e9. Ces r\u00e9alisations traduisent une volont\u00e9 sinc\u00e8re de d\u00e9veloppement et de bonne gouvernance \u00bb, a-t-il d\u00e9clar\u00e9, avant de relayer l\u2019appel \u00e9manant, selon lui, \u00ab du c\u0153ur des populations foresti\u00e8res \u00bb.<\/p>\n\n\n\n<figure class=\"wp-block-image size-full\"><img decoding=\"async\" width=\"1020\" height=\"471\" src=\"https:\/\/lereveil224.info\/wp-content\/uploads\/2025\/10\/IMG-20251016-WA0017.jpg\" alt=\"\" class=\"wp-image-9018\" srcset=\"https:\/\/lereveil224.info\/wp-content\/uploads\/2025\/10\/IMG-20251016-WA0017.jpg 1020w, https:\/\/lereveil224.info\/wp-content\/uploads\/2025\/10\/IMG-20251016-WA0017-300x139.jpg 300w, https:\/\/lereveil224.info\/wp-content\/uploads\/2025\/10\/IMG-20251016-WA0017-768x355.jpg 768w\" sizes=\"(max-width: 1020px) 100vw, 1020px\" \/><\/figure>\n\n\n\n<figure class=\"wp-block-image size-full\"><img decoding=\"async\" width=\"1020\" height=\"471\" src=\"https:\/\/lereveil224.info\/wp-content\/uploads\/2025\/10\/IMG-20251016-WA0017.jpg\" alt=\"\" class=\"wp-image-9018\" srcset=\"https:\/\/lereveil224.info\/wp-content\/uploads\/2025\/10\/IMG-20251016-WA0017.jpg 1020w, https:\/\/lereveil224.info\/wp-content\/uploads\/2025\/10\/IMG-20251016-WA0017-300x139.jpg 300w, https:\/\/lereveil224.info\/wp-content\/uploads\/2025\/10\/IMG-20251016-WA0017-768x355.jpg 768w\" sizes=\"(max-width: 1020px) 100vw, 1020px\" \/><\/figure>\n\n\n\n<p>Les onze communaut\u00e9s de N\u2019Z\u00e9r\u00e9kor\u00e9  : Pel\u00e8, Konia, Manding, Toma, Mano, Kissi, Badin, Soussou, Bassano, Halpoular et Kono se sont \u00e9galement jointes \u00e0 cette mobilisation. Dans une d\u00e9claration commune, elles ont unanimement choisi le G\u00e9n\u00e9ral d\u2019Arm\u00e9e Mamadi Doumbouya comme leur candidat pour la pr\u00e9sidentielle.<\/p>\n\n\n\n<p>\u00ab Ce choix est le fruit d\u2019une reconnaissance. Nous saluons son patriotisme, sa vision et son engagement pour l\u2019unit\u00e9 nationale. Nous nous engageons \u00e0 mobiliser toutes les forces vives pour le faire triompher d\u00e8s le premier tour \u00bb, a affirm\u00e9 Labila Gbanamou, porte-parole des communaut\u00e9s.<\/p>\n\n\n\n<p>Cet appel populaire, venu du sud de la Guin\u00e9e, s\u2019inscrit dans une vague nationale grandissante qui voit en Mamadi Doumbouya le symbole de la refondation et de la souverainet\u00e9 retrouv\u00e9e. En trois ann\u00e9es de transition, ses partisans estiment qu\u2019il a su restaurer la dignit\u00e9 nationale et poser les bases d\u2019un d\u00e9veloppement durable.<\/p>\n\n\n\n<figure class=\"wp-block-image size-full\"><img loading=\"lazy\" decoding=\"async\" width=\"1020\" height=\"471\" src=\"https:\/\/lereveil224.info\/wp-content\/uploads\/2025\/10\/IMG-20251016-WA0020.jpg\" alt=\"\" class=\"wp-image-9016\" srcset=\"https:\/\/lereveil224.info\/wp-content\/uploads\/2025\/10\/IMG-20251016-WA0020.jpg 1020w, https:\/\/lereveil224.info\/wp-content\/uploads\/2025\/10\/IMG-20251016-WA0020-300x139.jpg 300w, https:\/\/lereveil224.info\/wp-content\/uploads\/2025\/10\/IMG-20251016-WA0020-768x355.jpg 768w\" sizes=\"(max-width: 1020px) 100vw, 1020px\" \/><\/figure>\n\n\n\n<figure class=\"wp-block-image size-full\"><img loading=\"lazy\" decoding=\"async\" width=\"1020\" height=\"471\" src=\"https:\/\/lereveil224.info\/wp-content\/uploads\/2025\/10\/IMG-20251016-WA0020.jpg\" alt=\"\" class=\"wp-image-9016\" srcset=\"https:\/\/lereveil224.info\/wp-content\/uploads\/2025\/10\/IMG-20251016-WA0020.jpg 1020w, https:\/\/lereveil224.info\/wp-content\/uploads\/2025\/10\/IMG-20251016-WA0020-300x139.jpg 300w, https:\/\/lereveil224.info\/wp-content\/uploads\/2025\/10\/IMG-20251016-WA0020-768x355.jpg 768w\" sizes=\"(max-width: 1020px) 100vw, 1020px\" \/><\/figure>\n\n\n\n<p>Entre reconnaissance et ferveur patriotique, N\u2019Z\u00e9r\u00e9kor\u00e9 a ainsi lanc\u00e9 un message clair : la r\u00e9gion foresti\u00e8re souhaite voir le G\u00e9n\u00e9ral Mamadi Doumbouya poursuivre l\u2019\u0153uvre entam\u00e9e \u00e0 la t\u00eate du pays, cette fois en qualit\u00e9 de candidat \u00e0 la magistrature supr\u00eame.<\/p>\n\n\n\n<p><strong>Thierno Amadou DIALLO <\/strong><\/p>\n","protected":false},"excerpt":{"rendered":"<p>La salle de la Maison des jeunes de N\u2019Z\u00e9r\u00e9kor\u00e9 a vibr\u00e9, ce mercredi 15 octobre 2025, au rythme d\u2019une d\u00e9claration politique d\u2019envergure. \u00c0 moins de trois mois de la pr\u00e9sidentielle du 28 d\u00e9cembre, des voix s\u2019\u00e9l\u00e8vent de plus en plus en Guin\u00e9e pour r\u00e9clamer la candidature du G\u00e9n\u00e9ral Mamadi Doumbouya. Dans la cit\u00e9 foresti\u00e8re, l\u2019appel [&hellip;]<\/p>\n","protected":false},"author":123458,"featured_media":9015,"comment_status":"open","ping_status":"open","sticky":false,"template":"","format":"standard","meta":{"_acf_changed":false,"footnotes":""},"categories":[11,2,18],"tags":[],"class_list":["post-9012","post","type-post","status-publish","format-standard","has-post-thumbnail","hentry","category-actualite","category-politique","category-region"],"acf":[],"_links":{"self":[{"href":"https:\/\/lereveil224.info\/index.php\/wp-json\/wp\/v2\/posts\/9012","targetHints":{"allow":["GET"]}}],"collection":[{"href":"https:\/\/lereveil224.info\/index.php\/wp-json\/wp\/v2\/posts"}],"about":[{"href":"https:\/\/lereveil224.info\/index.php\/wp-json\/wp\/v2\/types\/post"}],"author":[{"embeddable":true,"href":"https:\/\/lereveil224.info\/index.php\/wp-json\/wp\/v2\/users\/123458"}],"replies":[{"embeddable":true,"href":"https:\/\/lereveil224.info\/index.php\/wp-json\/wp\/v2\/comments?post=9012"}],"version-history":[{"count":3,"href":"https:\/\/lereveil224.info\/index.php\/wp-json\/wp\/v2\/posts\/9012\/revisions"}],"predecessor-version":[{"id":9020,"href":"https:\/\/lereveil224.info\/index.php\/wp-json\/wp\/v2\/posts\/9012\/revisions\/9020"}],"wp:featuredmedia":[{"embeddable":true,"href":"https:\/\/lereveil224.info\/index.php\/wp-json\/wp\/v2\/media\/9015"}],"wp:attachment":[{"href":"https:\/\/lereveil224.info\/index.php\/wp-json\/wp\/v2\/media?parent=9012"}],"wp:term":[{"taxonomy":"category","embeddable":true,"href":"https:\/\/lereveil224.info\/index.php\/wp-json\/wp\/v2\/categories?post=9012"},{"taxonomy":"post_tag","embeddable":true,"href":"https:\/\/lereveil224.info\/index.php\/wp-json\/wp\/v2\/tags?post=9012"}],"curies":[{"name":"wp","href":"https:\/\/api.w.org\/{rel}","templated":true}]}}