{"id":8993,"date":"2025-10-16T11:50:59","date_gmt":"2025-10-16T11:50:59","guid":{"rendered":"https:\/\/lereveil224.info\/?p=8993"},"modified":"2025-10-16T11:51:01","modified_gmt":"2025-10-16T11:51:01","slug":"senegal-une-nouvelle-ere-de-transparence-avec-la-plateforme-appel","status":"publish","type":"post","link":"https:\/\/lereveil224.info\/index.php\/2025\/10\/16\/senegal-une-nouvelle-ere-de-transparence-avec-la-plateforme-appel\/","title":{"rendered":"S\u00e9n\u00e9gal : une nouvelle \u00e8re de transparence avec la plateforme \u00ab Appel \u00bb"},"content":{"rendered":"\n<p>Le S\u00e9n\u00e9gal vient de franchir une \u00e9tape importante dans la modernisation de la gestion publique. Ce mardi 14 octobre, l\u2019Autorit\u00e9 de r\u00e9gulation de la commande publique (Arcop) a officiellement lanc\u00e9 <strong>\u00ab Appel \u00bb<\/strong>, une plateforme num\u00e9rique d\u00e9di\u00e9e aux <strong>achats publics en proc\u00e9dures \u00e9lectroniques<\/strong>.<\/p>\n\n\n\n<p>Gr\u00e2ce \u00e0 ce nouvel outil, <strong>le pr\u00e9sident de la R\u00e9publique et le Premier ministre peuvent d\u00e9sormais suivre en temps r\u00e9el<\/strong> l\u2019ensemble des march\u00e9s publics du pays. Une avanc\u00e9e consid\u00e9rable pour la transparence et la bonne gouvernance.<\/p>\n\n\n\n<p>Le directeur g\u00e9n\u00e9ral de l\u2019Arcop, <strong>Moustapha Djitt\u00e9<\/strong>, n\u2019a pas cach\u00e9 sa fiert\u00e9. Selon lui, cette innovation marque \u00ab <strong>une v\u00e9ritable r\u00e9volution<\/strong> dans la fa\u00e7on dont les march\u00e9s publics sont g\u00e9r\u00e9s au S\u00e9n\u00e9gal \u00bb.<br>D\u00e9sormais, les appels d\u2019offres, les attributions et m\u00eame les noms des entreprises b\u00e9n\u00e9ficiaires sont consultables et tra\u00e7ables \u00e0 chaque \u00e9tape.<\/p>\n\n\n\n<p>Con\u00e7ue par des <strong>d\u00e9veloppeurs s\u00e9n\u00e9galais<\/strong>, la plateforme int\u00e8gre plusieurs garanties de s\u00e9curit\u00e9, notamment la <strong>signature \u00e9lectronique, le chiffrement<\/strong> et <strong>l\u2019horodatage<\/strong>. Autant de m\u00e9canismes destin\u00e9s \u00e0 prot\u00e9ger les \u00e9changes entre les diff\u00e9rentes administrations.<\/p>\n\n\n\n<p>Et pour que les <strong>petites et moyennes entreprises<\/strong> ne soient pas laiss\u00e9es en marge, un <strong>bureau d\u2019assistance technique<\/strong> sera mis en place afin de les accompagner dans la soumission de leurs offres en ligne.<\/p>\n\n\n\n<p>Avec cette initiative, le S\u00e9n\u00e9gal s\u2019affirme une fois de plus comme <strong>un pionnier de la gouvernance num\u00e9rique en Afrique de l\u2019Ouest<\/strong>, o\u00f9 la technologie devient un v\u00e9ritable levier de transparence et d\u2019efficacit\u00e9 dans la gestion publique.<\/p>\n\n\n\n<p><strong>Mamadouba CAMARA <\/strong><\/p>\n","protected":false},"excerpt":{"rendered":"<p>Le S\u00e9n\u00e9gal vient de franchir une \u00e9tape importante dans la modernisation de la gestion publique. Ce mardi 14 octobre, l\u2019Autorit\u00e9 de r\u00e9gulation de la commande publique (Arcop) a officiellement lanc\u00e9 \u00ab Appel \u00bb, une plateforme num\u00e9rique d\u00e9di\u00e9e aux achats publics en proc\u00e9dures \u00e9lectroniques. Gr\u00e2ce \u00e0 ce nouvel outil, le pr\u00e9sident de la R\u00e9publique et le [&hellip;]<\/p>\n","protected":false},"author":123458,"featured_media":8995,"comment_status":"open","ping_status":"open","sticky":false,"template":"","format":"standard","meta":{"_acf_changed":false,"footnotes":""},"categories":[11,29,56],"tags":[],"class_list":["post-8993","post","type-post","status-publish","format-standard","has-post-thumbnail","hentry","category-actualite","category-continentale","category-technologie"],"acf":[],"_links":{"self":[{"href":"https:\/\/lereveil224.info\/index.php\/wp-json\/wp\/v2\/posts\/8993","targetHints":{"allow":["GET"]}}],"collection":[{"href":"https:\/\/lereveil224.info\/index.php\/wp-json\/wp\/v2\/posts"}],"about":[{"href":"https:\/\/lereveil224.info\/index.php\/wp-json\/wp\/v2\/types\/post"}],"author":[{"embeddable":true,"href":"https:\/\/lereveil224.info\/index.php\/wp-json\/wp\/v2\/users\/123458"}],"replies":[{"embeddable":true,"href":"https:\/\/lereveil224.info\/index.php\/wp-json\/wp\/v2\/comments?post=8993"}],"version-history":[{"count":2,"href":"https:\/\/lereveil224.info\/index.php\/wp-json\/wp\/v2\/posts\/8993\/revisions"}],"predecessor-version":[{"id":8996,"href":"https:\/\/lereveil224.info\/index.php\/wp-json\/wp\/v2\/posts\/8993\/revisions\/8996"}],"wp:featuredmedia":[{"embeddable":true,"href":"https:\/\/lereveil224.info\/index.php\/wp-json\/wp\/v2\/media\/8995"}],"wp:attachment":[{"href":"https:\/\/lereveil224.info\/index.php\/wp-json\/wp\/v2\/media?parent=8993"}],"wp:term":[{"taxonomy":"category","embeddable":true,"href":"https:\/\/lereveil224.info\/index.php\/wp-json\/wp\/v2\/categories?post=8993"},{"taxonomy":"post_tag","embeddable":true,"href":"https:\/\/lereveil224.info\/index.php\/wp-json\/wp\/v2\/tags?post=8993"}],"curies":[{"name":"wp","href":"https:\/\/api.w.org\/{rel}","templated":true}]}}