{"id":8984,"date":"2025-10-15T18:43:02","date_gmt":"2025-10-15T18:43:02","guid":{"rendered":"https:\/\/lereveil224.info\/?p=8984"},"modified":"2025-10-15T18:48:31","modified_gmt":"2025-10-15T18:48:31","slug":"honorable-hamidou-camara-symbole-dune-loyaute-au-service-de-la-republiquepar-aob","status":"publish","type":"post","link":"https:\/\/lereveil224.info\/index.php\/2025\/10\/15\/honorable-hamidou-camara-symbole-dune-loyaute-au-service-de-la-republiquepar-aob\/","title":{"rendered":"Honorable Hamidou CAMARA : Symbole d\u2019une loyaut\u00e9 au service de la R\u00e9publique (Par AOB)"},"content":{"rendered":"\n<p>Beyla, berceau des saints de Moussadou et terre de foi islamique, peut s\u2019enorgueillir d\u2019avoir donn\u00e9 naissance, le 7 ao\u00fbt 1995, \u00e0 l\u2019un de ses fils les plus constants et d\u00e9vou\u00e9s \u00e0 la cause nationale, l\u2019Honorable Hamidou CAMARA.<\/p>\n\n\n\n<p>Pr\u00e9sident de la Commission Plan, Affaires Financi\u00e8res et Contr\u00f4le Budg\u00e9taire du Conseil National de la Transition (CNT) et Coordinateur national du Mouvement pour la Bonne Cause, il incarne une figure de respect, d\u2019admiration et de loyaut\u00e9 au service de la R\u00e9publique.<\/p>\n\n\n\n<p>Sous l\u2019\u00e8re du P\u00e8re de la Refondation, le G\u00e9n\u00e9ral d\u2019Arm\u00e9e <strong>Mamadi DOUMBOUYA<\/strong>, l\u2019Honorable <strong>Hamidou CAMARA<\/strong> s\u2019est impos\u00e9 comme un pilier discret mais d\u00e9cisif, incarnant l\u2019exemple rare d\u2019un homme dont la fid\u00e9lit\u00e9 aux id\u00e9aux r\u00e9publicains transcende les convenances politiques.<\/p>\n\n\n\n<h3 class=\"wp-block-heading\">Un homme d\u2019action, enracin\u00e9 dans la foi et la loyaut\u00e9<\/h3>\n\n\n\n<p>Nourri par l\u2019h\u00e9ritage moral et spirituel de sa terre natale, Beyla, l\u2019Honorable Hamidou CAMARA illustre la parfaite conciliation entre l\u2019exigence du devoir d\u2019\u00c9tat et la modestie d\u2019un serviteur loyal de la R\u00e9publique depuis le 22 janvier 2022 au CNT. Son parcours exemplaire, empreint de discr\u00e9tion et d\u2019efficacit\u00e9, lui a valu une l\u00e9gitime reconnaissance aupr\u00e8s des diff\u00e9rentes couches sociales, notamment la jeunesse, les femmes et la notabilit\u00e9, qu\u2019il a toujours su f\u00e9d\u00e9rer dans un esprit d\u2019\u00e9quilibre, loin des calculs politiciens.<\/p>\n\n\n\n<p>L\u2019engagement sans faille de l\u2019Honorable Hamidou CAMARA aupr\u00e8s du G\u00e9n\u00e9ral d\u2019Arm\u00e9e Mamadi DOUMBOUYA ne saurait \u00eatre per\u00e7u comme une posture opportuniste ou une alliance de circonstance, mais bien comme une adh\u00e9sion r\u00e9fl\u00e9chie et sinc\u00e8re \u00e0 la philosophie de la refondation. Port\u00e9e par une exigence morale, \u00e9thique et productive, cette vision d\u2019une Guin\u00e9e nouvelle trouve en lui un relais constant et exemplaire, reconnu tant pour la pertinence de ses positions que pour la force inspiratrice de son action.<\/p>\n\n\n\n<h3 class=\"wp-block-heading\">Le strat\u00e8ge du terrain : une mobilisation historique \u00e0 Beyla<\/h3>\n\n\n\n<p>En tant que Coordinateur national du Mouvement pour la \u00ab Bonne Cause \u00bb, l\u2019Honorable Hamidou CAMARA a d\u00e9montr\u00e9, avant, pendant et apr\u00e8s la campagne r\u00e9f\u00e9rendaire, un leadership exemplaire.<\/p>\n\n\n\n<p>Sous son impulsion, Beyla s\u2019est transform\u00e9e en une sc\u00e8ne d\u2019unit\u00e9 nationale : des foules immenses ont d\u00e9fil\u00e9 de l\u2019Arc de Triomphe jusqu\u2019aux art\u00e8res principales de la ville, exprimant, dans une ferveur joyeuse, leur adh\u00e9sion au projet du \u00ab OUI \u00bb.<\/p>\n\n\n\n<p>Cette mobilisation, loin d\u2019\u00eatre un simple \u00e9lan de circonstance, traduisait une reconnaissance profonde des populations de Beyla envers un homme qui ne les a jamais trahies, et qui a toujours d\u00e9fendu ses convictions avec courage et droiture.<\/p>\n\n\n\n<h3 class=\"wp-block-heading\">Un h\u00e9ritage politique et moral en construction<\/h3>\n\n\n\n<p>S\u2019abstenir d\u2019\u00e9crire sur l\u2019Honorable Hamidou CAMARA, ce serait manquer \u00e0 ma double vocation de journaliste et d\u2019enseignant-chercheur, pour qui la plume constitue un instrument de v\u00e9rit\u00e9 et de transmission.<\/p>\n\n\n\n<p>Cette plume ne parle pas de loin.<br>Elle est nourrie par l\u2019exp\u00e9rience v\u00e9cue, celle d\u2019avoir vu, entendu et parfois particip\u00e9, de pr\u00e8s ou de loin, aux actions d\u2019un homme r\u00e9solument engag\u00e9 au service d\u2019une Guin\u00e9e refond\u00e9e.<\/p>\n\n\n\n<p>\u00c9crire ici, c\u2019est rendre hommage et t\u00e9moigner, avec la sinc\u00e9rit\u00e9 d\u2019un regard qui a vu, compris et cru, port\u00e9 par la conviction d\u2019un observateur engag\u00e9 dans le processus de refondation nationale.<\/p>\n\n\n\n<p>Sous l\u2019\u00e9gide du G\u00e9n\u00e9ral Mamadi DOUMBOUYA, Hamidou CAMARA incarne cette refondation vivante, o\u00f9 chaque acte devient une le\u00e7on de patriotisme, chaque initiative une p\u00e9dagogie de l\u2019exemple, et chaque engagement un serment renouvel\u00e9 de fid\u00e9lit\u00e9 \u00e0 la Nation, \u00e0 la R\u00e9publique et \u00e0 ses id\u00e9aux.<\/p>\n\n\n\n<p>Par son int\u00e9grit\u00e9, sa comp\u00e9tence et son sens du service public, l\u2019Honorable Hamidou CAMARA s\u2019impose comme une r\u00e9f\u00e9rence de gouvernance vertueuse au CNT, un mod\u00e8le d\u2019humilit\u00e9 et de fid\u00e9lit\u00e9 dont l\u2019action de terrain renforce la coh\u00e9sion sociale et inspire le respect au-del\u00e0 des fronti\u00e8res de Beyla.<\/p>\n\n\n\n<p>Les r\u00e9sultats obtenus \u00e0 Beyla lors du r\u00e9f\u00e9rendum, tant sur le plan de la paix sociale que sur la mobilisation populaire et le vote massif en faveur du \u00ab OUI \u00bb, sont la preuve tangible de son influence et de sa cr\u00e9dibilit\u00e9.<\/p>\n\n\n\n<p>Mobilisateur dans l\u2019\u00e2me et rassembleur par conviction, l\u2019Honorable Hamidou CAMARA, Coordinateur national du Mouvement pour la \u00ab Bonne Cause \u00bb, incarne une fid\u00e9lit\u00e9 constante au Chef de l\u2019\u00c9tat, le G\u00e9n\u00e9ral Mamadi DOUMBOUYA.<\/p>\n\n\n\n<p>Par son leadership affirm\u00e9 et sa proximit\u00e9 avec les populations, il s\u2019impose comme l\u2019un des principaux catalyseurs de coh\u00e9sion dans la r\u00e9gion foresti\u00e8re, notamment \u00e0 Beyla, o\u00f9 il \u0153uvre activement pour la p\u00e9rennisation de la vision pr\u00e9sidentielle et la consolidation des acquis de la refondation nationale.<\/p>\n\n\n\n<p><strong>Par l\u2019Universitaire Alpha Oumar BALD\u00c9<\/strong><\/p>\n","protected":false},"excerpt":{"rendered":"<p>Beyla, berceau des saints de Moussadou et terre de foi islamique, peut s\u2019enorgueillir d\u2019avoir donn\u00e9 naissance, le 7 ao\u00fbt 1995, \u00e0 l\u2019un de ses fils les plus constants et d\u00e9vou\u00e9s \u00e0 la cause nationale, l\u2019Honorable Hamidou CAMARA. Pr\u00e9sident de la Commission Plan, Affaires Financi\u00e8res et Contr\u00f4le Budg\u00e9taire du Conseil National de la Transition (CNT) et [&hellip;]<\/p>\n","protected":false},"author":123458,"featured_media":8986,"comment_status":"open","ping_status":"open","sticky":false,"template":"","format":"standard","meta":{"_acf_changed":false,"footnotes":""},"categories":[11,2,18],"tags":[],"class_list":["post-8984","post","type-post","status-publish","format-standard","has-post-thumbnail","hentry","category-actualite","category-politique","category-region"],"acf":[],"_links":{"self":[{"href":"https:\/\/lereveil224.info\/index.php\/wp-json\/wp\/v2\/posts\/8984","targetHints":{"allow":["GET"]}}],"collection":[{"href":"https:\/\/lereveil224.info\/index.php\/wp-json\/wp\/v2\/posts"}],"about":[{"href":"https:\/\/lereveil224.info\/index.php\/wp-json\/wp\/v2\/types\/post"}],"author":[{"embeddable":true,"href":"https:\/\/lereveil224.info\/index.php\/wp-json\/wp\/v2\/users\/123458"}],"replies":[{"embeddable":true,"href":"https:\/\/lereveil224.info\/index.php\/wp-json\/wp\/v2\/comments?post=8984"}],"version-history":[{"count":4,"href":"https:\/\/lereveil224.info\/index.php\/wp-json\/wp\/v2\/posts\/8984\/revisions"}],"predecessor-version":[{"id":8989,"href":"https:\/\/lereveil224.info\/index.php\/wp-json\/wp\/v2\/posts\/8984\/revisions\/8989"}],"wp:featuredmedia":[{"embeddable":true,"href":"https:\/\/lereveil224.info\/index.php\/wp-json\/wp\/v2\/media\/8986"}],"wp:attachment":[{"href":"https:\/\/lereveil224.info\/index.php\/wp-json\/wp\/v2\/media?parent=8984"}],"wp:term":[{"taxonomy":"category","embeddable":true,"href":"https:\/\/lereveil224.info\/index.php\/wp-json\/wp\/v2\/categories?post=8984"},{"taxonomy":"post_tag","embeddable":true,"href":"https:\/\/lereveil224.info\/index.php\/wp-json\/wp\/v2\/tags?post=8984"}],"curies":[{"name":"wp","href":"https:\/\/api.w.org\/{rel}","templated":true}]}}