{"id":8975,"date":"2025-10-15T08:29:05","date_gmt":"2025-10-15T08:29:05","guid":{"rendered":"https:\/\/lereveil224.info\/?p=8975"},"modified":"2025-10-15T08:29:06","modified_gmt":"2025-10-15T08:29:06","slug":"nzerekore-le-venere-patriarche-distingue-le-colonel-tallah-diakite-pour-deux-ans-deux-mois-et-treize-jours-de-leadership-et-de-realisations-remarquables-a-la-tete-de-la-douane-regionale","status":"publish","type":"post","link":"https:\/\/lereveil224.info\/index.php\/2025\/10\/15\/nzerekore-le-venere-patriarche-distingue-le-colonel-tallah-diakite-pour-deux-ans-deux-mois-et-treize-jours-de-leadership-et-de-realisations-remarquables-a-la-tete-de-la-douane-regionale\/","title":{"rendered":"N\u2019Z\u00e9r\u00e9kor\u00e9 : Le v\u00e9n\u00e9r\u00e9 Patriarche distingue le Colonel Tallah Diakit\u00e9 pour deux ans, deux mois et treize jours de leadership et de r\u00e9alisations remarquables \u00e0 la t\u00eate de la Douane r\u00e9gionale"},"content":{"rendered":"\n<p>\u00c0 l\u2019occasion de sa nomination, le 26 septembre 2025, au poste de <strong>Directeur des Douanes de Conakry-Centre<\/strong>, et lors de la <strong>c\u00e9r\u00e9monie de passation de service<\/strong> tenue le lundi 13 octobre 2025, le <strong>Colonel Tallah Diakit\u00e9<\/strong> a re\u00e7u les honneurs du <strong>v\u00e9n\u00e9r\u00e9 Patriarche de la For\u00eat<\/strong>.<\/p>\n\n\n\n<p>Cette distinction, \u00e0 forte port\u00e9e symbolique, vient saluer la qualit\u00e9 exceptionnelle de sa gestion \u00e0 la t\u00eate de la <strong>Direction R\u00e9gionale des Douanes de N\u2019Z\u00e9r\u00e9kor\u00e9<\/strong>, qu\u2019il a dirig\u00e9e avec <strong>rigueur et abn\u00e9gation<\/strong> pendant <strong>deux ans, deux mois et treize jours<\/strong>.<\/p>\n\n\n\n<figure class=\"wp-block-image size-large\"><img fetchpriority=\"high\" decoding=\"async\" width=\"1024\" height=\"576\" src=\"https:\/\/lereveil224.info\/wp-content\/uploads\/2025\/10\/IMG-20251015-WA0009-1024x576.jpg\" alt=\"\" class=\"wp-image-8980\" srcset=\"https:\/\/lereveil224.info\/wp-content\/uploads\/2025\/10\/IMG-20251015-WA0009-1024x576.jpg 1024w, https:\/\/lereveil224.info\/wp-content\/uploads\/2025\/10\/IMG-20251015-WA0009-300x169.jpg 300w, https:\/\/lereveil224.info\/wp-content\/uploads\/2025\/10\/IMG-20251015-WA0009-768x432.jpg 768w, https:\/\/lereveil224.info\/wp-content\/uploads\/2025\/10\/IMG-20251015-WA0009.jpg 1080w\" sizes=\"(max-width: 1024px) 100vw, 1024px\" \/><\/figure>\n\n\n\n<h3 class=\"wp-block-heading\"><strong>Un hommage rare et hautement symbolique<\/strong><\/h3>\n\n\n\n<p>Connu pour sa <strong>droiture<\/strong>, son <strong>sens du devoir<\/strong> et son <strong>profond attachement aux valeurs morales<\/strong> et au <strong>travail bien accompli<\/strong>, le <strong>Colonel \u00e0 la retraite Lambert Go\u00efkouya Zogb\u00e9l\u00e9mou<\/strong>, 4\u1d49 Patriarche de N\u2019Z\u00e9r\u00e9kor\u00e9, a tenu \u00e0 distinguer le Colonel Tallah Diakit\u00e9 <strong>\u00e0 titre exceptionnel<\/strong>.<\/p>\n\n\n\n<p>Dans une d\u00e9claration empreinte d\u2019\u00e9motion et de sagesse, le Patriarche a affirm\u00e9 :<\/p>\n\n\n\n<blockquote class=\"wp-block-quote is-layout-flow wp-block-quote-is-layout-flow\">\n<p>\u00ab Nous, les anciens, n\u2019avons pas beaucoup de mots. Mais nous sommes tr\u00e8s contents du Directeur Colonel Tallah Diakit\u00e9, car il a \u0153uvr\u00e9 avec honneur et dignit\u00e9. Personne n\u2019a eu \u00e0 se plaindre de lui. Gr\u00e2ce \u00e0 Dieu, il a v\u00e9ritablement marqu\u00e9 son passage dans toutes nos fronti\u00e8res. Il a r\u00e9habilit\u00e9, construit et \u00e9quip\u00e9 plusieurs infrastructures, notamment le Bureau R\u00e9gional des Douanes de N\u2019Z\u00e9r\u00e9kor\u00e9, le Bureau de Nongoa, celui de Gu\u00e9l\u00e9mata, les Postes Douaniers de Thuo et de Tounkarata, le Bureau de N\u2019Zoo, le Poste de Dougu\u00e9la, le Bureau de Yalenzou ainsi que la Direction Pr\u00e9fectorale de Lola. \u00bb<\/p>\n<\/blockquote>\n\n\n\n<p>Poursuivant son intervention, le Patriarche a ajout\u00e9 :<\/p>\n\n\n\n<blockquote class=\"wp-block-quote is-layout-flow wp-block-quote-is-layout-flow\">\n<p>\u00ab Nous sommes tr\u00e8s satisfaits de lui. La mission pour laquelle il a \u00e9t\u00e9 envoy\u00e9 ici, il l\u2019a accomplie avec succ\u00e8s. Son travail a r\u00e9joui le c\u0153ur de chacun d\u2019entre nous. Nous lui adressons nos b\u00e9n\u00e9dictions et nos v\u0153ux de r\u00e9ussite dans ses nouvelles fonctions \u00e0 Conakry. \u00bb<\/p>\n<\/blockquote>\n\n\n\n<figure class=\"wp-block-image size-full\"><img decoding=\"async\" width=\"832\" height=\"577\" src=\"https:\/\/lereveil224.info\/wp-content\/uploads\/2025\/10\/IMG-20251015-WA0010.jpg\" alt=\"\" class=\"wp-image-8979\" srcset=\"https:\/\/lereveil224.info\/wp-content\/uploads\/2025\/10\/IMG-20251015-WA0010.jpg 832w, https:\/\/lereveil224.info\/wp-content\/uploads\/2025\/10\/IMG-20251015-WA0010-300x208.jpg 300w, https:\/\/lereveil224.info\/wp-content\/uploads\/2025\/10\/IMG-20251015-WA0010-768x533.jpg 768w\" sizes=\"(max-width: 832px) 100vw, 832px\" \/><\/figure>\n\n\n\n<figure class=\"wp-block-image size-full\"><img decoding=\"async\" width=\"832\" height=\"577\" src=\"https:\/\/lereveil224.info\/wp-content\/uploads\/2025\/10\/IMG-20251015-WA0010.jpg\" alt=\"\" class=\"wp-image-8979\" srcset=\"https:\/\/lereveil224.info\/wp-content\/uploads\/2025\/10\/IMG-20251015-WA0010.jpg 832w, https:\/\/lereveil224.info\/wp-content\/uploads\/2025\/10\/IMG-20251015-WA0010-300x208.jpg 300w, https:\/\/lereveil224.info\/wp-content\/uploads\/2025\/10\/IMG-20251015-WA0010-768x533.jpg 768w\" sizes=\"(max-width: 832px) 100vw, 832px\" \/><\/figure>\n\n\n\n<h3 class=\"wp-block-heading\"><strong>Un satisfecit exceptionnel en guise de reconnaissance<\/strong><\/h3>\n\n\n\n<p>Au nom de la <strong>notabilit\u00e9 foresti\u00e8re<\/strong>, le Patriarche a proc\u00e9d\u00e9 \u00e0 la <strong>remise d\u2019un satisfecit \u00e0 titre exceptionnel<\/strong> au Colonel Tallah Diakit\u00e9, dont le contenu exprime toute la reconnaissance de la r\u00e9gion pour ses services rendus :<\/p>\n\n\n\n<blockquote class=\"wp-block-quote is-layout-flow wp-block-quote-is-layout-flow\">\n<p>\u00ab Il est d\u00e9cern\u00e9 un satisfecit \u00e0 titre exceptionnel au Colonel Tallah Diakit\u00e9, Directeur R\u00e9gional des Douanes de N\u2019Z\u00e9r\u00e9kor\u00e9, en reconnaissance de ses services loyaux, de ses immenses sacrifices consentis et de ses efforts remarquables, d\u00e9ploy\u00e9s avec un professionnalisme exemplaire et une disponibilit\u00e9 constante.<br>Son engagement personnel a permis la construction, la r\u00e9habilitation et l\u2019\u00e9quipement de plusieurs infrastructures douani\u00e8res dans la R\u00e9gion Administrative de N\u2019Z\u00e9r\u00e9kor\u00e9.<br>Ces r\u00e9alisations historiques constituent un jalon majeur dans le d\u00e9veloppement des services douaniers de la r\u00e9gion.<br>En t\u00e9moignage de cette reconnaissance m\u00e9rit\u00e9e, il lui est d\u00e9cern\u00e9 le pr\u00e9sent satisfecit, pour servir et valoir ce que de droit. \u00bb<\/p>\n<\/blockquote>\n\n\n\n<h3 class=\"wp-block-heading\"><strong>Passation solennelle et atmosph\u00e8re de reconnaissance<\/strong><\/h3>\n\n\n\n<p>La c\u00e9r\u00e9monie, <strong>pr\u00e9sid\u00e9e par les repr\u00e9sentants de l\u2019Inspection G\u00e9n\u00e9rale des Douanes<\/strong>, s\u2019est conclue par la <strong>lecture officielle de l\u2019arr\u00eat\u00e9 de nomination<\/strong>, effectu\u00e9e par le <strong>Capitaine Bakary Ke\u00efta<\/strong>, sous la coordination du <strong>Chef de mission, le Capitaine Salifou Camara<\/strong>.<\/p>\n\n\n\n<figure class=\"wp-block-image size-full\"><img decoding=\"async\" width=\"1020\" height=\"574\" src=\"https:\/\/lereveil224.info\/wp-content\/uploads\/2025\/10\/IMG-20251015-WA0003.jpg\" alt=\"\" class=\"wp-image-8978\" srcset=\"https:\/\/lereveil224.info\/wp-content\/uploads\/2025\/10\/IMG-20251015-WA0003.jpg 1020w, https:\/\/lereveil224.info\/wp-content\/uploads\/2025\/10\/IMG-20251015-WA0003-300x169.jpg 300w, https:\/\/lereveil224.info\/wp-content\/uploads\/2025\/10\/IMG-20251015-WA0003-768x432.jpg 768w\" sizes=\"(max-width: 1020px) 100vw, 1020px\" \/><\/figure>\n\n\n\n<figure class=\"wp-block-image size-full\"><img decoding=\"async\" width=\"1020\" height=\"574\" src=\"https:\/\/lereveil224.info\/wp-content\/uploads\/2025\/10\/IMG-20251015-WA0003.jpg\" alt=\"\" class=\"wp-image-8978\" srcset=\"https:\/\/lereveil224.info\/wp-content\/uploads\/2025\/10\/IMG-20251015-WA0003.jpg 1020w, https:\/\/lereveil224.info\/wp-content\/uploads\/2025\/10\/IMG-20251015-WA0003-300x169.jpg 300w, https:\/\/lereveil224.info\/wp-content\/uploads\/2025\/10\/IMG-20251015-WA0003-768x432.jpg 768w\" sizes=\"(max-width: 1020px) 100vw, 1020px\" \/><\/figure>\n\n\n\n<p>Elle s\u2019est poursuivie par <strong>l\u2019installation et la remise des sceaux<\/strong> au <strong>nouveau Directeur R\u00e9gional des Douanes<\/strong>, le <strong>Colonel Alpha Yaya Diallo<\/strong>, avant de s\u2019achever dans une atmosph\u00e8re empreinte de <strong>solennit\u00e9<\/strong>, marqu\u00e9e par les <strong>pri\u00e8res et b\u00e9n\u00e9dictions des autorit\u00e9s religieuses<\/strong>, suivies de la <strong>traditionnelle photo de famille<\/strong>.<\/p>\n\n\n\n<p><strong>Thierno Amadou Diallo<\/strong><br><em>Correspondant r\u00e9gional \u00e0 N\u2019Z\u00e9r\u00e9kor\u00e9<\/em><\/p>\n","protected":false},"excerpt":{"rendered":"<p>\u00c0 l\u2019occasion de sa nomination, le 26 septembre 2025, au poste de Directeur des Douanes de Conakry-Centre, et lors de la c\u00e9r\u00e9monie de passation de service tenue le lundi 13 octobre 2025, le Colonel Tallah Diakit\u00e9 a re\u00e7u les honneurs du v\u00e9n\u00e9r\u00e9 Patriarche de la For\u00eat. Cette distinction, \u00e0 forte port\u00e9e symbolique, vient saluer la [&hellip;]<\/p>\n","protected":false},"author":123458,"featured_media":8981,"comment_status":"open","ping_status":"open","sticky":false,"template":"","format":"standard","meta":{"_acf_changed":false,"footnotes":""},"categories":[11,18],"tags":[],"class_list":["post-8975","post","type-post","status-publish","format-standard","has-post-thumbnail","hentry","category-actualite","category-region"],"acf":[],"_links":{"self":[{"href":"https:\/\/lereveil224.info\/index.php\/wp-json\/wp\/v2\/posts\/8975","targetHints":{"allow":["GET"]}}],"collection":[{"href":"https:\/\/lereveil224.info\/index.php\/wp-json\/wp\/v2\/posts"}],"about":[{"href":"https:\/\/lereveil224.info\/index.php\/wp-json\/wp\/v2\/types\/post"}],"author":[{"embeddable":true,"href":"https:\/\/lereveil224.info\/index.php\/wp-json\/wp\/v2\/users\/123458"}],"replies":[{"embeddable":true,"href":"https:\/\/lereveil224.info\/index.php\/wp-json\/wp\/v2\/comments?post=8975"}],"version-history":[{"count":3,"href":"https:\/\/lereveil224.info\/index.php\/wp-json\/wp\/v2\/posts\/8975\/revisions"}],"predecessor-version":[{"id":8983,"href":"https:\/\/lereveil224.info\/index.php\/wp-json\/wp\/v2\/posts\/8975\/revisions\/8983"}],"wp:featuredmedia":[{"embeddable":true,"href":"https:\/\/lereveil224.info\/index.php\/wp-json\/wp\/v2\/media\/8981"}],"wp:attachment":[{"href":"https:\/\/lereveil224.info\/index.php\/wp-json\/wp\/v2\/media?parent=8975"}],"wp:term":[{"taxonomy":"category","embeddable":true,"href":"https:\/\/lereveil224.info\/index.php\/wp-json\/wp\/v2\/categories?post=8975"},{"taxonomy":"post_tag","embeddable":true,"href":"https:\/\/lereveil224.info\/index.php\/wp-json\/wp\/v2\/tags?post=8975"}],"curies":[{"name":"wp","href":"https:\/\/api.w.org\/{rel}","templated":true}]}}