{"id":8966,"date":"2025-10-15T07:47:27","date_gmt":"2025-10-15T07:47:27","guid":{"rendered":"https:\/\/lereveil224.info\/?p=8966"},"modified":"2025-10-15T07:47:28","modified_gmt":"2025-10-15T07:47:28","slug":"nzerekore-le-colonel-tallah-diakite-honore-pour-deux-ans-de-gestion-exemplaire-a-la-tete-de-la-douane-regionale","status":"publish","type":"post","link":"https:\/\/lereveil224.info\/index.php\/2025\/10\/15\/nzerekore-le-colonel-tallah-diakite-honore-pour-deux-ans-de-gestion-exemplaire-a-la-tete-de-la-douane-regionale\/","title":{"rendered":"N\u2019Z\u00e9r\u00e9kor\u00e9 : Le Colonel Tallah Diakit\u00e9, honor\u00e9 pour deux ans de gestion exemplaire \u00e0 la t\u00eate de la Douane r\u00e9gionale"},"content":{"rendered":"\n<p>La direction r\u00e9gionale des douanes de N&rsquo;Z\u00e9r\u00e9kor\u00e9 a servi de cadre \u00e0 la passation de service ce lundi 13 octobre 2025 entre le directeur entrant Colonel Alpha Yaya Diallo, et sortant Colonel Tallah Diakit\u00e9, en pr\u00e9sence du gouverneur de la r\u00e9gion,&nbsp; des autorit\u00e9s douani\u00e8res, militaires, religieuses et morales.&nbsp;<\/p>\n\n\n\n<figure class=\"wp-block-image size-full\"><img fetchpriority=\"high\" decoding=\"async\" width=\"600\" height=\"563\" src=\"https:\/\/lereveil224.info\/wp-content\/uploads\/2025\/10\/IMG-20251015-WA0007.jpg\" alt=\"\" class=\"wp-image-8969\" srcset=\"https:\/\/lereveil224.info\/wp-content\/uploads\/2025\/10\/IMG-20251015-WA0007.jpg 600w, https:\/\/lereveil224.info\/wp-content\/uploads\/2025\/10\/IMG-20251015-WA0007-300x282.jpg 300w\" sizes=\"(max-width: 600px) 100vw, 600px\" \/><\/figure>\n\n\n\n<p>Prenant la parole, devant une forte mobilisation populaire le directeur r\u00e9gional sortant des douanes de N&rsquo;Z\u00e9r\u00e9kor\u00e9, soit le 21\u00e8me dans l&rsquo;histoire de cette administration depuis 1964, a tout d&rsquo;abord remercie ces parents en ces termes \u00ab&nbsp;je tiens \u00e0 exprimer ma profonde gratitude \u00e0 mes parents, dont les valeurs et la sagesse m\u2019ont toujours guid\u00e9 dans l\u2019adaptation aux circonstances, dans le respect de la dignit\u00e9 humaine&nbsp;\u00bb<\/p>\n\n\n\n<p>Poursuivant son discours, le Colonel Tallah Diakit\u00e9 a proc\u00e9d\u00e9 \u00e0 une pr\u00e9sentation g\u00e9ographique de la Direction R\u00e9gionale des Douanes de N\u2019Z\u00e9r\u00e9kor\u00e9. Il a rappel\u00e9 que cette direction, situ\u00e9e dans la partie sud du pays, couvre une superficie de 37 653 km\u00b2. Elle partage des fronti\u00e8res internationales avec les R\u00e9publiques s\u0153urs de la C\u00f4te d\u2019Ivoire \u00e0 l\u2019Est, du Liberia au Sud et de la Sierra Leone \u00e0 l\u2019Ouest. <\/p>\n\n\n\n<p>Plac\u00e9e sous la tutelle de la Direction G\u00e9n\u00e9rale des Douanes, la Direction R\u00e9gionale de N\u2019Z\u00e9r\u00e9kor\u00e9 comprend une (1) Brigade R\u00e9gionale des Douanes, cinq (5) Directions Pr\u00e9fectorales, onze (11) Bureaux des Douanes, onze (11) Postes Douanes et cent soixante-onze (171) D\u00e9barcad\u00e8res. Elle compte un effectif global de quatre-vingt-dix (90) agents titulaires, toutes cat\u00e9gories, hi\u00e9rarchies et sexes confondus.<\/p>\n\n\n\n<p>S\u2019agissant du bilan de sa gestion, couvrant une p\u00e9riode de deux ans, deux mois et treize jours \u00e0 la t\u00eate de la Direction R\u00e9gionale des Douanes de N\u2019Z\u00e9r\u00e9kor\u00e9, le Colonel Tallah Diakit\u00e9 a pr\u00e9cis\u00e9 \u00ab&nbsp;au compte de l\u2019exercice 2025, il nous a \u00e9t\u00e9 assign\u00e9 un quota de 49&nbsp;430&nbsp;037 000 GNF contre 35&nbsp;769&nbsp;132&nbsp;000 GNF en 2024 soit une augmentation de 13&nbsp;660&nbsp;905&nbsp;000 GNF.<\/p>\n\n\n\n<p>Pour les neuf (09) mois de l\u2019ann\u00e9e 2025, nous avons eu \u00e0 r\u00e9aliser : 58&nbsp;591&nbsp;752 022 GNF soit un taux de r\u00e9alisation global de 158.04%, avec un d\u00e9passement de 21&nbsp;519&nbsp;224 272 GNF.<\/p>\n\n\n\n<p>Cet Excellent travail r\u00e9pond \u00e0 l\u2019esprit de refondation et au soucis d\u2019ind\u00e9pendance \u00e9conomique du C.N.R.D avec le leadership \u00e9clair\u00e9 de son Excellence Facinet SYLLA, Ministre du Budget sous la coordination du Colonel Check Gadiri CONDE, Directeur G\u00e9n\u00e9ral des Douanes, Inspecteur des Douanes, Expert de l\u2019OMD en droit de propri\u00e9t\u00e9 intellectuelle&nbsp;; qui \u00e0 donner un nouveau souffle \u00e0 notre administration&nbsp;\u00bb<\/p>\n\n\n\n<p>Sur les difficult\u00e9s il dit \u00ab&nbsp;Dans le cadre de la mobilisation constante des ressources budg\u00e9taires, nous rencontrons des difficult\u00e9s dont entre autres&nbsp;: La d\u00e9gradation tr\u00e8s pouss\u00e9e de nos routes&nbsp;; le manque d\u2019engins roulants&nbsp;: v\u00e9hicules et motos&nbsp;; le manque de moyens de communications et le manque criard de personnels exp\u00e9riment\u00e9s. \u00bb Je ne s\u2019aurais termin\u00e9 mon discours, sans remercier les op\u00e9rateurs \u00e9conomiques qui ont \u00e9t\u00e9 d\u2019un grand apport pour l\u2019accomplissement de cette mission, conclura t-il. <\/p>\n\n\n\n<figure class=\"wp-block-image size-full\"><img decoding=\"async\" width=\"1020\" height=\"574\" src=\"https:\/\/lereveil224.info\/wp-content\/uploads\/2025\/10\/IMG-20251015-WA0001.jpg\" alt=\"\" class=\"wp-image-8971\" srcset=\"https:\/\/lereveil224.info\/wp-content\/uploads\/2025\/10\/IMG-20251015-WA0001.jpg 1020w, https:\/\/lereveil224.info\/wp-content\/uploads\/2025\/10\/IMG-20251015-WA0001-300x169.jpg 300w, https:\/\/lereveil224.info\/wp-content\/uploads\/2025\/10\/IMG-20251015-WA0001-768x432.jpg 768w\" sizes=\"(max-width: 1020px) 100vw, 1020px\" \/><\/figure>\n\n\n\n<figure class=\"wp-block-image size-full\"><img decoding=\"async\" width=\"1020\" height=\"574\" src=\"https:\/\/lereveil224.info\/wp-content\/uploads\/2025\/10\/IMG-20251015-WA0001.jpg\" alt=\"\" class=\"wp-image-8971\" srcset=\"https:\/\/lereveil224.info\/wp-content\/uploads\/2025\/10\/IMG-20251015-WA0001.jpg 1020w, https:\/\/lereveil224.info\/wp-content\/uploads\/2025\/10\/IMG-20251015-WA0001-300x169.jpg 300w, https:\/\/lereveil224.info\/wp-content\/uploads\/2025\/10\/IMG-20251015-WA0001-768x432.jpg 768w\" sizes=\"(max-width: 1020px) 100vw, 1020px\" \/><\/figure>\n\n\n\n<p>Pour sa part, le Colonel Alpha Yaya Diallo, Directeur R\u00e9gional des Douanes entrant, a exprim\u00e9 son \u00e9motion et sa reconnaissance en ces termes \u00ab Je suis tr\u00e8s \u00e9mu par tout ce que je viens d\u2019entendre ici. N\u2019Z\u00e9r\u00e9kor\u00e9 est pour moi une terre famili\u00e8re, un milieu o\u00f9 je me sens chez moi. J\u2019y exercerai mes fonctions dans le strict respect de la vision du Pr\u00e9sident de la R\u00e9publique, du Ministre du Budget et du Directeur G\u00e9n\u00e9ral des Douanes, et ce, dans l\u2019int\u00e9r\u00eat sup\u00e9rieur de la Nation. J\u2019en appelle \u00e0 la collaboration de tous ; ma main reste tendue et ma porte grandement ouverte \u00e0 chacun. \u00bb<\/p>\n\n\n\n<figure class=\"wp-block-image size-full\"><img decoding=\"async\" width=\"1020\" height=\"574\" src=\"https:\/\/lereveil224.info\/wp-content\/uploads\/2025\/10\/IMG-20251015-WA0000.jpg\" alt=\"\" class=\"wp-image-8972\" srcset=\"https:\/\/lereveil224.info\/wp-content\/uploads\/2025\/10\/IMG-20251015-WA0000.jpg 1020w, https:\/\/lereveil224.info\/wp-content\/uploads\/2025\/10\/IMG-20251015-WA0000-300x169.jpg 300w, https:\/\/lereveil224.info\/wp-content\/uploads\/2025\/10\/IMG-20251015-WA0000-768x432.jpg 768w\" sizes=\"(max-width: 1020px) 100vw, 1020px\" \/><\/figure>\n\n\n\n<figure class=\"wp-block-image size-full\"><img decoding=\"async\" width=\"1020\" height=\"574\" src=\"https:\/\/lereveil224.info\/wp-content\/uploads\/2025\/10\/IMG-20251015-WA0000.jpg\" alt=\"\" class=\"wp-image-8972\" srcset=\"https:\/\/lereveil224.info\/wp-content\/uploads\/2025\/10\/IMG-20251015-WA0000.jpg 1020w, https:\/\/lereveil224.info\/wp-content\/uploads\/2025\/10\/IMG-20251015-WA0000-300x169.jpg 300w, https:\/\/lereveil224.info\/wp-content\/uploads\/2025\/10\/IMG-20251015-WA0000-768x432.jpg 768w\" sizes=\"(max-width: 1020px) 100vw, 1020px\" \/><\/figure>\n\n\n\n<p>En sa qualit\u00e9 de pr\u00e9sident de la c\u00e9r\u00e9monie, le Gouverneur de la R\u00e9gion Administrative de N\u2019Z\u00e9r\u00e9kor\u00e9, le Colonel Aly Badra Camara, a tenu \u00e0 rendre un vibrant hommage au Directeur r\u00e9gional sortant. Dans son allocution, il a d\u00e9clar\u00e9 \u00ab Le travail remarquable que vous avez accompli en l\u2019espace de deux ans traduit sans \u00e9quivoque votre patriotisme, votre sens aigu de la responsabilit\u00e9 et votre loyaut\u00e9 envers la Nation. En reconnaissance des loyaux services rendus \u00e0 la r\u00e9gion, avec un professionnalisme exemplaire, je vous d\u00e9cerne \u00e0 titre exceptionnel ce satisfecit, symbole de notre gratitude et de notre estime. \u00bb<\/p>\n\n\n\n<p>C\u2019est par la lecture de l\u2019arr\u00eat\u00e9 de nomination, assur\u00e9e par le Capitaine Bakary Ke\u00efta, sous la coordination du Chef de mission, le Capitaine Salifou Camara, tous deux repr\u00e9sentants de l\u2019Inspection G\u00e9n\u00e9rale des Douanes, que la c\u00e9r\u00e9monie a pris fin. Elle s\u2019est conclue par l\u2019installation officielle et la remise des sceaux au nouveau Directeur R\u00e9gional des Douanes, le Colonel Alpha Yaya Diallo, avant de s\u2019achever dans une atmosph\u00e8re empreinte de solennit\u00e9, marqu\u00e9e par les pri\u00e8res et b\u00e9n\u00e9dictions formul\u00e9es par les autorit\u00e9s religieuses.<\/p>\n\n\n\n<p>Thierno Amadou Diallo<\/p>\n\n\n\n<p><\/p>\n","protected":false},"excerpt":{"rendered":"<p>La direction r\u00e9gionale des douanes de N&rsquo;Z\u00e9r\u00e9kor\u00e9 a servi de cadre \u00e0 la passation de service ce lundi 13 octobre 2025 entre le directeur entrant Colonel Alpha Yaya Diallo, et sortant Colonel Tallah Diakit\u00e9, en pr\u00e9sence du gouverneur de la r\u00e9gion,&nbsp; des autorit\u00e9s douani\u00e8res, militaires, religieuses et morales.&nbsp; Prenant la parole, devant une forte mobilisation [&hellip;]<\/p>\n","protected":false},"author":123458,"featured_media":8970,"comment_status":"open","ping_status":"open","sticky":false,"template":"","format":"standard","meta":{"_acf_changed":false,"footnotes":""},"categories":[11,18],"tags":[],"class_list":["post-8966","post","type-post","status-publish","format-standard","has-post-thumbnail","hentry","category-actualite","category-region"],"acf":[],"_links":{"self":[{"href":"https:\/\/lereveil224.info\/index.php\/wp-json\/wp\/v2\/posts\/8966","targetHints":{"allow":["GET"]}}],"collection":[{"href":"https:\/\/lereveil224.info\/index.php\/wp-json\/wp\/v2\/posts"}],"about":[{"href":"https:\/\/lereveil224.info\/index.php\/wp-json\/wp\/v2\/types\/post"}],"author":[{"embeddable":true,"href":"https:\/\/lereveil224.info\/index.php\/wp-json\/wp\/v2\/users\/123458"}],"replies":[{"embeddable":true,"href":"https:\/\/lereveil224.info\/index.php\/wp-json\/wp\/v2\/comments?post=8966"}],"version-history":[{"count":4,"href":"https:\/\/lereveil224.info\/index.php\/wp-json\/wp\/v2\/posts\/8966\/revisions"}],"predecessor-version":[{"id":8974,"href":"https:\/\/lereveil224.info\/index.php\/wp-json\/wp\/v2\/posts\/8966\/revisions\/8974"}],"wp:featuredmedia":[{"embeddable":true,"href":"https:\/\/lereveil224.info\/index.php\/wp-json\/wp\/v2\/media\/8970"}],"wp:attachment":[{"href":"https:\/\/lereveil224.info\/index.php\/wp-json\/wp\/v2\/media?parent=8966"}],"wp:term":[{"taxonomy":"category","embeddable":true,"href":"https:\/\/lereveil224.info\/index.php\/wp-json\/wp\/v2\/categories?post=8966"},{"taxonomy":"post_tag","embeddable":true,"href":"https:\/\/lereveil224.info\/index.php\/wp-json\/wp\/v2\/tags?post=8966"}],"curies":[{"name":"wp","href":"https:\/\/api.w.org\/{rel}","templated":true}]}}