{"id":8955,"date":"2025-10-13T16:50:45","date_gmt":"2025-10-13T16:50:45","guid":{"rendered":"https:\/\/lereveil224.info\/?p=8955"},"modified":"2025-10-13T16:50:46","modified_gmt":"2025-10-13T16:50:46","slug":"france-nicolas-sarkozy-attendu-a-la-prison-de-la-sante-le-21-octobre","status":"publish","type":"post","link":"https:\/\/lereveil224.info\/index.php\/2025\/10\/13\/france-nicolas-sarkozy-attendu-a-la-prison-de-la-sante-le-21-octobre\/","title":{"rendered":"France : Nicolas Sarkozy attendu \u00e0 la prison de la Sant\u00e9 le 21 octobre"},"content":{"rendered":"\n<p>L\u2019ancien pr\u00e9sident fran\u00e7ais <strong>Nicolas Sarkozy<\/strong> vivra, le 21 octobre prochain, un tournant majeur de sa vie politique et personnelle. Convoqu\u00e9 ce lundi 13 octobre 2025 par le <strong>Parquet national financier (PNF)<\/strong>, l\u2019ex-chef de l\u2019\u00c9tat a pris connaissance des modalit\u00e9s de son incarc\u00e9ration, cons\u00e9cutive \u00e0 sa condamnation dans l\u2019affaire du <strong>financement libyen<\/strong> de sa campagne pr\u00e9sidentielle de 2007.<\/p>\n\n\n\n<p>Selon des informations rapport\u00e9es par <strong>l\u2019Agence France Presse (AFP)<\/strong>, Nicolas Sarkozy sera <strong>\u00e9crou\u00e9 \u00e0 la prison de la Sant\u00e9<\/strong>, situ\u00e9e dans le 14\u1d49 arrondissement de Paris. Cette d\u00e9cision intervient apr\u00e8s la condamnation rendue le <strong>25 septembre dernier<\/strong>, dans une affaire qui secoue la sc\u00e8ne politique fran\u00e7aise depuis plus d\u2019une d\u00e9cennie.<\/p>\n\n\n\n<p>Malgr\u00e9 <strong>l\u2019appel d\u00e9pos\u00e9<\/strong> par ses avocats, la peine reste <strong>ex\u00e9cutoire imm\u00e9diatement<\/strong>, en raison de l\u2019ex\u00e9cution provisoire prononc\u00e9e par le tribunal. Cela signifie que l\u2019ancien pr\u00e9sident devra purger sa peine dans l\u2019attente du <strong>nouveau proc\u00e8s<\/strong> devant la <strong>cour d\u2019appel de Paris<\/strong>, pr\u00e9vu dans les prochains mois.<\/p>\n\n\n\n<p>Le <strong>Parquet national financier<\/strong> a refus\u00e9 de commenter l\u2019information, tandis que <strong>Ma\u00eetre Christophe Ingrain<\/strong>, avocat de M. Sarkozy, est rest\u00e9 silencieux face aux m\u00e9dias.<\/p>\n\n\n\n<p>Pour rappel, le tribunal avait estim\u00e9 que plusieurs <strong>proches de Nicolas Sarkozy<\/strong> avaient jou\u00e9 un r\u00f4le cl\u00e9 dans un syst\u00e8me d\u2019interm\u00e9diaires permettant la r\u00e9ception de fonds provenant du r\u00e9gime de <strong>Mouammar Kadhafi<\/strong>, alors dirigeant libyen, afin de financer la campagne victorieuse de 2007.<\/p>\n\n\n\n<p>Ainsi, \u00e0 70 ans, l\u2019ancien pr\u00e9sident fran\u00e7ais voit son destin s\u2019\u00e9crire d\u00e9sormais entre <strong>appel judiciaire<\/strong> et <strong>passage oblig\u00e9 derri\u00e8re les barreaux<\/strong>, marquant un nouvel \u00e9pisode d\u2019une affaire qui restera comme l\u2019une des plus retentissantes de la Ve R\u00e9publique.<\/p>\n\n\n\n<p><strong>Mamadouba CAMARA <\/strong><\/p>\n","protected":false},"excerpt":{"rendered":"<p>L\u2019ancien pr\u00e9sident fran\u00e7ais Nicolas Sarkozy vivra, le 21 octobre prochain, un tournant majeur de sa vie politique et personnelle. Convoqu\u00e9 ce lundi 13 octobre 2025 par le Parquet national financier (PNF), l\u2019ex-chef de l\u2019\u00c9tat a pris connaissance des modalit\u00e9s de son incarc\u00e9ration, cons\u00e9cutive \u00e0 sa condamnation dans l\u2019affaire du financement libyen de sa campagne pr\u00e9sidentielle [&hellip;]<\/p>\n","protected":false},"author":123458,"featured_media":8956,"comment_status":"open","ping_status":"open","sticky":false,"template":"","format":"standard","meta":{"_acf_changed":false,"footnotes":""},"categories":[11,2,41],"tags":[],"class_list":["post-8955","post","type-post","status-publish","format-standard","has-post-thumbnail","hentry","category-actualite","category-politique","category-sante"],"acf":[],"_links":{"self":[{"href":"https:\/\/lereveil224.info\/index.php\/wp-json\/wp\/v2\/posts\/8955","targetHints":{"allow":["GET"]}}],"collection":[{"href":"https:\/\/lereveil224.info\/index.php\/wp-json\/wp\/v2\/posts"}],"about":[{"href":"https:\/\/lereveil224.info\/index.php\/wp-json\/wp\/v2\/types\/post"}],"author":[{"embeddable":true,"href":"https:\/\/lereveil224.info\/index.php\/wp-json\/wp\/v2\/users\/123458"}],"replies":[{"embeddable":true,"href":"https:\/\/lereveil224.info\/index.php\/wp-json\/wp\/v2\/comments?post=8955"}],"version-history":[{"count":1,"href":"https:\/\/lereveil224.info\/index.php\/wp-json\/wp\/v2\/posts\/8955\/revisions"}],"predecessor-version":[{"id":8957,"href":"https:\/\/lereveil224.info\/index.php\/wp-json\/wp\/v2\/posts\/8955\/revisions\/8957"}],"wp:featuredmedia":[{"embeddable":true,"href":"https:\/\/lereveil224.info\/index.php\/wp-json\/wp\/v2\/media\/8956"}],"wp:attachment":[{"href":"https:\/\/lereveil224.info\/index.php\/wp-json\/wp\/v2\/media?parent=8955"}],"wp:term":[{"taxonomy":"category","embeddable":true,"href":"https:\/\/lereveil224.info\/index.php\/wp-json\/wp\/v2\/categories?post=8955"},{"taxonomy":"post_tag","embeddable":true,"href":"https:\/\/lereveil224.info\/index.php\/wp-json\/wp\/v2\/tags?post=8955"}],"curies":[{"name":"wp","href":"https:\/\/api.w.org\/{rel}","templated":true}]}}