{"id":8948,"date":"2025-10-12T07:56:09","date_gmt":"2025-10-12T07:56:09","guid":{"rendered":"https:\/\/lereveil224.info\/?p=8948"},"modified":"2025-10-12T07:56:11","modified_gmt":"2025-10-12T07:56:11","slug":"diplomatie-guineenne-16-nouveaux-ambassadeurs-accredites-aupres-du-president-mamadi-doumbouya","status":"publish","type":"post","link":"https:\/\/lereveil224.info\/index.php\/2025\/10\/12\/diplomatie-guineenne-16-nouveaux-ambassadeurs-accredites-aupres-du-president-mamadi-doumbouya\/","title":{"rendered":"Diplomatie guin\u00e9enne : 16 nouveaux ambassadeurs accr\u00e9dit\u00e9s aupr\u00e8s du Pr\u00e9sident Mamadi Doumbouya"},"content":{"rendered":"\n<p>Dans un cadre empreint de solennit\u00e9 et de respect protocolaire, cette c\u00e9r\u00e9monie marque une \u00e9tape majeure dans le <strong>renforcement de la coop\u00e9ration internationale<\/strong> entre la Guin\u00e9e et les pays repr\u00e9sent\u00e9s.<\/p>\n\n\n\n<p>\u00c9taient pr\u00e9sents \u00e0 cet \u00e9v\u00e9nement diplomatique d\u2019envergure : le <strong>G\u00e9n\u00e9ral Amara Camara<\/strong>, Ministre Secr\u00e9taire G\u00e9n\u00e9ral de la Pr\u00e9sidence ; <strong>Djiba Diakit\u00e9<\/strong>, Ministre Directeur de Cabinet de la Pr\u00e9sidence ; <strong>Dr Morissanda Kouyat\u00e9<\/strong>, Ministre des Affaires \u00e9trang\u00e8res, de l\u2019Int\u00e9gration africaine et des Guin\u00e9ens \u00e9tablis \u00e0 l\u2019\u00e9tranger ; <strong>Aboubacar Sidiki Camara<\/strong>, Ministre de la D\u00e9fense nationale ; <strong>Mourana Soumah<\/strong>, Ministre de l\u2019\u00c9conomie et des Finances ; le <strong>G\u00e9n\u00e9ral Abdoulaye Ke\u00efta<\/strong>, Chef d\u2019\u00c9tat-major de l\u2019Arm\u00e9e de Terre, ainsi que le <strong>Colonel Mouctar Kaba<\/strong>, Commandant du Groupement des Forces Sp\u00e9ciales.<\/p>\n\n\n\n<p>Dans son adresse, le Chef de l\u2019\u00c9tat a salu\u00e9 la volont\u00e9 de ces nouveaux ambassadeurs de <strong>renforcer les liens d\u2019amiti\u00e9 et de coop\u00e9ration<\/strong> entre leurs pays respectifs et la R\u00e9publique de Guin\u00e9e. Il a \u00e9galement r\u00e9affirm\u00e9 l\u2019engagement de son gouvernement \u00e0 poursuivre une <strong>politique \u00e9trang\u00e8re ouverte, \u00e9quilibr\u00e9e et ax\u00e9e sur le respect mutuel et le d\u00e9veloppement partag\u00e9<\/strong>.<\/p>\n\n\n\n<p>Cette c\u00e9r\u00e9monie t\u00e9moigne une fois de plus du <strong>rayonnement diplomatique croissant de la Guin\u00e9e<\/strong> sur la sc\u00e8ne internationale, sous la conduite du G\u00e9n\u00e9ral Mamadi Doumbouya, d\u00e9termin\u00e9 \u00e0 inscrire le pays dans une dynamique de partenariat constructif et durable avec le reste du monde.<\/p>\n\n\n\n<p><strong>Mamadouba CAMARA <\/strong><\/p>\n","protected":false},"excerpt":{"rendered":"<p>Dans un cadre empreint de solennit\u00e9 et de respect protocolaire, cette c\u00e9r\u00e9monie marque une \u00e9tape majeure dans le renforcement de la coop\u00e9ration internationale entre la Guin\u00e9e et les pays repr\u00e9sent\u00e9s. \u00c9taient pr\u00e9sents \u00e0 cet \u00e9v\u00e9nement diplomatique d\u2019envergure : le G\u00e9n\u00e9ral Amara Camara, Ministre Secr\u00e9taire G\u00e9n\u00e9ral de la Pr\u00e9sidence ; Djiba Diakit\u00e9, Ministre Directeur de Cabinet [&hellip;]<\/p>\n","protected":false},"author":123458,"featured_media":8949,"comment_status":"open","ping_status":"open","sticky":false,"template":"","format":"standard","meta":{"_acf_changed":false,"footnotes":""},"categories":[11,2],"tags":[],"class_list":["post-8948","post","type-post","status-publish","format-standard","has-post-thumbnail","hentry","category-actualite","category-politique"],"acf":[],"_links":{"self":[{"href":"https:\/\/lereveil224.info\/index.php\/wp-json\/wp\/v2\/posts\/8948","targetHints":{"allow":["GET"]}}],"collection":[{"href":"https:\/\/lereveil224.info\/index.php\/wp-json\/wp\/v2\/posts"}],"about":[{"href":"https:\/\/lereveil224.info\/index.php\/wp-json\/wp\/v2\/types\/post"}],"author":[{"embeddable":true,"href":"https:\/\/lereveil224.info\/index.php\/wp-json\/wp\/v2\/users\/123458"}],"replies":[{"embeddable":true,"href":"https:\/\/lereveil224.info\/index.php\/wp-json\/wp\/v2\/comments?post=8948"}],"version-history":[{"count":1,"href":"https:\/\/lereveil224.info\/index.php\/wp-json\/wp\/v2\/posts\/8948\/revisions"}],"predecessor-version":[{"id":8950,"href":"https:\/\/lereveil224.info\/index.php\/wp-json\/wp\/v2\/posts\/8948\/revisions\/8950"}],"wp:featuredmedia":[{"embeddable":true,"href":"https:\/\/lereveil224.info\/index.php\/wp-json\/wp\/v2\/media\/8949"}],"wp:attachment":[{"href":"https:\/\/lereveil224.info\/index.php\/wp-json\/wp\/v2\/media?parent=8948"}],"wp:term":[{"taxonomy":"category","embeddable":true,"href":"https:\/\/lereveil224.info\/index.php\/wp-json\/wp\/v2\/categories?post=8948"},{"taxonomy":"post_tag","embeddable":true,"href":"https:\/\/lereveil224.info\/index.php\/wp-json\/wp\/v2\/tags?post=8948"}],"curies":[{"name":"wp","href":"https:\/\/api.w.org\/{rel}","templated":true}]}}