{"id":8921,"date":"2025-10-09T09:08:08","date_gmt":"2025-10-09T09:08:08","guid":{"rendered":"https:\/\/lereveil224.info\/?p=8921"},"modified":"2025-10-09T09:08:09","modified_gmt":"2025-10-09T09:08:09","slug":"guinee-le-numerique-au-service-de-la-jeunesse-lancement-de-la-3eme-edition-du-programme-r-cun-pour-former-une-generation-connectee-et-competente","status":"publish","type":"post","link":"https:\/\/lereveil224.info\/index.php\/2025\/10\/09\/guinee-le-numerique-au-service-de-la-jeunesse-lancement-de-la-3eme-edition-du-programme-r-cun-pour-former-une-generation-connectee-et-competente\/","title":{"rendered":"Guin\u00e9e \u2013 Le num\u00e9rique au service de la jeunesse : lancement de la 3\u00e8me \u00e9dition du programme R-CUN pour former une g\u00e9n\u00e9ration connect\u00e9e et comp\u00e9tente"},"content":{"rendered":"\n<p>Sous le haut patronage du <strong>Minist\u00e8re des Postes, des T\u00e9l\u00e9communications et de l\u2019\u00c9conomie Num\u00e9rique (MPTEN)<\/strong>, en collaboration avec <strong>l\u2019Agence Nationale du Service Universel des T\u00e9l\u00e9communications et du Num\u00e9rique (ANSUTEN)<\/strong>, la <strong>3\u1d49 \u00e9dition du programme de Renforcement des Capacit\u00e9s \u00e0 l\u2019Usage du Num\u00e9rique (R-CUN)<\/strong> a \u00e9t\u00e9 officiellement lanc\u00e9e.<\/p>\n\n\n\n<figure class=\"wp-block-image size-large\"><img fetchpriority=\"high\" decoding=\"async\" width=\"1024\" height=\"683\" src=\"https:\/\/lereveil224.info\/wp-content\/uploads\/2025\/10\/FB_IMG_1759999994642-1024x683.jpg\" alt=\"\" class=\"wp-image-8917\" srcset=\"https:\/\/lereveil224.info\/wp-content\/uploads\/2025\/10\/FB_IMG_1759999994642-1024x683.jpg 1024w, https:\/\/lereveil224.info\/wp-content\/uploads\/2025\/10\/FB_IMG_1759999994642-300x200.jpg 300w, https:\/\/lereveil224.info\/wp-content\/uploads\/2025\/10\/FB_IMG_1759999994642-768x512.jpg 768w, https:\/\/lereveil224.info\/wp-content\/uploads\/2025\/10\/FB_IMG_1759999994642.jpg 1040w\" sizes=\"(max-width: 1024px) 100vw, 1024px\" \/><\/figure>\n\n\n\n<p>La c\u00e9r\u00e9monie, pr\u00e9sid\u00e9e par la Ministre du MPTEN, <strong>Madame Rose Pola Pricemou<\/strong>, en pr\u00e9sence du <strong>Ministre de l\u2019\u00c9conomie et des Finances, Mourana Soumah<\/strong>, a r\u00e9uni des membres du gouvernement, des partenaires techniques, des acteurs du num\u00e9rique, des \u00e9tudiants, des enseignants et de jeunes entrepreneurs. Tous \u00e9taient unis autour d\u2019un m\u00eame id\u00e9al : <strong>faire du num\u00e9rique un pilier du d\u00e9veloppement et de la souverainet\u00e9 technologique de la Guin\u00e9e.<\/strong><\/p>\n\n\n\n<h3 class=\"wp-block-heading\"><strong>Un levier strat\u00e9gique pour l\u2019autonomie et la comp\u00e9titivit\u00e9<\/strong><\/h3>\n\n\n\n<p>Initi\u00e9 par l\u2019ANSUTEN, le programme <strong>R-CUN<\/strong> traduit la vision du <strong>Chef de l\u2019\u00c9tat<\/strong> dans le cadre du plan <strong>\u00ab Simandou 2040 \u00bb<\/strong>, qui vise \u00e0 faire du num\u00e9rique un moteur d\u2019autonomie, de comp\u00e9titivit\u00e9 et d\u2019inclusion.<\/p>\n\n\n\n<p>Apr\u00e8s deux \u00e9ditions marqu\u00e9es par des r\u00e9sultats encourageants \u2014 <strong>450 jeunes form\u00e9s, 43 certifi\u00e9s<\/strong> et <strong>plus de 300 femmes autonomis\u00e9es<\/strong> \u2014 cette nouvelle phase affiche des ambitions encore plus fortes :<\/p>\n\n\n\n<ul class=\"wp-block-list\">\n<li><strong>Former 1 500 \u00e9tudiants<\/strong> \u00e0 l\u2019usage strat\u00e9gique du num\u00e9rique ;<\/li>\n\n\n\n<li><strong>Certifier 130 apprenants<\/strong> issus des fili\u00e8res TIC, \u00e0 travers des programmes reconnus au niveau international.<\/li>\n<\/ul>\n\n\n\n<h3 class=\"wp-block-heading\"><strong>Le num\u00e9rique, une arme d\u2019inclusion et d\u2019\u00e9mancipation<\/strong><\/h3>\n\n\n\n<p>Dans son allocution, la Ministre Rose Pola Pricemou a salu\u00e9 les efforts collectifs du MPTEN pour faire du num\u00e9rique un outil d\u2019inclusion, en particulier pour les femmes.<\/p>\n\n\n\n<p>Elle a rappel\u00e9 plusieurs initiatives concr\u00e8tes d\u00e9j\u00e0 en cours :<\/p>\n\n\n\n<ul class=\"wp-block-list\">\n<li><strong>100 participantes<\/strong> suivent actuellement une formation sp\u00e9cialis\u00e9e en d\u00e9veloppement de solutions num\u00e9riques \u00e0 <strong>Conakry, Mamou et Lab\u00e9<\/strong>, en pr\u00e9lude au <strong>Hackathon national<\/strong> pr\u00e9vu lors du <em>Transform Africa Summit<\/em> ;<\/li>\n\n\n\n<li><strong>400 autres femmes<\/strong> b\u00e9n\u00e9ficieront prochainement d\u2019une formation en <strong>marketing digital<\/strong>, gr\u00e2ce \u00e0 un <strong>partenariat strat\u00e9gique avec Orange Guin\u00e9e<\/strong>.<\/li>\n<\/ul>\n\n\n\n<p>Ces actions, a-t-elle soulign\u00e9, traduisent la volont\u00e9 du gouvernement d\u2019offrir \u00e0 chaque Guin\u00e9en, sans distinction, les moyens de ma\u00eetriser les outils du monde moderne.<\/p>\n\n\n\n<h3 class=\"wp-block-heading\"><strong>Un cap clair : une Guin\u00e9e num\u00e9rique, forte et comp\u00e9titive<\/strong><\/h3>\n\n\n\n<p>La <strong>3\u1d49 \u00e9dition du programme R-CUN<\/strong> s\u2019inscrit dans une dynamique de transformation profonde : celle d\u2019une Guin\u00e9e r\u00e9solument tourn\u00e9e vers le futur, o\u00f9 le num\u00e9rique devient <strong>un levier de formation, d\u2019innovation et de d\u00e9veloppement durable<\/strong>.<\/p>\n\n\n\n<p>Avec une jeunesse motiv\u00e9e, des partenariats solides et une vision claire, le MPTEN et l\u2019ANSUTEN affirment leur engagement \u00e0 <strong>construire une Guin\u00e9e connect\u00e9e, souveraine et inclusive<\/strong>, capable de rivaliser sur la sc\u00e8ne africaine et internationale.<\/p>\n\n\n\n<p><strong>\u00ab Le num\u00e9rique n\u2019est plus un choix, c\u2019est une n\u00e9cessit\u00e9 pour b\u00e2tir une Guin\u00e9e forte et comp\u00e9titive \u00bb,<\/strong> a conclu la Ministre Rose Pola Pricemou, d\u00e9termin\u00e9e \u00e0 faire de cette r\u00e9volution digitale un moteur de progr\u00e8s pour tous.<\/p>\n\n\n\n<p><strong>Mamadouba CAMARA <\/strong><\/p>\n","protected":false},"excerpt":{"rendered":"<p>Sous le haut patronage du Minist\u00e8re des Postes, des T\u00e9l\u00e9communications et de l\u2019\u00c9conomie Num\u00e9rique (MPTEN), en collaboration avec l\u2019Agence Nationale du Service Universel des T\u00e9l\u00e9communications et du Num\u00e9rique (ANSUTEN), la 3\u1d49 \u00e9dition du programme de Renforcement des Capacit\u00e9s \u00e0 l\u2019Usage du Num\u00e9rique (R-CUN) a \u00e9t\u00e9 officiellement lanc\u00e9e. La c\u00e9r\u00e9monie, pr\u00e9sid\u00e9e par la Ministre du MPTEN, [&hellip;]<\/p>\n","protected":false},"author":123458,"featured_media":8918,"comment_status":"open","ping_status":"open","sticky":false,"template":"","format":"standard","meta":{"_acf_changed":false,"footnotes":""},"categories":[11,59,56],"tags":[],"class_list":["post-8921","post","type-post","status-publish","format-standard","has-post-thumbnail","hentry","category-actualite","category-nationale","category-technologie"],"acf":[],"_links":{"self":[{"href":"https:\/\/lereveil224.info\/index.php\/wp-json\/wp\/v2\/posts\/8921","targetHints":{"allow":["GET"]}}],"collection":[{"href":"https:\/\/lereveil224.info\/index.php\/wp-json\/wp\/v2\/posts"}],"about":[{"href":"https:\/\/lereveil224.info\/index.php\/wp-json\/wp\/v2\/types\/post"}],"author":[{"embeddable":true,"href":"https:\/\/lereveil224.info\/index.php\/wp-json\/wp\/v2\/users\/123458"}],"replies":[{"embeddable":true,"href":"https:\/\/lereveil224.info\/index.php\/wp-json\/wp\/v2\/comments?post=8921"}],"version-history":[{"count":2,"href":"https:\/\/lereveil224.info\/index.php\/wp-json\/wp\/v2\/posts\/8921\/revisions"}],"predecessor-version":[{"id":8923,"href":"https:\/\/lereveil224.info\/index.php\/wp-json\/wp\/v2\/posts\/8921\/revisions\/8923"}],"wp:featuredmedia":[{"embeddable":true,"href":"https:\/\/lereveil224.info\/index.php\/wp-json\/wp\/v2\/media\/8918"}],"wp:attachment":[{"href":"https:\/\/lereveil224.info\/index.php\/wp-json\/wp\/v2\/media?parent=8921"}],"wp:term":[{"taxonomy":"category","embeddable":true,"href":"https:\/\/lereveil224.info\/index.php\/wp-json\/wp\/v2\/categories?post=8921"},{"taxonomy":"post_tag","embeddable":true,"href":"https:\/\/lereveil224.info\/index.php\/wp-json\/wp\/v2\/tags?post=8921"}],"curies":[{"name":"wp","href":"https:\/\/api.w.org\/{rel}","templated":true}]}}