{"id":8842,"date":"2025-10-04T18:57:17","date_gmt":"2025-10-04T18:57:17","guid":{"rendered":"https:\/\/lereveil224.info\/?p=8842"},"modified":"2025-10-04T18:57:18","modified_gmt":"2025-10-04T18:57:18","slug":"lappel-au-pardon-dalpha-conde-provoque-colere-et-rejet-chez-les-victimes","status":"publish","type":"post","link":"https:\/\/lereveil224.info\/index.php\/2025\/10\/04\/lappel-au-pardon-dalpha-conde-provoque-colere-et-rejet-chez-les-victimes\/","title":{"rendered":"L\u2019appel au pardon d\u2019Alpha Cond\u00e9 provoque col\u00e8re et rejet chez les victimes"},"content":{"rendered":"\n<p>Depuis son exil en Turquie, l\u2019ancien pr\u00e9sident guin\u00e9en Alpha Cond\u00e9 a surpris l\u2019opinion publique en lan\u00e7ant un appel au pardon pour les violences survenues durant ses onze ann\u00e9es de pouvoir. Un geste qui se voulait symbolique et porteur d\u2019apaisement, mais qui a imm\u00e9diatement suscit\u00e9 col\u00e8re et indignation chez les victimes de son r\u00e9gime. Pour elles, cette demande est non seulement tardive, mais aussi hypocrite et vide de toute port\u00e9e r\u00e9elle, faute d\u2019un engagement clair envers la justice.<\/p>\n\n\n\n<p>\u00ab Pas de pardon sans justice \u00bb, mart\u00e8le Mamadou Kissi Barry, pr\u00e9sident de l\u2019Association des Victimes et Parents du R\u00e9gime d\u2019Alpha Cond\u00e9 (AVIPRAC). Pour lui, il est inconcevable d\u2019envisager une r\u00e9conciliation sans d\u2019abord reconna\u00eetre les crimes commis, traduire leurs auteurs devant la justice et offrir r\u00e9paration aux familles meurtries. \u00ab Le pardon ne saurait pr\u00e9c\u00e9der la justice. C\u2019est une condition indispensable pour gu\u00e9rir les blessures du pass\u00e9 \u00bb, insiste-t-il.<\/p>\n\n\n\n<p>Au-del\u00e0 des d\u00e9clarations, les plaies laiss\u00e9es par la d\u00e9cennie Cond\u00e9 restent encore vives. R\u00e9pressions meurtri\u00e8res de manifestations, arrestations arbitraires, disparitions forc\u00e9es : les pages sombres de ce r\u00e9gime ne peuvent \u00eatre tourn\u00e9es, selon les victimes, qu\u2019\u00e0 travers un processus de v\u00e9rit\u00e9 et de justice.<\/p>\n\n\n\n<p>Pour de nombreux observateurs, la r\u00e9conciliation nationale ne se d\u00e9cr\u00e8te pas dans un simple discours. Elle exige des actes concrets : ouverture d\u2019enqu\u00eates ind\u00e9pendantes, organisation de proc\u00e8s \u00e9quitables, reconnaissance officielle des crimes et mise en place de r\u00e9parations. Sans ces \u00e9tapes, l\u2019appel au pardon d\u2019Alpha Cond\u00e9 appara\u00eet davantage comme une man\u0153uvre politique visant \u00e0 redorer son image, plut\u00f4t qu\u2019un geste sinc\u00e8re en faveur de la paix et de l\u2019unit\u00e9.<\/p>\n\n\n\n<p><strong>Mamadouba CAMARA <\/strong><\/p>\n","protected":false},"excerpt":{"rendered":"<p>Depuis son exil en Turquie, l\u2019ancien pr\u00e9sident guin\u00e9en Alpha Cond\u00e9 a surpris l\u2019opinion publique en lan\u00e7ant un appel au pardon pour les violences survenues durant ses onze ann\u00e9es de pouvoir. Un geste qui se voulait symbolique et porteur d\u2019apaisement, mais qui a imm\u00e9diatement suscit\u00e9 col\u00e8re et indignation chez les victimes de son r\u00e9gime. Pour elles, [&hellip;]<\/p>\n","protected":false},"author":123458,"featured_media":8844,"comment_status":"open","ping_status":"open","sticky":false,"template":"","format":"standard","meta":{"_acf_changed":false,"footnotes":""},"categories":[11,59,2],"tags":[],"class_list":["post-8842","post","type-post","status-publish","format-standard","has-post-thumbnail","hentry","category-actualite","category-nationale","category-politique"],"acf":[],"_links":{"self":[{"href":"https:\/\/lereveil224.info\/index.php\/wp-json\/wp\/v2\/posts\/8842","targetHints":{"allow":["GET"]}}],"collection":[{"href":"https:\/\/lereveil224.info\/index.php\/wp-json\/wp\/v2\/posts"}],"about":[{"href":"https:\/\/lereveil224.info\/index.php\/wp-json\/wp\/v2\/types\/post"}],"author":[{"embeddable":true,"href":"https:\/\/lereveil224.info\/index.php\/wp-json\/wp\/v2\/users\/123458"}],"replies":[{"embeddable":true,"href":"https:\/\/lereveil224.info\/index.php\/wp-json\/wp\/v2\/comments?post=8842"}],"version-history":[{"count":2,"href":"https:\/\/lereveil224.info\/index.php\/wp-json\/wp\/v2\/posts\/8842\/revisions"}],"predecessor-version":[{"id":8845,"href":"https:\/\/lereveil224.info\/index.php\/wp-json\/wp\/v2\/posts\/8842\/revisions\/8845"}],"wp:featuredmedia":[{"embeddable":true,"href":"https:\/\/lereveil224.info\/index.php\/wp-json\/wp\/v2\/media\/8844"}],"wp:attachment":[{"href":"https:\/\/lereveil224.info\/index.php\/wp-json\/wp\/v2\/media?parent=8842"}],"wp:term":[{"taxonomy":"category","embeddable":true,"href":"https:\/\/lereveil224.info\/index.php\/wp-json\/wp\/v2\/categories?post=8842"},{"taxonomy":"post_tag","embeddable":true,"href":"https:\/\/lereveil224.info\/index.php\/wp-json\/wp\/v2\/tags?post=8842"}],"curies":[{"name":"wp","href":"https:\/\/api.w.org\/{rel}","templated":true}]}}