{"id":8824,"date":"2025-10-02T06:16:39","date_gmt":"2025-10-02T06:16:39","guid":{"rendered":"https:\/\/lereveil224.info\/?p=8824"},"modified":"2025-10-02T06:16:44","modified_gmt":"2025-10-02T06:16:44","slug":"paul-biya-43-ans-de-regne-au-cameroun-une-frise-chronologique","status":"publish","type":"post","link":"https:\/\/lereveil224.info\/index.php\/2025\/10\/02\/paul-biya-43-ans-de-regne-au-cameroun-une-frise-chronologique\/","title":{"rendered":"Paul Biya : 43 ans de r\u00e8gne au Cameroun, une frise chronologique"},"content":{"rendered":"\n<p>\u00c0 92 ans, Paul Biya, pr\u00e9sident du Cameroun depuis 1982, brigue un huiti\u00e8me mandat lors de l\u2019\u00e9lection du 12 octobre 2025. Voici un retour sur les moments marquants de son long parcours \u00e0 la t\u00eate du pays.<\/p>\n\n\n\n<h3 class=\"wp-block-heading\">6 novembre 1982<\/h3>\n\n\n\n<p><strong>Paul Biya succ\u00e8de \u00e0 Ahmadou Ahidjo<\/strong><br>Apr\u00e8s la d\u00e9mission surprise d\u2019Ahmadou Ahidjo, Paul Biya devient le deuxi\u00e8me pr\u00e9sident de la R\u00e9publique du Cameroun.<\/p>\n\n\n\n<h3 class=\"wp-block-heading\">1984<\/h3>\n\n\n\n<p><strong>Tentative de coup d\u2019\u00c9tat<\/strong><br>Une tentative de putsch militaire secoue le pays. Paul Biya r\u00e9prime l\u2019insurrection et consolide son pouvoir.<\/p>\n\n\n\n<h3 class=\"wp-block-heading\">1990<\/h3>\n\n\n\n<p><strong>Ouverture au multipartisme<\/strong><br>Sous la pression populaire et internationale, une loi r\u00e9tablit le multipartisme. Le RDPC reste dominant, mais l\u2019opposition \u00e9merge, notamment avec le Social Democratic Front (SDF).<\/p>\n\n\n\n<h3 class=\"wp-block-heading\">1992<\/h3>\n\n\n\n<p><strong>Premi\u00e8re pr\u00e9sidentielle pluraliste<\/strong><br>Paul Biya est officiellement \u00e9lu avec 39,9 % des voix. L\u2019opposition, men\u00e9e par John Fru Ndi, d\u00e9nonce des fraudes massives.<\/p>\n\n\n\n<h3 class=\"wp-block-heading\">2004<\/h3>\n\n\n\n<p><strong>R\u00e9\u00e9lection contest\u00e9e<\/strong><br>Biya remporte l\u2019\u00e9lection avec plus de 70 % des suffrages. L\u2019opposition crie \u00e0 nouveau \u00e0 la fraude.<\/p>\n\n\n\n<h3 class=\"wp-block-heading\">2008<\/h3>\n\n\n\n<p><strong>R\u00e9vision constitutionnelle<\/strong><br>La limitation des mandats pr\u00e9sidentiels est supprim\u00e9e, ouvrant la voie \u00e0 une pr\u00e9sidence \u00e0 vie. Cette d\u00e9cision provoque des manifestations durement r\u00e9prim\u00e9es.<\/p>\n\n\n\n<h3 class=\"wp-block-heading\">2011<\/h3>\n\n\n\n<p><strong>Nouveau mandat<\/strong><br>Paul Biya est r\u00e9\u00e9lu avec 77,9 % des voix. Il devient l\u2019un des doyens des chefs d\u2019\u00c9tat africains.<\/p>\n\n\n\n<h3 class=\"wp-block-heading\"> 2016 \u2013 aujourd\u2019hui<\/h3>\n\n\n\n<p><strong>Crise anglophone<\/strong><br>Des revendications d\u2019enseignants et d\u2019avocats dans les r\u00e9gions anglophones d\u00e9g\u00e9n\u00e8rent en conflit arm\u00e9. La crise reste l\u2019un des d\u00e9fis majeurs de son r\u00e9gime.<\/p>\n\n\n\n<h3 class=\"wp-block-heading\">2018<\/h3>\n\n\n\n<p><strong>7\u1d49 mandat pr\u00e9sidentiel<\/strong><br>\u00c0 85 ans, Paul Biya est r\u00e9\u00e9lu avec 71 % des suffrages. L\u2019opposition, emmen\u00e9e par Maurice Kamto, rejette les r\u00e9sultats.<\/p>\n\n\n\n<h3 class=\"wp-block-heading\">2025<\/h3>\n\n\n\n<p><strong>Candidature pour un 8\u1d49 mandat<\/strong><br>\u00c0 92 ans, Paul Biya se lance \u00e0 nouveau dans la course, face \u00e0 11 autres candidats. Son long r\u00e8gne cristallise toujours autant d\u2019espoirs et de critiques.<\/p>\n\n\n\n<h3 class=\"wp-block-heading\">Une figure historique, entre continuit\u00e9 et controverse<\/h3>\n\n\n\n<p>Avec plus de quatre d\u00e9cennies au pouvoir, Paul Biya est \u00e0 la fois salu\u00e9 par ses partisans pour la stabilit\u00e9 qu\u2019il incarne et critiqu\u00e9 par ses adversaires pour sa long\u00e9vit\u00e9 et son incapacit\u00e9, selon eux, \u00e0 r\u00e9pondre aux aspirations d\u2019une jeunesse majoritaire au Cameroun.<\/p>\n\n\n\n<p><strong>Mamadouba CAMARA<\/strong><\/p>\n","protected":false},"excerpt":{"rendered":"<p>\u00c0 92 ans, Paul Biya, pr\u00e9sident du Cameroun depuis 1982, brigue un huiti\u00e8me mandat lors de l\u2019\u00e9lection du 12 octobre 2025. Voici un retour sur les moments marquants de son long parcours \u00e0 la t\u00eate du pays. 6 novembre 1982 Paul Biya succ\u00e8de \u00e0 Ahmadou AhidjoApr\u00e8s la d\u00e9mission surprise d\u2019Ahmadou Ahidjo, Paul Biya devient le [&hellip;]<\/p>\n","protected":false},"author":123458,"featured_media":8825,"comment_status":"open","ping_status":"open","sticky":false,"template":"","format":"standard","meta":{"_acf_changed":false,"footnotes":""},"categories":[11,29,2],"tags":[],"class_list":["post-8824","post","type-post","status-publish","format-standard","has-post-thumbnail","hentry","category-actualite","category-continentale","category-politique"],"acf":[],"_links":{"self":[{"href":"https:\/\/lereveil224.info\/index.php\/wp-json\/wp\/v2\/posts\/8824","targetHints":{"allow":["GET"]}}],"collection":[{"href":"https:\/\/lereveil224.info\/index.php\/wp-json\/wp\/v2\/posts"}],"about":[{"href":"https:\/\/lereveil224.info\/index.php\/wp-json\/wp\/v2\/types\/post"}],"author":[{"embeddable":true,"href":"https:\/\/lereveil224.info\/index.php\/wp-json\/wp\/v2\/users\/123458"}],"replies":[{"embeddable":true,"href":"https:\/\/lereveil224.info\/index.php\/wp-json\/wp\/v2\/comments?post=8824"}],"version-history":[{"count":1,"href":"https:\/\/lereveil224.info\/index.php\/wp-json\/wp\/v2\/posts\/8824\/revisions"}],"predecessor-version":[{"id":8826,"href":"https:\/\/lereveil224.info\/index.php\/wp-json\/wp\/v2\/posts\/8824\/revisions\/8826"}],"wp:featuredmedia":[{"embeddable":true,"href":"https:\/\/lereveil224.info\/index.php\/wp-json\/wp\/v2\/media\/8825"}],"wp:attachment":[{"href":"https:\/\/lereveil224.info\/index.php\/wp-json\/wp\/v2\/media?parent=8824"}],"wp:term":[{"taxonomy":"category","embeddable":true,"href":"https:\/\/lereveil224.info\/index.php\/wp-json\/wp\/v2\/categories?post=8824"},{"taxonomy":"post_tag","embeddable":true,"href":"https:\/\/lereveil224.info\/index.php\/wp-json\/wp\/v2\/tags?post=8824"}],"curies":[{"name":"wp","href":"https:\/\/api.w.org\/{rel}","templated":true}]}}