{"id":8700,"date":"2025-09-22T18:08:17","date_gmt":"2025-09-22T18:08:17","guid":{"rendered":"https:\/\/lereveil224.info\/?p=8700"},"modified":"2025-09-22T18:08:19","modified_gmt":"2025-09-22T18:08:19","slug":"nzerekore-le-ministre-felix-lamah-lance-les-travaux-dentretien-mecanise-de-la-piste-gbazou-nord-nona","status":"publish","type":"post","link":"https:\/\/lereveil224.info\/index.php\/2025\/09\/22\/nzerekore-le-ministre-felix-lamah-lance-les-travaux-dentretien-mecanise-de-la-piste-gbazou-nord-nona\/","title":{"rendered":"N&rsquo;Z\u00e9r\u00e9kor\u00e9 : Le ministre F\u00e9lix Lamah lance les travaux d\u2019entretien m\u00e9canis\u00e9 de la piste Gbazou Nord-Nona"},"content":{"rendered":"\n<p>Ce samedi 20 septembre 2025, le district de Banzou, situ\u00e9 \u00e0 6 km de la sous-pr\u00e9fecture de Goueck\u00e9, a abrit\u00e9 la c\u00e9r\u00e9monie de lancement des travaux d\u2019entretien m\u00e9canis\u00e9 de la piste Banzou Nord-Nona, d\u2019une distance de 14,9 km, sous la pr\u00e9sidence du ministre de l&rsquo;\u00c9levage, Monsieur F\u00e9lix Lamah.<\/p>\n\n\n\n<figure class=\"wp-block-image size-full\"><img fetchpriority=\"high\" decoding=\"async\" width=\"1016\" height=\"755\" src=\"https:\/\/lereveil224.info\/wp-content\/uploads\/2025\/09\/IMG-20250922-WA0003_1.jpg\" alt=\"\" class=\"wp-image-8702\" srcset=\"https:\/\/lereveil224.info\/wp-content\/uploads\/2025\/09\/IMG-20250922-WA0003_1.jpg 1016w, https:\/\/lereveil224.info\/wp-content\/uploads\/2025\/09\/IMG-20250922-WA0003_1-300x223.jpg 300w, https:\/\/lereveil224.info\/wp-content\/uploads\/2025\/09\/IMG-20250922-WA0003_1-768x571.jpg 768w, https:\/\/lereveil224.info\/wp-content\/uploads\/2025\/09\/IMG-20250922-WA0003_1-86x64.jpg 86w\" sizes=\"(max-width: 1016px) 100vw, 1016px\" \/><\/figure>\n\n\n\n<p>Prenant la parole devant une population tr\u00e8s contente, venue de Banzou Nord, de Nona et de Goueck\u00e9, la Pr\u00e9sidente Directrice G\u00e9n\u00e9rale de l&rsquo;entreprise NICKEL BTP SARLU, en charge des travaux, a pr\u00e9cis\u00e9 : <em>\u00ab C&rsquo;est avec honneur et fiert\u00e9 que nous nous retrouvons aujourd\u2019hui pour le lancement officiel des travaux d\u2019entretien m\u00e9canis\u00e9 de la piste Gbazou Nord-Nona, d\u2019une distance de 14,9 km, accompagn\u00e9 de la reconstruction d\u2019ouvrages d\u2019assainissement et d\u2019un pont de 12 ml sur 4,5 m. Ce projet est la parfaite illustration de la vision du Pr\u00e9sident de la R\u00e9publique, Son Excellence le G\u00e9n\u00e9ral d\u2019Arm\u00e9e Mamadi Doumbouya, qui place le d\u00e9veloppement local, l\u2019Agriculture, l\u2019\u00c9levage et la Pisciculture au c\u0153ur de la refondation de l\u2019\u00c9tat. Gr\u00e2ce \u00e0 son leadership et \u00e0 sa volont\u00e9 politique, les zones rurales b\u00e9n\u00e9ficient aujourd\u2019hui d\u2019infrastructures vitales favorisant la mobilit\u00e9, le commerce et l\u2019am\u00e9lioration des conditions de vie des populations. \u00bb<\/em><\/p>\n\n\n\n<p>Poursuivant, elle a ajout\u00e9 : \u00ab Par ailleurs, je rends un hommage appuy\u00e9 \u00e0 Madame la Ministre de l\u2019Agriculture, \u00e0 Monsieur le Ministre de l\u2019\u00c9levage, ainsi qu\u2019\u00e0 Monsieur le Directeur National du G\u00e9nie Rural, pour leur engagement et leur accompagnement technique dans la concr\u00e9tisation de ce projet, qui va changer la vie de nos communaut\u00e9s. Chers fr\u00e8res et s\u0153urs de Gbazou Nord et de Nona, cette route est un outil de d\u00e9veloppement. Ensemble, veillons \u00e0 sa bonne utilisation et \u00e0 sa pr\u00e9servation pour le bien de tous. \u00bb<\/p>\n\n\n\n<figure class=\"wp-block-image size-full\"><img decoding=\"async\" width=\"1016\" height=\"759\" src=\"https:\/\/lereveil224.info\/wp-content\/uploads\/2025\/09\/IMG-20250922-WA0005_1.jpg\" alt=\"\" class=\"wp-image-8705\" srcset=\"https:\/\/lereveil224.info\/wp-content\/uploads\/2025\/09\/IMG-20250922-WA0005_1.jpg 1016w, https:\/\/lereveil224.info\/wp-content\/uploads\/2025\/09\/IMG-20250922-WA0005_1-300x224.jpg 300w, https:\/\/lereveil224.info\/wp-content\/uploads\/2025\/09\/IMG-20250922-WA0005_1-768x574.jpg 768w, https:\/\/lereveil224.info\/wp-content\/uploads\/2025\/09\/IMG-20250922-WA0005_1-86x64.jpg 86w\" sizes=\"(max-width: 1016px) 100vw, 1016px\" \/><\/figure>\n\n\n\n<figure class=\"wp-block-image size-full\"><img decoding=\"async\" width=\"1016\" height=\"759\" src=\"https:\/\/lereveil224.info\/wp-content\/uploads\/2025\/09\/IMG-20250922-WA0005_1.jpg\" alt=\"\" class=\"wp-image-8705\" srcset=\"https:\/\/lereveil224.info\/wp-content\/uploads\/2025\/09\/IMG-20250922-WA0005_1.jpg 1016w, https:\/\/lereveil224.info\/wp-content\/uploads\/2025\/09\/IMG-20250922-WA0005_1-300x224.jpg 300w, https:\/\/lereveil224.info\/wp-content\/uploads\/2025\/09\/IMG-20250922-WA0005_1-768x574.jpg 768w, https:\/\/lereveil224.info\/wp-content\/uploads\/2025\/09\/IMG-20250922-WA0005_1-86x64.jpg 86w\" sizes=\"(max-width: 1016px) 100vw, 1016px\" \/><\/figure>\n\n\n\n<p>Pour le ministre de l\u2019\u00c9levage F\u00e9lix Lamah, la r\u00e9alisation de ce projet refl\u00e8te la vision \u00e9clair\u00e9e de Son Excellence Monsieur le Pr\u00e9sident de la R\u00e9publique, le G\u00e9n\u00e9ral Mamadi Doumbouya, qui fait des pr\u00e9occupations de nos communaut\u00e9s une priorit\u00e9. <em>\u00ab C&rsquo;est pourquoi nous sommes tr\u00e8s contents de l&rsquo;ensemble des acquis depuis le 5 septembre 2021 \u00bb,<\/em> a-t-il d\u00e9clar\u00e9.<\/p>\n\n\n\n<p>\u00c0 noter qu\u2019autour de la c\u00e9r\u00e9monie, la Notabilit\u00e9, par la voix du sage C\u00e9c\u00e9 Loua, le Pr\u00e9sident du District Fassou Elis\u00e9 Lamah et le Pr\u00e9sident de la d\u00e9l\u00e9gation sp\u00e9ciale de Goueck\u00e9, Florent Loua, ont exprim\u00e9 leur satisfaction et leur engagement aux id\u00e9aux de Son Excellence le G\u00e9n\u00e9ral d\u2019Arm\u00e9e Mamadi Doumbouya.<\/p>\n\n\n\n<figure class=\"wp-block-image size-full is-resized\"><img decoding=\"async\" width=\"1016\" height=\"688\" src=\"https:\/\/lereveil224.info\/wp-content\/uploads\/2025\/09\/IMG-20250922-WA0002_1.jpg\" alt=\"\" class=\"wp-image-8704\" style=\"width:0px\" srcset=\"https:\/\/lereveil224.info\/wp-content\/uploads\/2025\/09\/IMG-20250922-WA0002_1.jpg 1016w, https:\/\/lereveil224.info\/wp-content\/uploads\/2025\/09\/IMG-20250922-WA0002_1-300x203.jpg 300w, https:\/\/lereveil224.info\/wp-content\/uploads\/2025\/09\/IMG-20250922-WA0002_1-768x520.jpg 768w\" sizes=\"(max-width: 1016px) 100vw, 1016px\" \/><\/figure>\n\n\n\n<figure class=\"wp-block-image size-full\"><img loading=\"lazy\" decoding=\"async\" width=\"1016\" height=\"688\" src=\"https:\/\/lereveil224.info\/wp-content\/uploads\/2025\/09\/IMG-20250922-WA0002_1.jpg\" alt=\"\" class=\"wp-image-8704\" srcset=\"https:\/\/lereveil224.info\/wp-content\/uploads\/2025\/09\/IMG-20250922-WA0002_1.jpg 1016w, https:\/\/lereveil224.info\/wp-content\/uploads\/2025\/09\/IMG-20250922-WA0002_1-300x203.jpg 300w, https:\/\/lereveil224.info\/wp-content\/uploads\/2025\/09\/IMG-20250922-WA0002_1-768x520.jpg 768w\" sizes=\"(max-width: 1016px) 100vw, 1016px\" \/><\/figure>\n\n\n\n<p>Un repas copieux suivi de la prestation artistique du folklore ont \u00e9t\u00e9 les faits marquants de cette c\u00e9r\u00e9monie.<\/p>\n\n\n\n<p><strong>Thierno Amadou Diallo<\/strong><\/p>\n","protected":false},"excerpt":{"rendered":"<p>Ce samedi 20 septembre 2025, le district de Banzou, situ\u00e9 \u00e0 6 km de la sous-pr\u00e9fecture de Goueck\u00e9, a abrit\u00e9 la c\u00e9r\u00e9monie de lancement des travaux d\u2019entretien m\u00e9canis\u00e9 de la piste Banzou Nord-Nona, d\u2019une distance de 14,9 km, sous la pr\u00e9sidence du ministre de l&rsquo;\u00c9levage, Monsieur F\u00e9lix Lamah. Prenant la parole devant une population tr\u00e8s [&hellip;]<\/p>\n","protected":false},"author":123458,"featured_media":8703,"comment_status":"open","ping_status":"open","sticky":false,"template":"","format":"standard","meta":{"_acf_changed":false,"footnotes":""},"categories":[11,18],"tags":[],"class_list":["post-8700","post","type-post","status-publish","format-standard","has-post-thumbnail","hentry","category-actualite","category-region"],"acf":[],"_links":{"self":[{"href":"https:\/\/lereveil224.info\/index.php\/wp-json\/wp\/v2\/posts\/8700","targetHints":{"allow":["GET"]}}],"collection":[{"href":"https:\/\/lereveil224.info\/index.php\/wp-json\/wp\/v2\/posts"}],"about":[{"href":"https:\/\/lereveil224.info\/index.php\/wp-json\/wp\/v2\/types\/post"}],"author":[{"embeddable":true,"href":"https:\/\/lereveil224.info\/index.php\/wp-json\/wp\/v2\/users\/123458"}],"replies":[{"embeddable":true,"href":"https:\/\/lereveil224.info\/index.php\/wp-json\/wp\/v2\/comments?post=8700"}],"version-history":[{"count":2,"href":"https:\/\/lereveil224.info\/index.php\/wp-json\/wp\/v2\/posts\/8700\/revisions"}],"predecessor-version":[{"id":8706,"href":"https:\/\/lereveil224.info\/index.php\/wp-json\/wp\/v2\/posts\/8700\/revisions\/8706"}],"wp:featuredmedia":[{"embeddable":true,"href":"https:\/\/lereveil224.info\/index.php\/wp-json\/wp\/v2\/media\/8703"}],"wp:attachment":[{"href":"https:\/\/lereveil224.info\/index.php\/wp-json\/wp\/v2\/media?parent=8700"}],"wp:term":[{"taxonomy":"category","embeddable":true,"href":"https:\/\/lereveil224.info\/index.php\/wp-json\/wp\/v2\/categories?post=8700"},{"taxonomy":"post_tag","embeddable":true,"href":"https:\/\/lereveil224.info\/index.php\/wp-json\/wp\/v2\/tags?post=8700"}],"curies":[{"name":"wp","href":"https:\/\/api.w.org\/{rel}","templated":true}]}}