{"id":8696,"date":"2025-09-22T10:51:11","date_gmt":"2025-09-22T10:51:11","guid":{"rendered":"https:\/\/lereveil224.info\/?p=8696"},"modified":"2025-09-22T10:51:12","modified_gmt":"2025-09-22T10:51:12","slug":"nzerekore-apres-une-mission-bien-accomplie-le-ministre-fassou-recoit-les-remerciements-de-ladministration","status":"publish","type":"post","link":"https:\/\/lereveil224.info\/index.php\/2025\/09\/22\/nzerekore-apres-une-mission-bien-accomplie-le-ministre-fassou-recoit-les-remerciements-de-ladministration\/","title":{"rendered":"N&rsquo;Z\u00e9r\u00e9kor\u00e9 : Apr\u00e8s une mission bien accomplie, le ministre Fassou re\u00e7oit les remerciements de l&rsquo;administration"},"content":{"rendered":"\n<p>Ce lundi 22 septembre 2025, l\u2019a\u00e9rodrome de Konia Aviation, \u00e0 N&rsquo;Z\u00e9r\u00e9kor\u00e9, a servi de cadre \u00e0 une c\u00e9r\u00e9monie organis\u00e9e par l\u2019administration r\u00e9gionale et pr\u00e9fectorale pour remercier le ministre Fassou Th\u00e9a, apr\u00e8s un travail remarquable accompli tout au long de son s\u00e9jour.<\/p>\n\n\n\n<figure class=\"wp-block-image size-full\"><img fetchpriority=\"high\" decoding=\"async\" width=\"1016\" height=\"759\" src=\"https:\/\/lereveil224.info\/wp-content\/uploads\/2025\/09\/IMG-20250922-WA0001_1.jpg\" alt=\"\" class=\"wp-image-8698\" srcset=\"https:\/\/lereveil224.info\/wp-content\/uploads\/2025\/09\/IMG-20250922-WA0001_1.jpg 1016w, https:\/\/lereveil224.info\/wp-content\/uploads\/2025\/09\/IMG-20250922-WA0001_1-300x224.jpg 300w, https:\/\/lereveil224.info\/wp-content\/uploads\/2025\/09\/IMG-20250922-WA0001_1-768x574.jpg 768w, https:\/\/lereveil224.info\/wp-content\/uploads\/2025\/09\/IMG-20250922-WA0001_1-86x64.jpg 86w\" sizes=\"(max-width: 1016px) 100vw, 1016px\" \/><\/figure>\n\n\n\n<p>Tr\u00e8s engag\u00e9 et d\u00e9termin\u00e9, le ministre de la P\u00eache et de l\u2019\u00c9conomie maritime a profit\u00e9 de sa visite pour communier avec toutes les couches sociales de N&rsquo;Z\u00e9r\u00e9kor\u00e9 et de Lola. Connu pour son sens du rassemblement, sa droiture et son honneur, la pr\u00e9sence de M. Fassou Th\u00e9a au sein de l\u2019\u00e9quipe gouvernementale est consid\u00e9r\u00e9e, par de nombreux observateurs de la sc\u00e8ne politique, comme un gage d\u2019unit\u00e9 et de coh\u00e9sion. Il est en effet l\u2019un des rares cadres \u00e0 faire l\u2019unanimit\u00e9 aupr\u00e8s des populations des onze communaut\u00e9s qui cohabitent sur le territoire de la cit\u00e9 de Goikouya.<\/p>\n\n\n\n<p>\u00c0 noter que le calme et la forte mobilisation observ\u00e9s lors de son passage traduisent clairement que N&rsquo;Z\u00e9r\u00e9kor\u00e9 a d\u00e9finitivement tourn\u00e9 la page des violences. \u00c0 travers ces actes, la ville de Goikouya r\u00e9affirme son adh\u00e9sion ind\u00e9fectible aux id\u00e9aux du pr\u00e9sident de la R\u00e9publique, Son Excellence le G\u00e9n\u00e9ral <strong>Mamadi DOUMBOUYA.<\/strong><\/p>\n\n\n\n<p><strong>Mamadouba CAMARA <\/strong><\/p>\n","protected":false},"excerpt":{"rendered":"<p>Ce lundi 22 septembre 2025, l\u2019a\u00e9rodrome de Konia Aviation, \u00e0 N&rsquo;Z\u00e9r\u00e9kor\u00e9, a servi de cadre \u00e0 une c\u00e9r\u00e9monie organis\u00e9e par l\u2019administration r\u00e9gionale et pr\u00e9fectorale pour remercier le ministre Fassou Th\u00e9a, apr\u00e8s un travail remarquable accompli tout au long de son s\u00e9jour. Tr\u00e8s engag\u00e9 et d\u00e9termin\u00e9, le ministre de la P\u00eache et de l\u2019\u00c9conomie maritime a [&hellip;]<\/p>\n","protected":false},"author":123458,"featured_media":8697,"comment_status":"open","ping_status":"open","sticky":false,"template":"","format":"standard","meta":{"_acf_changed":false,"footnotes":""},"categories":[11,2,18],"tags":[],"class_list":["post-8696","post","type-post","status-publish","format-standard","has-post-thumbnail","hentry","category-actualite","category-politique","category-region"],"acf":[],"_links":{"self":[{"href":"https:\/\/lereveil224.info\/index.php\/wp-json\/wp\/v2\/posts\/8696","targetHints":{"allow":["GET"]}}],"collection":[{"href":"https:\/\/lereveil224.info\/index.php\/wp-json\/wp\/v2\/posts"}],"about":[{"href":"https:\/\/lereveil224.info\/index.php\/wp-json\/wp\/v2\/types\/post"}],"author":[{"embeddable":true,"href":"https:\/\/lereveil224.info\/index.php\/wp-json\/wp\/v2\/users\/123458"}],"replies":[{"embeddable":true,"href":"https:\/\/lereveil224.info\/index.php\/wp-json\/wp\/v2\/comments?post=8696"}],"version-history":[{"count":1,"href":"https:\/\/lereveil224.info\/index.php\/wp-json\/wp\/v2\/posts\/8696\/revisions"}],"predecessor-version":[{"id":8699,"href":"https:\/\/lereveil224.info\/index.php\/wp-json\/wp\/v2\/posts\/8696\/revisions\/8699"}],"wp:featuredmedia":[{"embeddable":true,"href":"https:\/\/lereveil224.info\/index.php\/wp-json\/wp\/v2\/media\/8697"}],"wp:attachment":[{"href":"https:\/\/lereveil224.info\/index.php\/wp-json\/wp\/v2\/media?parent=8696"}],"wp:term":[{"taxonomy":"category","embeddable":true,"href":"https:\/\/lereveil224.info\/index.php\/wp-json\/wp\/v2\/categories?post=8696"},{"taxonomy":"post_tag","embeddable":true,"href":"https:\/\/lereveil224.info\/index.php\/wp-json\/wp\/v2\/tags?post=8696"}],"curies":[{"name":"wp","href":"https:\/\/api.w.org\/{rel}","templated":true}]}}