{"id":8693,"date":"2025-09-21T18:26:18","date_gmt":"2025-09-21T18:26:18","guid":{"rendered":"https:\/\/lereveil224.info\/?p=8693"},"modified":"2025-09-21T18:26:21","modified_gmt":"2025-09-21T18:26:21","slug":"devoir-de-memoire-18-19-septembre-2002-18-19-septembre-2025","status":"publish","type":"post","link":"https:\/\/lereveil224.info\/index.php\/2025\/09\/21\/devoir-de-memoire-18-19-septembre-2002-18-19-septembre-2025\/","title":{"rendered":"DEVOIR DE M\u00c9MOIRE : 18-19 SEPTEMBRE 2002 \u2013 18-19 SEPTEMBRE 2025"},"content":{"rendered":"\n<p><strong>Vingt-trois ans apr\u00e8s la r\u00e9bellion en C\u00f4te d\u2019Ivoire<\/strong><\/p>\n\n\n\n<p><strong>Je me souviens\u2026<\/strong><\/p>\n\n\n\n<p>Dans la nuit du 18 au 19 septembre 2002, une horde de rebelles, dont certains venus du Burkina Faso, a fondu sur la C\u00f4te d\u2019Ivoire, portant le glaive dans le sein de la m\u00e8re-patrie. Leur objectif \u00e9tait clair : s\u2019emparer d\u2019Abidjan, Bouak\u00e9 et Korhogo.<\/p>\n\n\n\n<p>Ayant \u00e9chou\u00e9 \u00e0 prendre Abidjan, ils r\u00e9ussirent n\u00e9anmoins \u00e0 occuper Bouak\u00e9 et Korhogo, instaurant ainsi un climat de division et de terreur dans le pays.<\/p>\n\n\n\n<p>Connue sous le nom de <strong>MPCI<\/strong>, la r\u00e9bellion s\u2019est par la suite fragment\u00e9e, donnant naissance au <strong>MJP<\/strong> et au <strong>MPIGO<\/strong>.<\/p>\n\n\n\n<h3 class=\"wp-block-heading\">Les premiers visages de la r\u00e9bellion<\/h3>\n\n\n\n<p>Je me souviens : le premier visage de cette r\u00e9bellion fut <strong>Tuo Fozi\u00e9<\/strong>, dont les paroles h\u00e9sitantes traduisaient le malaise d\u2019un mouvement sans v\u00e9ritable l\u00e9gitimit\u00e9. Plus tard, il affirmera que <strong>Linas-Marcoussis<\/strong> repr\u00e9sentait \u00ab la seule issue \u00bb de la crise.<\/p>\n\n\n\n<p>Je me souviens \u00e9galement de la poign\u00e9e de mains entre <strong>Guillaume Soro<\/strong> et <strong>Dominique de Villepin<\/strong>, alors ministre fran\u00e7ais des Affaires \u00e9trang\u00e8res. Officiellement venu pour une m\u00e9diation entre le pr\u00e9sident <strong>Laurent Gbagbo<\/strong> et une r\u00e9bellion sans visage, Villepin donnait plut\u00f4t l\u2019impression d\u2019encourager cette derni\u00e8re.<\/p>\n\n\n\n<h3 class=\"wp-block-heading\">Le r\u00f4le ambigu de la France<\/h3>\n\n\n\n<p>Sous pr\u00e9texte d\u2019emp\u00eacher la chute du pouvoir de Gbagbo, la France s\u2019est interpos\u00e9e entre l\u2019arm\u00e9e r\u00e9publicaine et les rebelles. En r\u00e9alit\u00e9, elle a permis \u00e0 ces derniers de se r\u00e9organiser et de se r\u00e9armer.<\/p>\n\n\n\n<p>Dominique de Villepin, avec sa \u00ab diplomatie du mouvement \u00bb, et le pr\u00e9sident <strong>Jacques Chirac<\/strong> ont torpill\u00e9 les pourparlers de Lom\u00e9, pourtant sur la voie du succ\u00e8s sous la pr\u00e9sidence de <strong>Gnassingb\u00e9 Eyad\u00e9ma<\/strong>. Les discussions furent finalement relocalis\u00e9es en France, \u00e0 Linas-Marcoussis, permettant \u00e0 Paris de dicter le tempo et l\u2019orientation des n\u00e9gociations.<\/p>\n\n\n\n<p>De ces pourparlers naquirent les <strong>Forces Nouvelles<\/strong>, nouvelle appellation de la r\u00e9bellion.<\/p>\n\n\n\n<h3 class=\"wp-block-heading\">Guillaume Soro, entre contradictions et arrogance<\/h3>\n\n\n\n<p>Je me souviens de <strong>Guillaume Soro<\/strong> aux pourparlers de paix : un jour conciliant, le lendemain changeant brutalement de position.<br>Je me souviens de son \u00e9ternel blazer jaune \u00e0 carreaux, devenu un symbole de son image publique.<\/p>\n\n\n\n<p>Je me souviens de ses interventions r\u00e9p\u00e9t\u00e9es sur les cha\u00eenes fran\u00e7aises, accusant Gbagbo d\u2019\u00eatre un dictateur, affirmant que sous son r\u00e9gime, le simple fait de porter un boubou pouvait valoir repr\u00e9sailles, et que le nord du pays \u00e9tait marginalis\u00e9. Des propos qui faisaient douter : vivions-nous vraiment dans le m\u00eame pays ?<\/p>\n\n\n\n<p>Je me souviens encore de sa d\u00e9claration arrogante, \u00e0 la sortie de Marcoussis, annon\u00e7ant que les minist\u00e8res de la D\u00e9fense et de l\u2019Int\u00e9rieur \u00e9taient d\u00e9sormais attribu\u00e9s \u00e0 la r\u00e9bellion. Une annonce qui enflamma Abidjan et provoqua la col\u00e8re des jeunes patriotes.<\/p>\n\n\n\n<h3 class=\"wp-block-heading\">De la r\u00e9bellion \u00e0 la crise post\u00e9lectorale<\/h3>\n\n\n\n<p>Ma m\u00e9moire me conduit \u00e0 la crise post\u00e9lectorale de <strong>2010-2011<\/strong>, suite logique des man\u0153uvres de d\u00e9stabilisation entam\u00e9es en septembre 2002, avec le soutien de la France.<\/p>\n\n\n\n<p>Je me souviens de Guillaume Soro, alors reclus \u00e0 l\u2019H\u00f4tel du Golf, donnant des instructions \u00e0 ses hommes pour s\u2019emparer de la RTI et installer <strong>Brou Aka Pascal<\/strong> comme directeur g\u00e9n\u00e9ral de la t\u00e9l\u00e9vision nationale, le 16 d\u00e9cembre 2010. Ce m\u00eame jour, une marche du RHDP d\u00e9g\u00e9n\u00e9ra en affrontements meurtriers.<\/p>\n\n\n\n<p>Les Forces de d\u00e9fense et de s\u00e9curit\u00e9, attaqu\u00e9es par des rebelles infiltr\u00e9s parmi les marcheurs, ripost\u00e8rent. Mais la version dominante, relay\u00e9e par certaines ONG, accusa Gbagbo d\u2019avoir ordonn\u00e9 de tirer sur des civils d\u00e9sarm\u00e9s.<\/p>\n\n\n\n<h3 class=\"wp-block-heading\">Le temps, juge supr\u00eame<\/h3>\n\n\n\n<p>Aujourd\u2019hui, celui qui fut le \u00ab h\u00e9ros \u00bb de la r\u00e9bellion, Guillaume Soro, est tomb\u00e9 en disgr\u00e2ce. Jug\u00e9 et condamn\u00e9 \u00e0 la prison \u00e0 perp\u00e9tuit\u00e9, contraint \u00e0 l\u2019exil, il erre entre l\u2019Europe et l\u2019Afrique, abandonn\u00e9 par nombre de ses partisans.<\/p>\n\n\n\n<p>Comme le dit l\u2019adage anglais : <em>\u00ab What goes around, comes around \u00bb<\/em>. Chez nous, on compl\u00e8te : <em>\u00ab Si tu craches en l\u2019air, attends-toi \u00e0 recevoir les gouttelettes sur le nez \u00bb<\/em>.<\/p>\n\n\n\n<p>On a pardonn\u00e9, mais on n\u2019a pas oubli\u00e9. Le jour viendra o\u00f9 l\u2019ivraie sera s\u00e9par\u00e9e du vrai.<\/p>\n\n\n\n<p>\u270d\ud83c\udffd <strong>Nazaire Kadia<\/strong><br>Conseiller psychologue \u2013 Analyste politique<\/p>\n\n\n\n<p><strong>Source : NAZAIRE KADIA<\/strong><\/p>\n\n\n\n<p><strong>Mamadouba CAMARA<\/strong><\/p>\n","protected":false},"excerpt":{"rendered":"<p>Vingt-trois ans apr\u00e8s la r\u00e9bellion en C\u00f4te d\u2019Ivoire Je me souviens\u2026 Dans la nuit du 18 au 19 septembre 2002, une horde de rebelles, dont certains venus du Burkina Faso, a fondu sur la C\u00f4te d\u2019Ivoire, portant le glaive dans le sein de la m\u00e8re-patrie. Leur objectif \u00e9tait clair : s\u2019emparer d\u2019Abidjan, Bouak\u00e9 et Korhogo. [&hellip;]<\/p>\n","protected":false},"author":123458,"featured_media":8694,"comment_status":"open","ping_status":"open","sticky":false,"template":"","format":"standard","meta":{"_acf_changed":false,"footnotes":""},"categories":[11,29,2],"tags":[],"class_list":["post-8693","post","type-post","status-publish","format-standard","has-post-thumbnail","hentry","category-actualite","category-continentale","category-politique"],"acf":[],"_links":{"self":[{"href":"https:\/\/lereveil224.info\/index.php\/wp-json\/wp\/v2\/posts\/8693","targetHints":{"allow":["GET"]}}],"collection":[{"href":"https:\/\/lereveil224.info\/index.php\/wp-json\/wp\/v2\/posts"}],"about":[{"href":"https:\/\/lereveil224.info\/index.php\/wp-json\/wp\/v2\/types\/post"}],"author":[{"embeddable":true,"href":"https:\/\/lereveil224.info\/index.php\/wp-json\/wp\/v2\/users\/123458"}],"replies":[{"embeddable":true,"href":"https:\/\/lereveil224.info\/index.php\/wp-json\/wp\/v2\/comments?post=8693"}],"version-history":[{"count":1,"href":"https:\/\/lereveil224.info\/index.php\/wp-json\/wp\/v2\/posts\/8693\/revisions"}],"predecessor-version":[{"id":8695,"href":"https:\/\/lereveil224.info\/index.php\/wp-json\/wp\/v2\/posts\/8693\/revisions\/8695"}],"wp:featuredmedia":[{"embeddable":true,"href":"https:\/\/lereveil224.info\/index.php\/wp-json\/wp\/v2\/media\/8694"}],"wp:attachment":[{"href":"https:\/\/lereveil224.info\/index.php\/wp-json\/wp\/v2\/media?parent=8693"}],"wp:term":[{"taxonomy":"category","embeddable":true,"href":"https:\/\/lereveil224.info\/index.php\/wp-json\/wp\/v2\/categories?post=8693"},{"taxonomy":"post_tag","embeddable":true,"href":"https:\/\/lereveil224.info\/index.php\/wp-json\/wp\/v2\/tags?post=8693"}],"curies":[{"name":"wp","href":"https:\/\/api.w.org\/{rel}","templated":true}]}}