{"id":8688,"date":"2025-09-21T17:35:40","date_gmt":"2025-09-21T17:35:40","guid":{"rendered":"https:\/\/lereveil224.info\/?p=8688"},"modified":"2025-09-21T17:35:42","modified_gmt":"2025-09-21T17:35:42","slug":"nzerekore-dan-lamah-vote-apres-avoir-oeuvre-pour-une-mobilisation-massive-durant-la-campagne","status":"publish","type":"post","link":"https:\/\/lereveil224.info\/index.php\/2025\/09\/21\/nzerekore-dan-lamah-vote-apres-avoir-oeuvre-pour-une-mobilisation-massive-durant-la-campagne\/","title":{"rendered":"N&rsquo;Z\u00e9r\u00e9kor\u00e9 : Dan Lamah vote apr\u00e8s avoir \u0153uvr\u00e9 pour une mobilisation massive durant la campagne"},"content":{"rendered":"\n<p>L\u2019\u00e9cole primaire N\u2019Valy Tour\u00e9, dans la commune urbaine de N\u2019Z\u00e9r\u00e9kor\u00e9, a servi de cadre au vote de Monsieur Dan Lamah, Directeur g\u00e9n\u00e9ral adjoint des Imp\u00f4ts, ce dimanche 21 septembre 2025.<\/p>\n\n\n\n<p>Connu pour son pragmatisme, M. Dan Lamah fait partie de ces cadres qui, depuis plus de deux semaines, ont sillonn\u00e9 secteurs, villages, districts, quartiers et la ville de N\u2019Z\u00e9r\u00e9kor\u00e9 afin de sensibiliser et mobiliser les \u00e9lecteurs de la r\u00e9gion. Parrain de m\u00e9rite des 70 pr\u00e9sidents de d\u00e9l\u00e9gations sp\u00e9ciales, il n\u2019a m\u00e9nag\u00e9 aucun effort pour garantir une forte participation.<\/p>\n\n\n\n<figure class=\"wp-block-image size-large\"><img fetchpriority=\"high\" decoding=\"async\" width=\"1024\" height=\"767\" src=\"https:\/\/lereveil224.info\/wp-content\/uploads\/2025\/09\/IMG-20250921-WA0017-1024x767.jpg\" alt=\"\" class=\"wp-image-8690\" srcset=\"https:\/\/lereveil224.info\/wp-content\/uploads\/2025\/09\/IMG-20250921-WA0017-1024x767.jpg 1024w, https:\/\/lereveil224.info\/wp-content\/uploads\/2025\/09\/IMG-20250921-WA0017-300x225.jpg 300w, https:\/\/lereveil224.info\/wp-content\/uploads\/2025\/09\/IMG-20250921-WA0017-768x575.jpg 768w, https:\/\/lereveil224.info\/wp-content\/uploads\/2025\/09\/IMG-20250921-WA0017-86x64.jpg 86w, https:\/\/lereveil224.info\/wp-content\/uploads\/2025\/09\/IMG-20250921-WA0017.jpg 1080w\" sizes=\"(max-width: 1024px) 100vw, 1024px\" \/><\/figure>\n\n\n\n<p>Au sortir de son vote, il a livr\u00e9 ses premi\u00e8res impressions en ces termes :<br>\u00ab Cette affluence que je constate depuis ce matin est pour moi une satisfaction totale. Cela d\u00e9montre clairement que le travail abattu en amont a port\u00e9 ses fruits. Depuis 8h, je suis sur le terrain pour constater la mobilisation. C\u2019est ce qui explique que je n\u2019ai pu voter qu\u2019\u00e0 12h42. Mais partout o\u00f9 je suis pass\u00e9, l\u2019engouement des citoyens est remarquable. Nous pensons que cette mobilisation se traduira par un taux de participation historique \u00bb, a-t-il conclu.<\/p>\n\n\n\n<p>\u00c0 noter que, m\u00eame si aucun chiffre officiel n\u2019a encore \u00e9t\u00e9 communiqu\u00e9, le constat g\u00e9n\u00e9ral fait \u00e9tat d\u2019une affluence consid\u00e9rable dans les diff\u00e9rents bureaux de vote de la r\u00e9gion.<\/p>\n\n\n\n<p><strong>Nous y reviendrons.<\/strong><\/p>\n","protected":false},"excerpt":{"rendered":"<p>L\u2019\u00e9cole primaire N\u2019Valy Tour\u00e9, dans la commune urbaine de N\u2019Z\u00e9r\u00e9kor\u00e9, a servi de cadre au vote de Monsieur Dan Lamah, Directeur g\u00e9n\u00e9ral adjoint des Imp\u00f4ts, ce dimanche 21 septembre 2025. Connu pour son pragmatisme, M. Dan Lamah fait partie de ces cadres qui, depuis plus de deux semaines, ont sillonn\u00e9 secteurs, villages, districts, quartiers et [&hellip;]<\/p>\n","protected":false},"author":123458,"featured_media":8691,"comment_status":"open","ping_status":"open","sticky":false,"template":"","format":"standard","meta":{"_acf_changed":false,"footnotes":""},"categories":[11,2,18],"tags":[],"class_list":["post-8688","post","type-post","status-publish","format-standard","has-post-thumbnail","hentry","category-actualite","category-politique","category-region"],"acf":[],"_links":{"self":[{"href":"https:\/\/lereveil224.info\/index.php\/wp-json\/wp\/v2\/posts\/8688","targetHints":{"allow":["GET"]}}],"collection":[{"href":"https:\/\/lereveil224.info\/index.php\/wp-json\/wp\/v2\/posts"}],"about":[{"href":"https:\/\/lereveil224.info\/index.php\/wp-json\/wp\/v2\/types\/post"}],"author":[{"embeddable":true,"href":"https:\/\/lereveil224.info\/index.php\/wp-json\/wp\/v2\/users\/123458"}],"replies":[{"embeddable":true,"href":"https:\/\/lereveil224.info\/index.php\/wp-json\/wp\/v2\/comments?post=8688"}],"version-history":[{"count":2,"href":"https:\/\/lereveil224.info\/index.php\/wp-json\/wp\/v2\/posts\/8688\/revisions"}],"predecessor-version":[{"id":8692,"href":"https:\/\/lereveil224.info\/index.php\/wp-json\/wp\/v2\/posts\/8688\/revisions\/8692"}],"wp:featuredmedia":[{"embeddable":true,"href":"https:\/\/lereveil224.info\/index.php\/wp-json\/wp\/v2\/media\/8691"}],"wp:attachment":[{"href":"https:\/\/lereveil224.info\/index.php\/wp-json\/wp\/v2\/media?parent=8688"}],"wp:term":[{"taxonomy":"category","embeddable":true,"href":"https:\/\/lereveil224.info\/index.php\/wp-json\/wp\/v2\/categories?post=8688"},{"taxonomy":"post_tag","embeddable":true,"href":"https:\/\/lereveil224.info\/index.php\/wp-json\/wp\/v2\/tags?post=8688"}],"curies":[{"name":"wp","href":"https:\/\/api.w.org\/{rel}","templated":true}]}}