{"id":8681,"date":"2025-09-21T14:40:00","date_gmt":"2025-09-21T14:40:00","guid":{"rendered":"https:\/\/lereveil224.info\/?p=8681"},"modified":"2025-09-21T14:40:01","modified_gmt":"2025-09-21T14:40:01","slug":"lola-le-gouverneur-de-region-en-compagnie-du-prefet-sur-le-terrain","status":"publish","type":"post","link":"https:\/\/lereveil224.info\/index.php\/2025\/09\/21\/lola-le-gouverneur-de-region-en-compagnie-du-prefet-sur-le-terrain\/","title":{"rendered":"Lola : Le gouverneur de r\u00e9gion en compagnie du pr\u00e9fet, sur le terrain"},"content":{"rendered":"\n<p>Du bureau de vote du march\u00e9 en passant par Ougna Tour\u00e9, le constat est satisfaisant en ce jour de scrutin r\u00e9f\u00e9rendaire.<\/p>\n\n\n\n<p>Le gouverneur de la r\u00e9gion, Colonel Aly Badra Camara, en compagnie du pr\u00e9fet de Lola, Colonel C\u00e9c\u00e9 Maomou, a sillonn\u00e9 plusieurs bureaux de vote pour s\u2019enqu\u00e9rir du d\u00e9roulement du processus \u00e9lectoral.<\/p>\n\n\n\n<figure class=\"wp-block-image size-full\"><img fetchpriority=\"high\" decoding=\"async\" width=\"1016\" height=\"753\" src=\"https:\/\/lereveil224.info\/wp-content\/uploads\/2025\/09\/IMG-20250921-WA0013_1.jpg\" alt=\"\" class=\"wp-image-8686\" srcset=\"https:\/\/lereveil224.info\/wp-content\/uploads\/2025\/09\/IMG-20250921-WA0013_1.jpg 1016w, https:\/\/lereveil224.info\/wp-content\/uploads\/2025\/09\/IMG-20250921-WA0013_1-300x222.jpg 300w, https:\/\/lereveil224.info\/wp-content\/uploads\/2025\/09\/IMG-20250921-WA0013_1-768x569.jpg 768w, https:\/\/lereveil224.info\/wp-content\/uploads\/2025\/09\/IMG-20250921-WA0013_1-86x64.jpg 86w\" sizes=\"(max-width: 1016px) 100vw, 1016px\" \/><\/figure>\n\n\n\n<p>\u00c0 la mi-journ\u00e9e, pr\u00e9cis\u00e9ment \u00e0 12h50, les deux autorit\u00e9s administratives ont exprim\u00e9 leur satisfaction quant \u00e0 l\u2019engouement des \u00e9lecteurs et au calme observ\u00e9 dans les diff\u00e9rents centres visit\u00e9s. Selon eux, la mobilisation citoyenne t\u00e9moigne de l\u2019importance accord\u00e9e par les populations \u00e0 ce scrutin.<\/p>\n\n\n\n<figure class=\"wp-block-image size-full\"><img decoding=\"async\" width=\"1016\" height=\"752\" src=\"https:\/\/lereveil224.info\/wp-content\/uploads\/2025\/09\/IMG-20250921-WA0012_1.jpg\" alt=\"\" class=\"wp-image-8685\" srcset=\"https:\/\/lereveil224.info\/wp-content\/uploads\/2025\/09\/IMG-20250921-WA0012_1.jpg 1016w, https:\/\/lereveil224.info\/wp-content\/uploads\/2025\/09\/IMG-20250921-WA0012_1-300x222.jpg 300w, https:\/\/lereveil224.info\/wp-content\/uploads\/2025\/09\/IMG-20250921-WA0012_1-768x568.jpg 768w, https:\/\/lereveil224.info\/wp-content\/uploads\/2025\/09\/IMG-20250921-WA0012_1-86x64.jpg 86w\" sizes=\"(max-width: 1016px) 100vw, 1016px\" \/><\/figure>\n\n\n\n<figure class=\"wp-block-image size-full\"><img decoding=\"async\" width=\"1016\" height=\"752\" src=\"https:\/\/lereveil224.info\/wp-content\/uploads\/2025\/09\/IMG-20250921-WA0012_1.jpg\" alt=\"\" class=\"wp-image-8685\" srcset=\"https:\/\/lereveil224.info\/wp-content\/uploads\/2025\/09\/IMG-20250921-WA0012_1.jpg 1016w, https:\/\/lereveil224.info\/wp-content\/uploads\/2025\/09\/IMG-20250921-WA0012_1-300x222.jpg 300w, https:\/\/lereveil224.info\/wp-content\/uploads\/2025\/09\/IMG-20250921-WA0012_1-768x568.jpg 768w, https:\/\/lereveil224.info\/wp-content\/uploads\/2025\/09\/IMG-20250921-WA0012_1-86x64.jpg 86w\" sizes=\"(max-width: 1016px) 100vw, 1016px\" \/><\/figure>\n\n\n\n<p>Le gouverneur et le pr\u00e9fet ont en outre invit\u00e9 les \u00e9lecteurs retardataires \u00e0 accomplir leur devoir civique dans la s\u00e9r\u00e9nit\u00e9, tout en saluant le travail des agents \u00e9lectoraux et des forces de s\u00e9curit\u00e9 d\u00e9ploy\u00e9es pour assurer la qui\u00e9tude.<\/p>\n\n\n\n<p><strong>Mamadouba CAMARA<\/strong><\/p>\n","protected":false},"excerpt":{"rendered":"<p>Du bureau de vote du march\u00e9 en passant par Ougna Tour\u00e9, le constat est satisfaisant en ce jour de scrutin r\u00e9f\u00e9rendaire. Le gouverneur de la r\u00e9gion, Colonel Aly Badra Camara, en compagnie du pr\u00e9fet de Lola, Colonel C\u00e9c\u00e9 Maomou, a sillonn\u00e9 plusieurs bureaux de vote pour s\u2019enqu\u00e9rir du d\u00e9roulement du processus \u00e9lectoral. \u00c0 la mi-journ\u00e9e, [&hellip;]<\/p>\n","protected":false},"author":123458,"featured_media":8684,"comment_status":"open","ping_status":"open","sticky":false,"template":"","format":"standard","meta":{"_acf_changed":false,"footnotes":""},"categories":[11,2,18],"tags":[],"class_list":["post-8681","post","type-post","status-publish","format-standard","has-post-thumbnail","hentry","category-actualite","category-politique","category-region"],"acf":[],"_links":{"self":[{"href":"https:\/\/lereveil224.info\/index.php\/wp-json\/wp\/v2\/posts\/8681","targetHints":{"allow":["GET"]}}],"collection":[{"href":"https:\/\/lereveil224.info\/index.php\/wp-json\/wp\/v2\/posts"}],"about":[{"href":"https:\/\/lereveil224.info\/index.php\/wp-json\/wp\/v2\/types\/post"}],"author":[{"embeddable":true,"href":"https:\/\/lereveil224.info\/index.php\/wp-json\/wp\/v2\/users\/123458"}],"replies":[{"embeddable":true,"href":"https:\/\/lereveil224.info\/index.php\/wp-json\/wp\/v2\/comments?post=8681"}],"version-history":[{"count":3,"href":"https:\/\/lereveil224.info\/index.php\/wp-json\/wp\/v2\/posts\/8681\/revisions"}],"predecessor-version":[{"id":8687,"href":"https:\/\/lereveil224.info\/index.php\/wp-json\/wp\/v2\/posts\/8681\/revisions\/8687"}],"wp:featuredmedia":[{"embeddable":true,"href":"https:\/\/lereveil224.info\/index.php\/wp-json\/wp\/v2\/media\/8684"}],"wp:attachment":[{"href":"https:\/\/lereveil224.info\/index.php\/wp-json\/wp\/v2\/media?parent=8681"}],"wp:term":[{"taxonomy":"category","embeddable":true,"href":"https:\/\/lereveil224.info\/index.php\/wp-json\/wp\/v2\/categories?post=8681"},{"taxonomy":"post_tag","embeddable":true,"href":"https:\/\/lereveil224.info\/index.php\/wp-json\/wp\/v2\/tags?post=8681"}],"curies":[{"name":"wp","href":"https:\/\/api.w.org\/{rel}","templated":true}]}}