{"id":8674,"date":"2025-09-21T11:45:00","date_gmt":"2025-09-21T11:45:00","guid":{"rendered":"https:\/\/lereveil224.info\/?p=8674"},"modified":"2025-09-21T11:45:02","modified_gmt":"2025-09-21T11:45:02","slug":"nzerekore-le-ministre-fassou-thea-a-vote-a-luniversite","status":"publish","type":"post","link":"https:\/\/lereveil224.info\/index.php\/2025\/09\/21\/nzerekore-le-ministre-fassou-thea-a-vote-a-luniversite\/","title":{"rendered":"N\u2019Z\u00e9r\u00e9kor\u00e9 : Le ministre Fassou Th\u00e9a a vot\u00e9 \u00e0 l\u2019universit\u00e9"},"content":{"rendered":"\n<p>Le ministre de la P\u00eache et de l\u2019\u00c9conomie maritime, Fassou Th\u00e9a, a accompli son devoir civique ce dimanche 21 septembre 2025, \u00e0 11h, dans la salle 3 de l\u2019universit\u00e9 de N\u2019Z\u00e9r\u00e9kor\u00e9.<\/p>\n\n\n\n<figure class=\"wp-block-image size-large\"><img fetchpriority=\"high\" decoding=\"async\" width=\"1024\" height=\"704\" src=\"https:\/\/lereveil224.info\/wp-content\/uploads\/2025\/09\/IMG-20250921-WA0007_1-1024x704.jpg\" alt=\"\" class=\"wp-image-8676\" srcset=\"https:\/\/lereveil224.info\/wp-content\/uploads\/2025\/09\/IMG-20250921-WA0007_1-1024x704.jpg 1024w, https:\/\/lereveil224.info\/wp-content\/uploads\/2025\/09\/IMG-20250921-WA0007_1-300x206.jpg 300w, https:\/\/lereveil224.info\/wp-content\/uploads\/2025\/09\/IMG-20250921-WA0007_1-768x528.jpg 768w, https:\/\/lereveil224.info\/wp-content\/uploads\/2025\/09\/IMG-20250921-WA0007_1.jpg 1080w\" sizes=\"(max-width: 1024px) 100vw, 1024px\" \/><\/figure>\n\n\n\n<p>\u00c0 sa sortie des urnes, il s\u2019est r\u00e9joui de la mobilisation des \u00e9lecteurs dans la capitale de la Guin\u00e9e foresti\u00e8re. Selon lui, la forte affluence constat\u00e9e dans plusieurs bureaux de vote traduit la volont\u00e9 des citoyens de prendre part \u00e0 ce moment d\u00e9cisif pour l\u2019avenir du pays.<\/p>\n\n\n\n<p>\u00ab J\u2019ai not\u00e9 avec satisfaction la pr\u00e9sence massive des \u00e9lecteurs, jeunes et moins jeunes. Cela prouve l\u2019attachement de notre peuple \u00e0 la d\u00e9mocratie et \u00e0 la stabilit\u00e9 \u00bb, a d\u00e9clar\u00e9 le ministre.<\/p>\n\n\n\n<figure class=\"wp-block-image size-large\"><img decoding=\"async\" width=\"1024\" height=\"769\" src=\"https:\/\/lereveil224.info\/wp-content\/uploads\/2025\/09\/IMG-20250921-WA0008_1-1024x769.jpg\" alt=\"\" class=\"wp-image-8677\" srcset=\"https:\/\/lereveil224.info\/wp-content\/uploads\/2025\/09\/IMG-20250921-WA0008_1-1024x769.jpg 1024w, https:\/\/lereveil224.info\/wp-content\/uploads\/2025\/09\/IMG-20250921-WA0008_1-300x225.jpg 300w, https:\/\/lereveil224.info\/wp-content\/uploads\/2025\/09\/IMG-20250921-WA0008_1-768x577.jpg 768w, https:\/\/lereveil224.info\/wp-content\/uploads\/2025\/09\/IMG-20250921-WA0008_1-86x64.jpg 86w, https:\/\/lereveil224.info\/wp-content\/uploads\/2025\/09\/IMG-20250921-WA0008_1.jpg 1080w\" sizes=\"(max-width: 1024px) 100vw, 1024px\" \/><\/figure>\n\n\n\n<figure class=\"wp-block-image size-large\"><img decoding=\"async\" width=\"1024\" height=\"769\" src=\"https:\/\/lereveil224.info\/wp-content\/uploads\/2025\/09\/IMG-20250921-WA0008_1-1024x769.jpg\" alt=\"\" class=\"wp-image-8677\" srcset=\"https:\/\/lereveil224.info\/wp-content\/uploads\/2025\/09\/IMG-20250921-WA0008_1-1024x769.jpg 1024w, https:\/\/lereveil224.info\/wp-content\/uploads\/2025\/09\/IMG-20250921-WA0008_1-300x225.jpg 300w, https:\/\/lereveil224.info\/wp-content\/uploads\/2025\/09\/IMG-20250921-WA0008_1-768x577.jpg 768w, https:\/\/lereveil224.info\/wp-content\/uploads\/2025\/09\/IMG-20250921-WA0008_1-86x64.jpg 86w, https:\/\/lereveil224.info\/wp-content\/uploads\/2025\/09\/IMG-20250921-WA0008_1.jpg 1080w\" sizes=\"(max-width: 1024px) 100vw, 1024px\" \/><\/figure>\n\n\n\n<p>Il a par ailleurs encourag\u00e9 les \u00e9lecteurs \u00e0 rester mobilis\u00e9s tout au long de la journ\u00e9e, dans la discipline et le respect des consignes donn\u00e9es par les autorit\u00e9s \u00e9lectorales.<\/p>\n\n\n\n<p><strong>Mamadouba CAMARA <\/strong><\/p>\n","protected":false},"excerpt":{"rendered":"<p>Le ministre de la P\u00eache et de l\u2019\u00c9conomie maritime, Fassou Th\u00e9a, a accompli son devoir civique ce dimanche 21 septembre 2025, \u00e0 11h, dans la salle 3 de l\u2019universit\u00e9 de N\u2019Z\u00e9r\u00e9kor\u00e9. \u00c0 sa sortie des urnes, il s\u2019est r\u00e9joui de la mobilisation des \u00e9lecteurs dans la capitale de la Guin\u00e9e foresti\u00e8re. Selon lui, la forte [&hellip;]<\/p>\n","protected":false},"author":123458,"featured_media":8678,"comment_status":"open","ping_status":"open","sticky":false,"template":"","format":"standard","meta":{"_acf_changed":false,"footnotes":""},"categories":[11,2,18],"tags":[],"class_list":["post-8674","post","type-post","status-publish","format-standard","has-post-thumbnail","hentry","category-actualite","category-politique","category-region"],"acf":[],"_links":{"self":[{"href":"https:\/\/lereveil224.info\/index.php\/wp-json\/wp\/v2\/posts\/8674","targetHints":{"allow":["GET"]}}],"collection":[{"href":"https:\/\/lereveil224.info\/index.php\/wp-json\/wp\/v2\/posts"}],"about":[{"href":"https:\/\/lereveil224.info\/index.php\/wp-json\/wp\/v2\/types\/post"}],"author":[{"embeddable":true,"href":"https:\/\/lereveil224.info\/index.php\/wp-json\/wp\/v2\/users\/123458"}],"replies":[{"embeddable":true,"href":"https:\/\/lereveil224.info\/index.php\/wp-json\/wp\/v2\/comments?post=8674"}],"version-history":[{"count":3,"href":"https:\/\/lereveil224.info\/index.php\/wp-json\/wp\/v2\/posts\/8674\/revisions"}],"predecessor-version":[{"id":8680,"href":"https:\/\/lereveil224.info\/index.php\/wp-json\/wp\/v2\/posts\/8674\/revisions\/8680"}],"wp:featuredmedia":[{"embeddable":true,"href":"https:\/\/lereveil224.info\/index.php\/wp-json\/wp\/v2\/media\/8678"}],"wp:attachment":[{"href":"https:\/\/lereveil224.info\/index.php\/wp-json\/wp\/v2\/media?parent=8674"}],"wp:term":[{"taxonomy":"category","embeddable":true,"href":"https:\/\/lereveil224.info\/index.php\/wp-json\/wp\/v2\/categories?post=8674"},{"taxonomy":"post_tag","embeddable":true,"href":"https:\/\/lereveil224.info\/index.php\/wp-json\/wp\/v2\/tags?post=8674"}],"curies":[{"name":"wp","href":"https:\/\/api.w.org\/{rel}","templated":true}]}}