{"id":8665,"date":"2025-09-21T10:25:42","date_gmt":"2025-09-21T10:25:42","guid":{"rendered":"https:\/\/lereveil224.info\/?p=8665"},"modified":"2025-09-21T10:25:43","modified_gmt":"2025-09-21T10:25:43","slug":"referendum-en-guinee-le-general-doumbouya-vote-a-boulbinet-aux-cotes-de-son-epouse","status":"publish","type":"post","link":"https:\/\/lereveil224.info\/index.php\/2025\/09\/21\/referendum-en-guinee-le-general-doumbouya-vote-a-boulbinet-aux-cotes-de-son-epouse\/","title":{"rendered":"R\u00e9f\u00e9rendum en Guin\u00e9e : Le G\u00e9n\u00e9ral Doumbouya vote \u00e0 Boulbinet aux c\u00f4t\u00e9s de son \u00e9pouse"},"content":{"rendered":"\n<p>Le r\u00e9f\u00e9rendum constitutionnel de ce dimanche 21 septembre 2025 a connu un moment fort dans la matin\u00e9e. Le Chef de l\u2019\u00c9tat, le G\u00e9n\u00e9ral Mamadi Doumbouya, s\u2019est d\u00e9plac\u00e9 pour accomplir son devoir civique.<\/p>\n\n\n\n<p>C\u2019est \u00e0 l\u2019\u00e9cole des sourds-muets de Boulbinet, situ\u00e9e \u00e0 deux pas du palais Mohamed V, que le Pr\u00e9sident a gliss\u00e9 son bulletin dans l\u2019urne. \u00c0 ses c\u00f4t\u00e9s, son \u00e9pouse, madame Laurianne Doumbouya, ainsi que plusieurs de ses proches collaborateurs.<\/p>\n\n\n\n<p>En se pr\u00e9sentant personnellement dans son bureau de vote, le dirigeant guin\u00e9en a voulu donner le ton et rappeler \u00e0 tous l\u2019importance de cette journ\u00e9e d\u00e9cisive pour l\u2019avenir institutionnel du pays.<\/p>\n\n\n\n<p>La pr\u00e9sence du couple pr\u00e9sidentiel a attir\u00e9 l\u2019attention de nombreux citoyens venus observer le d\u00e9roulement du scrutin, dans un climat \u00e0 la fois calme et empreint de curiosit\u00e9.<\/p>\n\n\n\n<p><strong>Mamadouba CAMARA <\/strong><\/p>\n","protected":false},"excerpt":{"rendered":"<p>Le r\u00e9f\u00e9rendum constitutionnel de ce dimanche 21 septembre 2025 a connu un moment fort dans la matin\u00e9e. Le Chef de l\u2019\u00c9tat, le G\u00e9n\u00e9ral Mamadi Doumbouya, s\u2019est d\u00e9plac\u00e9 pour accomplir son devoir civique. C\u2019est \u00e0 l\u2019\u00e9cole des sourds-muets de Boulbinet, situ\u00e9e \u00e0 deux pas du palais Mohamed V, que le Pr\u00e9sident a gliss\u00e9 son bulletin dans [&hellip;]<\/p>\n","protected":false},"author":123458,"featured_media":8667,"comment_status":"open","ping_status":"open","sticky":false,"template":"","format":"standard","meta":{"_acf_changed":false,"footnotes":""},"categories":[11,2,18],"tags":[],"class_list":["post-8665","post","type-post","status-publish","format-standard","has-post-thumbnail","hentry","category-actualite","category-politique","category-region"],"acf":[],"_links":{"self":[{"href":"https:\/\/lereveil224.info\/index.php\/wp-json\/wp\/v2\/posts\/8665","targetHints":{"allow":["GET"]}}],"collection":[{"href":"https:\/\/lereveil224.info\/index.php\/wp-json\/wp\/v2\/posts"}],"about":[{"href":"https:\/\/lereveil224.info\/index.php\/wp-json\/wp\/v2\/types\/post"}],"author":[{"embeddable":true,"href":"https:\/\/lereveil224.info\/index.php\/wp-json\/wp\/v2\/users\/123458"}],"replies":[{"embeddable":true,"href":"https:\/\/lereveil224.info\/index.php\/wp-json\/wp\/v2\/comments?post=8665"}],"version-history":[{"count":2,"href":"https:\/\/lereveil224.info\/index.php\/wp-json\/wp\/v2\/posts\/8665\/revisions"}],"predecessor-version":[{"id":8668,"href":"https:\/\/lereveil224.info\/index.php\/wp-json\/wp\/v2\/posts\/8665\/revisions\/8668"}],"wp:featuredmedia":[{"embeddable":true,"href":"https:\/\/lereveil224.info\/index.php\/wp-json\/wp\/v2\/media\/8667"}],"wp:attachment":[{"href":"https:\/\/lereveil224.info\/index.php\/wp-json\/wp\/v2\/media?parent=8665"}],"wp:term":[{"taxonomy":"category","embeddable":true,"href":"https:\/\/lereveil224.info\/index.php\/wp-json\/wp\/v2\/categories?post=8665"},{"taxonomy":"post_tag","embeddable":true,"href":"https:\/\/lereveil224.info\/index.php\/wp-json\/wp\/v2\/tags?post=8665"}],"curies":[{"name":"wp","href":"https:\/\/api.w.org\/{rel}","templated":true}]}}