{"id":8653,"date":"2025-09-20T23:30:52","date_gmt":"2025-09-20T23:30:52","guid":{"rendered":"https:\/\/lereveil224.info\/?p=8653"},"modified":"2025-09-20T23:30:54","modified_gmt":"2025-09-20T23:30:54","slug":"referendum-du-21-septembre-le-matd-interdit-toute-circulation-dengins-roulants-sur-le-territoire-national","status":"publish","type":"post","link":"https:\/\/lereveil224.info\/index.php\/2025\/09\/20\/referendum-du-21-septembre-le-matd-interdit-toute-circulation-dengins-roulants-sur-le-territoire-national\/","title":{"rendered":"R\u00e9f\u00e9rendum du 21 septembre : Le MATD interdit toute circulation d\u2019engins roulants sur le territoire national"},"content":{"rendered":"\n<p>\u00c0 l\u2019occasion du scrutin r\u00e9f\u00e9rendaire pr\u00e9vu ce dimanche 21 septembre 2025, le ministre de l\u2019Administration du territoire et de la D\u00e9centralisation, Kalil Cond\u00e9, a pris une mesure exceptionnelle pour renforcer la s\u00e9curit\u00e9 et garantir le bon d\u00e9roulement du vote.<\/p>\n\n\n\n<p>Dans un arr\u00eat\u00e9 rendu public, le ministre interdit la circulation de tous les engins roulants \u2013 automobiles, motos et tricycles \u2013 de 6h \u00e0 18h sur l\u2019ensemble du territoire national. Cette d\u00e9cision vise, selon le d\u00e9partement, \u00e0 pr\u00e9venir tout incident et \u00e0 assurer un climat de s\u00e9r\u00e9nit\u00e9 durant le processus \u00e9lectoral.<\/p>\n\n\n\n<p>Cependant, des d\u00e9rogations sont pr\u00e9vues. Les v\u00e9hicules des Forces de d\u00e9fense et de s\u00e9curit\u00e9 mobilis\u00e9s pour le scrutin, ainsi que les ambulances et v\u00e9hicules de secours, ne sont pas concern\u00e9s par cette restriction. L\u2019arr\u00eat\u00e9 pr\u00e9cise \u00e9galement qu\u2019un <strong>laissez-passer codifi\u00e9<\/strong> pourra \u00eatre d\u00e9livr\u00e9, \u00e0 titre exceptionnel, aux usagers disposant d\u2019une n\u00e9cessit\u00e9 d\u00fbment justifi\u00e9e. La d\u00e9livrance de ce document rel\u00e8ve du <strong>Poste de Commandement Op\u00e9rationnel de S\u00e9curit\u00e9 Int\u00e9rieure (PCO-S.I.)<\/strong>, mis en place pour superviser la s\u00e9curisation du scrutin.<\/p>\n\n\n\n<p>Le ministre Kalil Cond\u00e9 a tenu \u00e0 rappeler que tout contrevenant s\u2019expose aux sanctions pr\u00e9vues par les lois en vigueur. L\u2019application rigoureuse de cette mesure est confi\u00e9e au PCO-S.I. et \u00e0 ses d\u00e9membrements \u00e0 travers le pays.<\/p>\n\n\n\n<p>Cette interdiction g\u00e9n\u00e9rale de circulation constitue l\u2019un des dispositifs majeurs adopt\u00e9s par les autorit\u00e9s afin de cr\u00e9er les conditions d\u2019un vote apais\u00e9 et s\u00e9curis\u00e9 sur l\u2019ensemble du territoire.<\/p>\n\n\n\n<p><strong>Mamadouba CAMARA <\/strong><\/p>\n","protected":false},"excerpt":{"rendered":"<p>\u00c0 l\u2019occasion du scrutin r\u00e9f\u00e9rendaire pr\u00e9vu ce dimanche 21 septembre 2025, le ministre de l\u2019Administration du territoire et de la D\u00e9centralisation, Kalil Cond\u00e9, a pris une mesure exceptionnelle pour renforcer la s\u00e9curit\u00e9 et garantir le bon d\u00e9roulement du vote. Dans un arr\u00eat\u00e9 rendu public, le ministre interdit la circulation de tous les engins roulants \u2013 [&hellip;]<\/p>\n","protected":false},"author":123458,"featured_media":8655,"comment_status":"open","ping_status":"open","sticky":false,"template":"","format":"standard","meta":{"_acf_changed":false,"footnotes":""},"categories":[11,59,2],"tags":[],"class_list":["post-8653","post","type-post","status-publish","format-standard","has-post-thumbnail","hentry","category-actualite","category-nationale","category-politique"],"acf":[],"_links":{"self":[{"href":"https:\/\/lereveil224.info\/index.php\/wp-json\/wp\/v2\/posts\/8653","targetHints":{"allow":["GET"]}}],"collection":[{"href":"https:\/\/lereveil224.info\/index.php\/wp-json\/wp\/v2\/posts"}],"about":[{"href":"https:\/\/lereveil224.info\/index.php\/wp-json\/wp\/v2\/types\/post"}],"author":[{"embeddable":true,"href":"https:\/\/lereveil224.info\/index.php\/wp-json\/wp\/v2\/users\/123458"}],"replies":[{"embeddable":true,"href":"https:\/\/lereveil224.info\/index.php\/wp-json\/wp\/v2\/comments?post=8653"}],"version-history":[{"count":1,"href":"https:\/\/lereveil224.info\/index.php\/wp-json\/wp\/v2\/posts\/8653\/revisions"}],"predecessor-version":[{"id":8654,"href":"https:\/\/lereveil224.info\/index.php\/wp-json\/wp\/v2\/posts\/8653\/revisions\/8654"}],"wp:featuredmedia":[{"embeddable":true,"href":"https:\/\/lereveil224.info\/index.php\/wp-json\/wp\/v2\/media\/8655"}],"wp:attachment":[{"href":"https:\/\/lereveil224.info\/index.php\/wp-json\/wp\/v2\/media?parent=8653"}],"wp:term":[{"taxonomy":"category","embeddable":true,"href":"https:\/\/lereveil224.info\/index.php\/wp-json\/wp\/v2\/categories?post=8653"},{"taxonomy":"post_tag","embeddable":true,"href":"https:\/\/lereveil224.info\/index.php\/wp-json\/wp\/v2\/tags?post=8653"}],"curies":[{"name":"wp","href":"https:\/\/api.w.org\/{rel}","templated":true}]}}