{"id":8629,"date":"2025-09-18T22:51:47","date_gmt":"2025-09-18T22:51:47","guid":{"rendered":"https:\/\/lereveil224.info\/?p=8629"},"modified":"2025-09-18T22:51:48","modified_gmt":"2025-09-18T22:51:48","slug":"nzerekore-derniere-journee-de-campagne-nzao-offre-une-mobilisation-historique-au-ministre-fassou-thea","status":"publish","type":"post","link":"https:\/\/lereveil224.info\/index.php\/2025\/09\/18\/nzerekore-derniere-journee-de-campagne-nzao-offre-une-mobilisation-historique-au-ministre-fassou-thea\/","title":{"rendered":"N\u2019Z\u00e9r\u00e9kor\u00e9 : Derni\u00e8re journ\u00e9e de campagne, N\u2019Zao offre une mobilisation historique au ministre Fassou Th\u00e9a"},"content":{"rendered":"\n<p>La campagne r\u00e9f\u00e9rendaire, ouverte le 4 septembre 2025 dans la capitale de la Guin\u00e9e foresti\u00e8re, s\u2019est achev\u00e9e ce jeudi 18 septembre en apoth\u00e9ose. Le district de N\u2019Zao, situ\u00e9 dans la sous-pr\u00e9fecture de Yalenzou (pr\u00e9fecture de N\u2019Z\u00e9r\u00e9kor\u00e9), a vibr\u00e9 au rythme d\u2019une mobilisation sans pr\u00e9c\u00e9dent en faveur du ministre de la P\u00eache et de l\u2019\u00c9conomie maritime, Fassou Th\u00e9a.<\/p>\n\n\n\n<figure class=\"wp-block-image size-full\"><img fetchpriority=\"high\" decoding=\"async\" width=\"750\" height=\"489\" src=\"https:\/\/lereveil224.info\/wp-content\/uploads\/2025\/09\/IMG-20250918-WA0006_1.jpg\" alt=\"\" class=\"wp-image-8631\" srcset=\"https:\/\/lereveil224.info\/wp-content\/uploads\/2025\/09\/IMG-20250918-WA0006_1.jpg 750w, https:\/\/lereveil224.info\/wp-content\/uploads\/2025\/09\/IMG-20250918-WA0006_1-300x196.jpg 300w, https:\/\/lereveil224.info\/wp-content\/uploads\/2025\/09\/IMG-20250918-WA0006_1-210x136.jpg 210w\" sizes=\"(max-width: 750px) 100vw, 750px\" \/><\/figure>\n\n\n\n<p>Fid\u00e8le \u00e0 son image d\u2019homme simple et proche des populations, le ministre Th\u00e9a a re\u00e7u un accueil triomphal de la part des notabilit\u00e9s, des femmes et des jeunes de N\u2019Zao. Cet enthousiasme t\u00e9moigne non seulement de l\u2019adh\u00e9sion massive des habitants \u00e0 la nouvelle Constitution qui sera soumise au vote le 21 septembre, mais aussi de leur reconnaissance envers le pr\u00e9sident de la R\u00e9publique, le G\u00e9n\u00e9ral Mamadi Doumbouya, pour avoir confi\u00e9 des responsabilit\u00e9s \u00e0 l\u2019un des fils de la r\u00e9gion.<\/p>\n\n\n\n<p>Prenant la parole, le doyen Yalass\u00e9 Gamy a salu\u00e9 ce choix en ces termes : \u00ab Nous remercions Son Excellence le G\u00e9n\u00e9ral Mamadi Doumbouya pour la confiance plac\u00e9e en notre fils, unificateur et rassembleur. M. Fassou Th\u00e9a est ce cadre que la For\u00eat a toujours souhait\u00e9 voir \u00e9merger. Pour exprimer notre engagement au projet Simandou 2040 et au r\u00e9f\u00e9rendum du 21 septembre, la population de N\u2019Zao offre symboliquement ce cadeau au Ministre, preuve que notre soutien ne fera pas d\u00e9faut. \u00bb<\/p>\n\n\n\n<figure class=\"wp-block-image size-full\"><img decoding=\"async\" width=\"1016\" height=\"858\" src=\"https:\/\/lereveil224.info\/wp-content\/uploads\/2025\/09\/IMG-20250918-WA0005.jpg\" alt=\"\" class=\"wp-image-8634\" srcset=\"https:\/\/lereveil224.info\/wp-content\/uploads\/2025\/09\/IMG-20250918-WA0005.jpg 1016w, https:\/\/lereveil224.info\/wp-content\/uploads\/2025\/09\/IMG-20250918-WA0005-300x253.jpg 300w, https:\/\/lereveil224.info\/wp-content\/uploads\/2025\/09\/IMG-20250918-WA0005-768x649.jpg 768w\" sizes=\"(max-width: 1016px) 100vw, 1016px\" \/><\/figure>\n\n\n\n<figure class=\"wp-block-image size-full\"><img decoding=\"async\" width=\"1016\" height=\"858\" src=\"https:\/\/lereveil224.info\/wp-content\/uploads\/2025\/09\/IMG-20250918-WA0005.jpg\" alt=\"\" class=\"wp-image-8634\" srcset=\"https:\/\/lereveil224.info\/wp-content\/uploads\/2025\/09\/IMG-20250918-WA0005.jpg 1016w, https:\/\/lereveil224.info\/wp-content\/uploads\/2025\/09\/IMG-20250918-WA0005-300x253.jpg 300w, https:\/\/lereveil224.info\/wp-content\/uploads\/2025\/09\/IMG-20250918-WA0005-768x649.jpg 768w\" sizes=\"(max-width: 1016px) 100vw, 1016px\" \/><\/figure>\n\n\n\n<p>Le doyen a \u00e9galement remis au ministre un \u00ab symbole du pouvoir \u00bb, en signe de loyaut\u00e9 et d\u2019accompagnement de la communaut\u00e9 au Ministre.<\/p>\n\n\n\n<p>Profond\u00e9ment touch\u00e9 par l\u2019ampleur de la mobilisation, le ministre Fassou Th\u00e9a a exprim\u00e9 sa gratitude \u00e0 la population de N\u2019Zao pour cette marque de confiance et d\u2019attachement. Il a exhort\u00e9 les habitants \u00e0 prier quotidiennement pour la sant\u00e9 et la long\u00e9vit\u00e9 du pr\u00e9sident Mamadi Doumbouya, afin qu\u2019il poursuive son \u0153uvre en faveur d\u2019une Guin\u00e9e unie et prosp\u00e8re. Dans la m\u00eame lanc\u00e9e, il a invit\u00e9 chacun \u00e0 se mobiliser pour voter massivement \u201cOUI\u201d le 21 septembre, en montrant concr\u00e8tement la proc\u00e9dure de vote, tout en rappelant aux retardataires l\u2019importance de retirer leurs cartes d\u2019\u00e9lecteur.<\/p>\n\n\n\n<figure class=\"wp-block-image size-full\"><img decoding=\"async\" width=\"1016\" height=\"858\" src=\"https:\/\/lereveil224.info\/wp-content\/uploads\/2025\/09\/IMG-20250918-WA0008.jpg\" alt=\"\" class=\"wp-image-8632\" srcset=\"https:\/\/lereveil224.info\/wp-content\/uploads\/2025\/09\/IMG-20250918-WA0008.jpg 1016w, https:\/\/lereveil224.info\/wp-content\/uploads\/2025\/09\/IMG-20250918-WA0008-300x253.jpg 300w, https:\/\/lereveil224.info\/wp-content\/uploads\/2025\/09\/IMG-20250918-WA0008-768x649.jpg 768w\" sizes=\"(max-width: 1016px) 100vw, 1016px\" \/><\/figure>\n\n\n\n<figure class=\"wp-block-image size-full\"><img decoding=\"async\" width=\"1016\" height=\"858\" src=\"https:\/\/lereveil224.info\/wp-content\/uploads\/2025\/09\/IMG-20250918-WA0008.jpg\" alt=\"\" class=\"wp-image-8632\" srcset=\"https:\/\/lereveil224.info\/wp-content\/uploads\/2025\/09\/IMG-20250918-WA0008.jpg 1016w, https:\/\/lereveil224.info\/wp-content\/uploads\/2025\/09\/IMG-20250918-WA0008-300x253.jpg 300w, https:\/\/lereveil224.info\/wp-content\/uploads\/2025\/09\/IMG-20250918-WA0008-768x649.jpg 768w\" sizes=\"(max-width: 1016px) 100vw, 1016px\" \/><\/figure>\n\n\n\n<p>Il convient de souligner que plusieurs acteurs sociaux et politiques de N\u2019Z\u00e9r\u00e9kor\u00e9 voient en la nomination de M. Fassou Th\u00e9a au gouvernement une v\u00e9ritable chance pour raffermir la coh\u00e9sion entre les filles et fils de la r\u00e9gion, au-del\u00e0 des clivages ethniques. Sa proximit\u00e9 avec les populations et sa vision inclusive font de lui un acteur central de la dynamique d\u2019unit\u00e9 et de d\u00e9veloppement en Guin\u00e9e foresti\u00e8re, pr\u00f4n\u00e9e depuis le 5 septembre 2025 par S.E. le G\u00e9n\u00e9ral Mamadi Doumbouya.<\/p>\n\n\n\n<figure class=\"wp-block-image size-full\"><img loading=\"lazy\" decoding=\"async\" width=\"1016\" height=\"858\" src=\"https:\/\/lereveil224.info\/wp-content\/uploads\/2025\/09\/IMG-20250918-WA0007.jpg\" alt=\"\" class=\"wp-image-8633\" srcset=\"https:\/\/lereveil224.info\/wp-content\/uploads\/2025\/09\/IMG-20250918-WA0007.jpg 1016w, https:\/\/lereveil224.info\/wp-content\/uploads\/2025\/09\/IMG-20250918-WA0007-300x253.jpg 300w, https:\/\/lereveil224.info\/wp-content\/uploads\/2025\/09\/IMG-20250918-WA0007-768x649.jpg 768w\" sizes=\"(max-width: 1016px) 100vw, 1016px\" \/><\/figure>\n\n\n\n<figure class=\"wp-block-image size-full\"><img loading=\"lazy\" decoding=\"async\" width=\"1016\" height=\"858\" src=\"https:\/\/lereveil224.info\/wp-content\/uploads\/2025\/09\/IMG-20250918-WA0007.jpg\" alt=\"\" class=\"wp-image-8633\" srcset=\"https:\/\/lereveil224.info\/wp-content\/uploads\/2025\/09\/IMG-20250918-WA0007.jpg 1016w, https:\/\/lereveil224.info\/wp-content\/uploads\/2025\/09\/IMG-20250918-WA0007-300x253.jpg 300w, https:\/\/lereveil224.info\/wp-content\/uploads\/2025\/09\/IMG-20250918-WA0007-768x649.jpg 768w\" sizes=\"(max-width: 1016px) 100vw, 1016px\" \/><\/figure>\n\n\n\n<p><strong>Thierno Amadou Diallo<\/strong><\/p>\n","protected":false},"excerpt":{"rendered":"<p>La campagne r\u00e9f\u00e9rendaire, ouverte le 4 septembre 2025 dans la capitale de la Guin\u00e9e foresti\u00e8re, s\u2019est achev\u00e9e ce jeudi 18 septembre en apoth\u00e9ose. Le district de N\u2019Zao, situ\u00e9 dans la sous-pr\u00e9fecture de Yalenzou (pr\u00e9fecture de N\u2019Z\u00e9r\u00e9kor\u00e9), a vibr\u00e9 au rythme d\u2019une mobilisation sans pr\u00e9c\u00e9dent en faveur du ministre de la P\u00eache et de l\u2019\u00c9conomie maritime, [&hellip;]<\/p>\n","protected":false},"author":123458,"featured_media":8635,"comment_status":"open","ping_status":"open","sticky":false,"template":"","format":"standard","meta":{"_acf_changed":false,"footnotes":""},"categories":[11,2,18],"tags":[],"class_list":["post-8629","post","type-post","status-publish","format-standard","has-post-thumbnail","hentry","category-actualite","category-politique","category-region"],"acf":[],"_links":{"self":[{"href":"https:\/\/lereveil224.info\/index.php\/wp-json\/wp\/v2\/posts\/8629","targetHints":{"allow":["GET"]}}],"collection":[{"href":"https:\/\/lereveil224.info\/index.php\/wp-json\/wp\/v2\/posts"}],"about":[{"href":"https:\/\/lereveil224.info\/index.php\/wp-json\/wp\/v2\/types\/post"}],"author":[{"embeddable":true,"href":"https:\/\/lereveil224.info\/index.php\/wp-json\/wp\/v2\/users\/123458"}],"replies":[{"embeddable":true,"href":"https:\/\/lereveil224.info\/index.php\/wp-json\/wp\/v2\/comments?post=8629"}],"version-history":[{"count":2,"href":"https:\/\/lereveil224.info\/index.php\/wp-json\/wp\/v2\/posts\/8629\/revisions"}],"predecessor-version":[{"id":8636,"href":"https:\/\/lereveil224.info\/index.php\/wp-json\/wp\/v2\/posts\/8629\/revisions\/8636"}],"wp:featuredmedia":[{"embeddable":true,"href":"https:\/\/lereveil224.info\/index.php\/wp-json\/wp\/v2\/media\/8635"}],"wp:attachment":[{"href":"https:\/\/lereveil224.info\/index.php\/wp-json\/wp\/v2\/media?parent=8629"}],"wp:term":[{"taxonomy":"category","embeddable":true,"href":"https:\/\/lereveil224.info\/index.php\/wp-json\/wp\/v2\/categories?post=8629"},{"taxonomy":"post_tag","embeddable":true,"href":"https:\/\/lereveil224.info\/index.php\/wp-json\/wp\/v2\/tags?post=8629"}],"curies":[{"name":"wp","href":"https:\/\/api.w.org\/{rel}","templated":true}]}}