{"id":8625,"date":"2025-09-18T20:50:48","date_gmt":"2025-09-18T20:50:48","guid":{"rendered":"https:\/\/lereveil224.info\/?p=8625"},"modified":"2025-09-18T20:50:49","modified_gmt":"2025-09-18T20:50:49","slug":"simandou-le-megaprojet-minier-franchit-une-etape-avec-le-lancement-de-lextraction-a-kerouane","status":"publish","type":"post","link":"https:\/\/lereveil224.info\/index.php\/2025\/09\/18\/simandou-le-megaprojet-minier-franchit-une-etape-avec-le-lancement-de-lextraction-a-kerouane\/","title":{"rendered":"Simandou : le m\u00e9gaprojet minier franchit une \u00e9tape avec le lancement de l\u2019extraction \u00e0 K\u00e9rouan\u00e9"},"content":{"rendered":"\n<p>Le r\u00eave devient r\u00e9alit\u00e9. Le <strong>m\u00e9gaprojet Simandou<\/strong>, consid\u00e9r\u00e9 comme l\u2019un des plus grands projets miniers au monde, vient de franchir une \u00e9tape d\u00e9cisive. Le 14 septembre 2025, les premi\u00e8res op\u00e9rations d\u2019extraction de minerai de fer ont officiellement d\u00e9marr\u00e9 sur les <strong>blocs 1 et 2<\/strong>, situ\u00e9s dans la pr\u00e9fecture de K\u00e9rouan\u00e9, r\u00e9gion administrative de Kankan. L\u2019information a \u00e9t\u00e9 confirm\u00e9e par une source fiable relay\u00e9e par <em>lereveil224.info<\/em>.<\/p>\n\n\n\n<p>La c\u00e9r\u00e9monie marquant ce lancement s\u2019est tenue en pr\u00e9sence de <strong>Djiba Diakit\u00e9, pr\u00e9sident du comit\u00e9 strat\u00e9gique de Simandou<\/strong>, accompagn\u00e9 d\u2019une forte d\u00e9l\u00e9gation minist\u00e9rielle. Ce moment symbolise le passage d\u2019un long chantier pr\u00e9paratoire vers une <strong>exploitation commerciale imminente<\/strong>.<\/p>\n\n\n\n<p>Selon un responsable du <strong>Winning Consortium Simandou (WCS)<\/strong>, les capacit\u00e9s de production s\u2019annoncent impressionnantes :<\/p>\n\n\n\n<ul class=\"wp-block-list\">\n<li><strong>Phase 1 :<\/strong> extraction de <strong>4 000 tonnes de minerai de fer par heure<\/strong> ;<\/li>\n\n\n\n<li><strong>Phase 2 :<\/strong> mont\u00e9e en puissance jusqu\u2019\u00e0 <strong>8 000 tonnes par heure<\/strong> ;<\/li>\n\n\n\n<li><strong>Objectif final :<\/strong> atteindre <strong>60 millions de tonnes par an<\/strong> dans les prochaines ann\u00e9es, avec une cadence pouvant aller jusqu\u2019\u00e0 <strong>9 000 tonnes par heure<\/strong>.<\/li>\n<\/ul>\n\n\n\n<p>Cette mont\u00e9e en puissance fait de Simandou un levier strat\u00e9gique pour positionner la Guin\u00e9e comme un acteur incontournable du march\u00e9 mondial du fer.<\/p>\n\n\n\n<p>Au-del\u00e0 des chiffres, le pr\u00e9sident du comit\u00e9 strat\u00e9gique a rappel\u00e9 les <strong>exigences du chef de l\u2019\u00c9tat<\/strong> : la Guin\u00e9e ne doit pas se limiter \u00e0 l\u2019exportation brute de ses ressources. La <strong>transformation locale du minerai<\/strong> reste une priorit\u00e9 nationale, afin de cr\u00e9er de la valeur ajout\u00e9e, des emplois et de renforcer l\u2019\u00e9cosyst\u00e8me industriel du pays.<\/p>\n\n\n\n<p>Il a \u00e9galement insist\u00e9 sur le <strong>respect des engagements de co-d\u00e9veloppement<\/strong>, une approche visant \u00e0 int\u00e9grer les communaut\u00e9s locales dans la cha\u00eene de valeur et \u00e0 faire du Simandou un projet de croissance partag\u00e9e.<\/p>\n\n\n\n<p>Avec ce lancement, la Guin\u00e9e entre dans une nouvelle \u00e8re. Longtemps attendu, le Simandou pourrait devenir le <strong>moteur de l\u2019\u00e9conomie nationale<\/strong>, attirer des investissements massifs, et transformer durablement la place du pays dans l\u2019industrie mini\u00e8re mondiale.<\/p>\n\n\n\n<p>Le monde a d\u00e9sormais les yeux tourn\u00e9s vers K\u00e9rouan\u00e9, o\u00f9 se joue l\u2019avenir du <strong>plus grand projet minier d\u2019Afrique<\/strong>.<\/p>\n\n\n\n<p><strong>Mamadouba CAMARA <\/strong><\/p>\n","protected":false},"excerpt":{"rendered":"<p>Le r\u00eave devient r\u00e9alit\u00e9. Le m\u00e9gaprojet Simandou, consid\u00e9r\u00e9 comme l\u2019un des plus grands projets miniers au monde, vient de franchir une \u00e9tape d\u00e9cisive. Le 14 septembre 2025, les premi\u00e8res op\u00e9rations d\u2019extraction de minerai de fer ont officiellement d\u00e9marr\u00e9 sur les blocs 1 et 2, situ\u00e9s dans la pr\u00e9fecture de K\u00e9rouan\u00e9, r\u00e9gion administrative de Kankan. L\u2019information [&hellip;]<\/p>\n","protected":false},"author":123458,"featured_media":8627,"comment_status":"open","ping_status":"open","sticky":false,"template":"","format":"standard","meta":{"_acf_changed":false,"footnotes":""},"categories":[11,59,18],"tags":[],"class_list":["post-8625","post","type-post","status-publish","format-standard","has-post-thumbnail","hentry","category-actualite","category-nationale","category-region"],"acf":[],"_links":{"self":[{"href":"https:\/\/lereveil224.info\/index.php\/wp-json\/wp\/v2\/posts\/8625","targetHints":{"allow":["GET"]}}],"collection":[{"href":"https:\/\/lereveil224.info\/index.php\/wp-json\/wp\/v2\/posts"}],"about":[{"href":"https:\/\/lereveil224.info\/index.php\/wp-json\/wp\/v2\/types\/post"}],"author":[{"embeddable":true,"href":"https:\/\/lereveil224.info\/index.php\/wp-json\/wp\/v2\/users\/123458"}],"replies":[{"embeddable":true,"href":"https:\/\/lereveil224.info\/index.php\/wp-json\/wp\/v2\/comments?post=8625"}],"version-history":[{"count":2,"href":"https:\/\/lereveil224.info\/index.php\/wp-json\/wp\/v2\/posts\/8625\/revisions"}],"predecessor-version":[{"id":8628,"href":"https:\/\/lereveil224.info\/index.php\/wp-json\/wp\/v2\/posts\/8625\/revisions\/8628"}],"wp:featuredmedia":[{"embeddable":true,"href":"https:\/\/lereveil224.info\/index.php\/wp-json\/wp\/v2\/media\/8627"}],"wp:attachment":[{"href":"https:\/\/lereveil224.info\/index.php\/wp-json\/wp\/v2\/media?parent=8625"}],"wp:term":[{"taxonomy":"category","embeddable":true,"href":"https:\/\/lereveil224.info\/index.php\/wp-json\/wp\/v2\/categories?post=8625"},{"taxonomy":"post_tag","embeddable":true,"href":"https:\/\/lereveil224.info\/index.php\/wp-json\/wp\/v2\/tags?post=8625"}],"curies":[{"name":"wp","href":"https:\/\/api.w.org\/{rel}","templated":true}]}}