{"id":8613,"date":"2025-09-15T21:18:20","date_gmt":"2025-09-15T21:18:20","guid":{"rendered":"https:\/\/lereveil224.info\/?p=8613"},"modified":"2025-09-15T21:18:21","modified_gmt":"2025-09-15T21:18:21","slug":"donghol-en-liesse-la-jeunesse-et-les-sages-promettent-un-oui-massif-au-referendum","status":"publish","type":"post","link":"https:\/\/lereveil224.info\/index.php\/2025\/09\/15\/donghol-en-liesse-la-jeunesse-et-les-sages-promettent-un-oui-massif-au-referendum\/","title":{"rendered":"Donghol en liesse : la jeunesse et les sages promettent un OUI massif au r\u00e9f\u00e9rendum"},"content":{"rendered":"\n<p>Le quartier Donghol, dans la commune urbaine de Lab\u00e9, a vibr\u00e9 ce dimanche au rythme d\u2019une mobilisation populaire exceptionnelle. \u00c0 l\u2019occasion de la campagne r\u00e9f\u00e9rendaire, habitants, sages et jeunes se sont r\u00e9unis pour exprimer leur reconnaissance au Pr\u00e9sident de la R\u00e9publique, le G\u00e9n\u00e9ral Mamadi Doumbouya, suite \u00e0 la nomination de leur fils, <strong>Mamadou Cellou Bald\u00e9<\/strong>, au poste de Ministre de la Jeunesse.<\/p>\n\n\n\n<p>Dans une atmosph\u00e8re marqu\u00e9e par la fiert\u00e9 et l\u2019enthousiasme, le chef de quartier a pris la parole au nom de la population. Il a salu\u00e9 la \u00ab vision inclusive et patriotique \u00bb du Chef de l\u2019\u00c9tat, rappelant que la refondation nationale ne cesse d\u2019associer toutes les composantes du pays \u00e0 la gestion des affaires publiques.<\/p>\n\n\n\n<p>\u00ab Donghol sera au premier rang pour soutenir cette dynamique. Le 21 septembre, nous r\u00e9pondrons massivement OUI au r\u00e9f\u00e9rendum \u00bb, a-t-il assur\u00e9 sous les applaudissements nourris des habitants.<\/p>\n\n\n\n<p>Cette mobilisation, d\u00e9crite par certains participants comme \u00ab historique \u00bb, traduit non seulement la gratitude de la communaut\u00e9 mais aussi sa volont\u00e9 affich\u00e9e de s\u2019inscrire pleinement dans le processus politique en cours.<\/p>\n\n\n\n<p><strong>Par Mamadouba CAMARA<\/strong><\/p>\n","protected":false},"excerpt":{"rendered":"<p>Le quartier Donghol, dans la commune urbaine de Lab\u00e9, a vibr\u00e9 ce dimanche au rythme d\u2019une mobilisation populaire exceptionnelle. \u00c0 l\u2019occasion de la campagne r\u00e9f\u00e9rendaire, habitants, sages et jeunes se sont r\u00e9unis pour exprimer leur reconnaissance au Pr\u00e9sident de la R\u00e9publique, le G\u00e9n\u00e9ral Mamadi Doumbouya, suite \u00e0 la nomination de leur fils, Mamadou Cellou Bald\u00e9, [&hellip;]<\/p>\n","protected":false},"author":123458,"featured_media":8616,"comment_status":"open","ping_status":"open","sticky":false,"template":"","format":"standard","meta":{"_acf_changed":false,"footnotes":""},"categories":[11,2,18],"tags":[],"class_list":["post-8613","post","type-post","status-publish","format-standard","has-post-thumbnail","hentry","category-actualite","category-politique","category-region"],"acf":[],"_links":{"self":[{"href":"https:\/\/lereveil224.info\/index.php\/wp-json\/wp\/v2\/posts\/8613","targetHints":{"allow":["GET"]}}],"collection":[{"href":"https:\/\/lereveil224.info\/index.php\/wp-json\/wp\/v2\/posts"}],"about":[{"href":"https:\/\/lereveil224.info\/index.php\/wp-json\/wp\/v2\/types\/post"}],"author":[{"embeddable":true,"href":"https:\/\/lereveil224.info\/index.php\/wp-json\/wp\/v2\/users\/123458"}],"replies":[{"embeddable":true,"href":"https:\/\/lereveil224.info\/index.php\/wp-json\/wp\/v2\/comments?post=8613"}],"version-history":[{"count":2,"href":"https:\/\/lereveil224.info\/index.php\/wp-json\/wp\/v2\/posts\/8613\/revisions"}],"predecessor-version":[{"id":8615,"href":"https:\/\/lereveil224.info\/index.php\/wp-json\/wp\/v2\/posts\/8613\/revisions\/8615"}],"wp:featuredmedia":[{"embeddable":true,"href":"https:\/\/lereveil224.info\/index.php\/wp-json\/wp\/v2\/media\/8616"}],"wp:attachment":[{"href":"https:\/\/lereveil224.info\/index.php\/wp-json\/wp\/v2\/media?parent=8613"}],"wp:term":[{"taxonomy":"category","embeddable":true,"href":"https:\/\/lereveil224.info\/index.php\/wp-json\/wp\/v2\/categories?post=8613"},{"taxonomy":"post_tag","embeddable":true,"href":"https:\/\/lereveil224.info\/index.php\/wp-json\/wp\/v2\/tags?post=8613"}],"curies":[{"name":"wp","href":"https:\/\/api.w.org\/{rel}","templated":true}]}}