{"id":8602,"date":"2025-09-12T22:59:17","date_gmt":"2025-09-12T22:59:17","guid":{"rendered":"https:\/\/lereveil224.info\/?p=8602"},"modified":"2025-09-12T22:59:19","modified_gmt":"2025-09-12T22:59:19","slug":"ibrahima-kalil-diallo-recouvre-la-liberte-apres-une-longue-audition-a-la-dcpj","status":"publish","type":"post","link":"https:\/\/lereveil224.info\/index.php\/2025\/09\/12\/ibrahima-kalil-diallo-recouvre-la-liberte-apres-une-longue-audition-a-la-dcpj\/","title":{"rendered":"Ibrahima Kalil Diallo recouvre la libert\u00e9 apr\u00e8s une longue audition \u00e0 la DCPJ"},"content":{"rendered":"\n<p>L\u2019ancien journaliste et pr\u00e9sident du mouvement <em>Agissons pour la Guin\u00e9e (APG)<\/em>, Ibrahima Kalil Diallo, a annonc\u00e9 sa lib\u00e9ration ce vendredi soir, \u00e0 l\u2019issue d\u2019une longue audition \u00e0 la Direction centrale de la police judiciaire (DCPJ).<\/p>\n\n\n\n<p>Convoqu\u00e9 dans la matin\u00e9e pour des raisons qui n\u2019ont pas encore \u00e9t\u00e9 officiellement pr\u00e9cis\u00e9es, il a pass\u00e9 plusieurs heures dans les locaux de la police avant de retrouver la libert\u00e9.<\/p>\n\n\n\n<p>Dans une r\u00e9action publi\u00e9e sur son profil Facebook, l\u2019ancien homme de m\u00e9dias a exprim\u00e9 son soulagement :<\/p>\n\n\n\n<blockquote class=\"wp-block-quote is-layout-flow wp-block-quote-is-layout-flow\">\n<p>\u00ab Enfin je suis libre apr\u00e8s une longue journ\u00e9e d\u2019audition \u00e0 la direction de la police judiciaire, o\u00f9 j\u2019ai \u00e9t\u00e9 convoqu\u00e9 ce matin \u00bb, a-t-il \u00e9crit.<\/p>\n<\/blockquote>\n\n\n\n<p>Reconnaissant, il a tenu \u00e0 adresser un message de gratitude \u00e0 sa famille et \u00e0 tous ceux qui lui ont t\u00e9moign\u00e9 leur soutien :<\/p>\n\n\n\n<blockquote class=\"wp-block-quote is-layout-flow wp-block-quote-is-layout-flow\">\n<p>\u00ab Je remercie sinc\u00e8rement toutes celles et ceux qui nous ont apport\u00e9 leur soutien durant cette p\u00e9riode difficile. Vos messages r\u00e9confortants, vos innombrables appels et votre pr\u00e9sence \u00e0 nos c\u00f4t\u00e9s nous ont profond\u00e9ment touch\u00e9s. Je ne me suis jamais senti aussi soutenu. Merci du fond du c\u0153ur \u00e0 chacun d\u2019entre vous \u00bb, a-t-il ajout\u00e9.<\/p>\n<\/blockquote>\n\n\n\n<p>Pour l\u2019instant, aucune pr\u00e9cision n\u2019a \u00e9t\u00e9 donn\u00e9e sur les motifs de cette convocation. Mais cette audition et la r\u00e9action publique de l\u2019int\u00e9ress\u00e9 ne manquent pas de susciter de nombreux commentaires au sein de l\u2019opinion.<\/p>\n\n\n\n<p><strong>Par Mamadouba CAMARA<\/strong><\/p>\n","protected":false},"excerpt":{"rendered":"<p>L\u2019ancien journaliste et pr\u00e9sident du mouvement Agissons pour la Guin\u00e9e (APG), Ibrahima Kalil Diallo, a annonc\u00e9 sa lib\u00e9ration ce vendredi soir, \u00e0 l\u2019issue d\u2019une longue audition \u00e0 la Direction centrale de la police judiciaire (DCPJ). Convoqu\u00e9 dans la matin\u00e9e pour des raisons qui n\u2019ont pas encore \u00e9t\u00e9 officiellement pr\u00e9cis\u00e9es, il a pass\u00e9 plusieurs heures dans [&hellip;]<\/p>\n","protected":false},"author":123458,"featured_media":8605,"comment_status":"open","ping_status":"open","sticky":false,"template":"","format":"standard","meta":{"_acf_changed":false,"footnotes":""},"categories":[11,2,18],"tags":[],"class_list":["post-8602","post","type-post","status-publish","format-standard","has-post-thumbnail","hentry","category-actualite","category-politique","category-region"],"acf":[],"_links":{"self":[{"href":"https:\/\/lereveil224.info\/index.php\/wp-json\/wp\/v2\/posts\/8602","targetHints":{"allow":["GET"]}}],"collection":[{"href":"https:\/\/lereveil224.info\/index.php\/wp-json\/wp\/v2\/posts"}],"about":[{"href":"https:\/\/lereveil224.info\/index.php\/wp-json\/wp\/v2\/types\/post"}],"author":[{"embeddable":true,"href":"https:\/\/lereveil224.info\/index.php\/wp-json\/wp\/v2\/users\/123458"}],"replies":[{"embeddable":true,"href":"https:\/\/lereveil224.info\/index.php\/wp-json\/wp\/v2\/comments?post=8602"}],"version-history":[{"count":2,"href":"https:\/\/lereveil224.info\/index.php\/wp-json\/wp\/v2\/posts\/8602\/revisions"}],"predecessor-version":[{"id":8604,"href":"https:\/\/lereveil224.info\/index.php\/wp-json\/wp\/v2\/posts\/8602\/revisions\/8604"}],"wp:featuredmedia":[{"embeddable":true,"href":"https:\/\/lereveil224.info\/index.php\/wp-json\/wp\/v2\/media\/8605"}],"wp:attachment":[{"href":"https:\/\/lereveil224.info\/index.php\/wp-json\/wp\/v2\/media?parent=8602"}],"wp:term":[{"taxonomy":"category","embeddable":true,"href":"https:\/\/lereveil224.info\/index.php\/wp-json\/wp\/v2\/categories?post=8602"},{"taxonomy":"post_tag","embeddable":true,"href":"https:\/\/lereveil224.info\/index.php\/wp-json\/wp\/v2\/tags?post=8602"}],"curies":[{"name":"wp","href":"https:\/\/api.w.org\/{rel}","templated":true}]}}