{"id":8596,"date":"2025-09-12T21:20:05","date_gmt":"2025-09-12T21:20:05","guid":{"rendered":"https:\/\/lereveil224.info\/?p=8596"},"modified":"2025-09-12T21:20:07","modified_gmt":"2025-09-12T21:20:07","slug":"mystere-autour-de-laudition-dibrahima-kalil-diallo-a-la-dpj-de-conakry","status":"publish","type":"post","link":"https:\/\/lereveil224.info\/index.php\/2025\/09\/12\/mystere-autour-de-laudition-dibrahima-kalil-diallo-a-la-dpj-de-conakry\/","title":{"rendered":"Myst\u00e8re autour de l\u2019audition d\u2019Ibrahima Kalil Diallo \u00e0 la DPJ de Conakry"},"content":{"rendered":"\n<p>L\u2019ancien journaliste et pr\u00e9sident du mouvement <strong>Agissons pour la Guin\u00e9e (APG)<\/strong>, Ibrahima Kalil Diallo, a \u00e9t\u00e9 entendu ce vendredi apr\u00e8s-midi \u00e0 la <strong>Direction Centrale de la Police Judiciaire (DPJ)<\/strong>, \u00e0 Manquepas, dans la commune de Kaloum.<\/p>\n\n\n\n<p>Pour l\u2019heure, les motifs exacts de cette audition restent entour\u00e9s de flou. Ni la Police Judiciaire ni l\u2019int\u00e9ress\u00e9 n\u2019ont communiqu\u00e9 officiellement sur les raisons de sa convocation.<\/p>\n\n\n\n<p>D\u2019apr\u00e8s des proches, Ibrahima Kalil Diallo aurait re\u00e7u un appel t\u00e9l\u00e9phonique dans la soir\u00e9e du jeudi 11 septembre, \u00e9manant des services de la DPJ, l\u2019invitant \u00e0 se pr\u00e9senter d\u00e8s le lendemain dans leurs locaux. Conseill\u00e9 par son avocat, il aurait accept\u00e9 de r\u00e9pondre \u00e0 cette convocation.<\/p>\n\n\n\n<p>Apr\u00e8s plusieurs heures d\u2019interrogatoire, les enqu\u00eateurs lui auraient demand\u00e9 de <strong>demeurer sur place<\/strong>, sans pr\u00e9cision claire quant \u00e0 la nature de cette mesure. Aucune indication n\u2019a \u00e9t\u00e9 donn\u00e9e pour savoir s\u2019il s\u2019agit d\u2019une garde \u00e0 vue ou d\u2019un maintien temporaire dans le cadre d\u2019un compl\u00e9ment d\u2019enqu\u00eate.<\/p>\n\n\n\n<p>L\u2019affaire suscite d\u00e9j\u00e0 de nombreuses interrogations dans les milieux politiques et m\u00e9diatiques. Beaucoup attendent des \u00e9claircissements officiels sur les raisons de cette proc\u00e9dure.<\/p>\n\n\n\n<p>Une affaire \u00e0 suivre de pr\u00e8s.<\/p>\n\n\n\n<p><strong>Par Mamadouba CAMARA<\/strong><\/p>\n","protected":false},"excerpt":{"rendered":"<p>L\u2019ancien journaliste et pr\u00e9sident du mouvement Agissons pour la Guin\u00e9e (APG), Ibrahima Kalil Diallo, a \u00e9t\u00e9 entendu ce vendredi apr\u00e8s-midi \u00e0 la Direction Centrale de la Police Judiciaire (DPJ), \u00e0 Manquepas, dans la commune de Kaloum. Pour l\u2019heure, les motifs exacts de cette audition restent entour\u00e9s de flou. Ni la Police Judiciaire ni l\u2019int\u00e9ress\u00e9 n\u2019ont [&hellip;]<\/p>\n","protected":false},"author":123458,"featured_media":8599,"comment_status":"open","ping_status":"open","sticky":false,"template":"","format":"standard","meta":{"_acf_changed":false,"footnotes":""},"categories":[11,2],"tags":[],"class_list":["post-8596","post","type-post","status-publish","format-standard","has-post-thumbnail","hentry","category-actualite","category-politique"],"acf":[],"_links":{"self":[{"href":"https:\/\/lereveil224.info\/index.php\/wp-json\/wp\/v2\/posts\/8596","targetHints":{"allow":["GET"]}}],"collection":[{"href":"https:\/\/lereveil224.info\/index.php\/wp-json\/wp\/v2\/posts"}],"about":[{"href":"https:\/\/lereveil224.info\/index.php\/wp-json\/wp\/v2\/types\/post"}],"author":[{"embeddable":true,"href":"https:\/\/lereveil224.info\/index.php\/wp-json\/wp\/v2\/users\/123458"}],"replies":[{"embeddable":true,"href":"https:\/\/lereveil224.info\/index.php\/wp-json\/wp\/v2\/comments?post=8596"}],"version-history":[{"count":4,"href":"https:\/\/lereveil224.info\/index.php\/wp-json\/wp\/v2\/posts\/8596\/revisions"}],"predecessor-version":[{"id":8601,"href":"https:\/\/lereveil224.info\/index.php\/wp-json\/wp\/v2\/posts\/8596\/revisions\/8601"}],"wp:featuredmedia":[{"embeddable":true,"href":"https:\/\/lereveil224.info\/index.php\/wp-json\/wp\/v2\/media\/8599"}],"wp:attachment":[{"href":"https:\/\/lereveil224.info\/index.php\/wp-json\/wp\/v2\/media?parent=8596"}],"wp:term":[{"taxonomy":"category","embeddable":true,"href":"https:\/\/lereveil224.info\/index.php\/wp-json\/wp\/v2\/categories?post=8596"},{"taxonomy":"post_tag","embeddable":true,"href":"https:\/\/lereveil224.info\/index.php\/wp-json\/wp\/v2\/tags?post=8596"}],"curies":[{"name":"wp","href":"https:\/\/api.w.org\/{rel}","templated":true}]}}