{"id":8586,"date":"2025-09-11T17:30:36","date_gmt":"2025-09-11T17:30:36","guid":{"rendered":"https:\/\/lereveil224.info\/?p=8586"},"modified":"2025-09-11T17:30:37","modified_gmt":"2025-09-11T17:30:37","slug":"guinee-rose-pola-pricemou-entre-dans-le-cercle-restreint-des-decideurs-mondiaux-du-numerique","status":"publish","type":"post","link":"https:\/\/lereveil224.info\/index.php\/2025\/09\/11\/guinee-rose-pola-pricemou-entre-dans-le-cercle-restreint-des-decideurs-mondiaux-du-numerique\/","title":{"rendered":"Guin\u00e9e : Rose Pola Pricemou entre dans le cercle restreint des d\u00e9cideurs mondiaux du num\u00e9rique"},"content":{"rendered":"\n<p>La Guin\u00e9e vient de franchir une \u00e9tape historique dans sa strat\u00e9gie d\u2019int\u00e9gration sur la sc\u00e8ne num\u00e9rique internationale. La ministre des Postes, des T\u00e9l\u00e9communications et de l\u2019\u00c9conomie num\u00e9rique, <strong>Rose Pola Pricemou<\/strong>, a \u00e9t\u00e9 nomm\u00e9e membre du <strong>Digital Innovation Board<\/strong>, le Conseil d\u2019administration de l\u2019innovation num\u00e9rique de l\u2019<strong>Union internationale des t\u00e9l\u00e9communications (UIT)<\/strong>.<\/p>\n\n\n\n<p>L\u2019annonce officielle a \u00e9t\u00e9 faite le mercredi 10 septembre 2025 depuis le si\u00e8ge de l\u2019UIT, \u00e0 Gen\u00e8ve. Cette instance strat\u00e9gique rassemble des dirigeants de haut niveau venus de diff\u00e9rents pays, parmi lesquels le Portugal et l\u2019Afrique du Sud, afin de d\u00e9finir les grandes orientations mondiales en mati\u00e8re d\u2019innovation num\u00e9rique.<\/p>\n\n\n\n<p>Le <strong>Digital Innovation Board<\/strong> s\u2019articule autour de cinq axes majeurs :<\/p>\n\n\n\n<ul class=\"wp-block-list\">\n<li>anticiper l\u2019\u00e9volution des technologies et des politiques publiques ;<\/li>\n\n\n\n<li>mettre l\u2019innovation ouverte et les partenariats au service du bien commun ;<\/li>\n\n\n\n<li>acc\u00e9l\u00e9rer l\u2019entrepreneuriat num\u00e9rique et l\u2019inclusion socio-\u00e9conomique des talents ;<\/li>\n\n\n\n<li>promouvoir des politiques agiles pour attirer les investissements ;<\/li>\n\n\n\n<li>encourager la collaboration internationale pour renforcer la comp\u00e9titivit\u00e9 des \u00e9conomies num\u00e9riques.<\/li>\n<\/ul>\n\n\n\n<p>Avec cette nomination, la ministre Pricemou devient non seulement la voix de la Guin\u00e9e, mais aussi l\u2019une des repr\u00e9sentantes du continent africain au sein de cette plateforme mondiale. Ses priorit\u00e9s affich\u00e9es : r\u00e9duire la fracture num\u00e9rique, promouvoir l\u2019inclusion digitale des populations, et faire de l\u2019innovation technologique un v\u00e9ritable moteur d\u2019opportunit\u00e9s pour la jeunesse et les femmes.<\/p>\n\n\n\n<p>Cette reconnaissance internationale confirme la mont\u00e9e en puissance de la Guin\u00e9e dans la gouvernance num\u00e9rique mondiale et t\u00e9moigne de son ambition de jouer un r\u00f4le cl\u00e9 dans l\u2019avenir du digital.<\/p>\n\n\n\n<p><strong>Par Mamadouba CAMARA<\/strong><\/p>\n","protected":false},"excerpt":{"rendered":"<p>La Guin\u00e9e vient de franchir une \u00e9tape historique dans sa strat\u00e9gie d\u2019int\u00e9gration sur la sc\u00e8ne num\u00e9rique internationale. La ministre des Postes, des T\u00e9l\u00e9communications et de l\u2019\u00c9conomie num\u00e9rique, Rose Pola Pricemou, a \u00e9t\u00e9 nomm\u00e9e membre du Digital Innovation Board, le Conseil d\u2019administration de l\u2019innovation num\u00e9rique de l\u2019Union internationale des t\u00e9l\u00e9communications (UIT). L\u2019annonce officielle a \u00e9t\u00e9 faite [&hellip;]<\/p>\n","protected":false},"author":123458,"featured_media":8589,"comment_status":"open","ping_status":"open","sticky":false,"template":"","format":"standard","meta":{"_acf_changed":false,"footnotes":""},"categories":[11,56],"tags":[],"class_list":["post-8586","post","type-post","status-publish","format-standard","has-post-thumbnail","hentry","category-actualite","category-technologie"],"acf":[],"_links":{"self":[{"href":"https:\/\/lereveil224.info\/index.php\/wp-json\/wp\/v2\/posts\/8586","targetHints":{"allow":["GET"]}}],"collection":[{"href":"https:\/\/lereveil224.info\/index.php\/wp-json\/wp\/v2\/posts"}],"about":[{"href":"https:\/\/lereveil224.info\/index.php\/wp-json\/wp\/v2\/types\/post"}],"author":[{"embeddable":true,"href":"https:\/\/lereveil224.info\/index.php\/wp-json\/wp\/v2\/users\/123458"}],"replies":[{"embeddable":true,"href":"https:\/\/lereveil224.info\/index.php\/wp-json\/wp\/v2\/comments?post=8586"}],"version-history":[{"count":2,"href":"https:\/\/lereveil224.info\/index.php\/wp-json\/wp\/v2\/posts\/8586\/revisions"}],"predecessor-version":[{"id":8588,"href":"https:\/\/lereveil224.info\/index.php\/wp-json\/wp\/v2\/posts\/8586\/revisions\/8588"}],"wp:featuredmedia":[{"embeddable":true,"href":"https:\/\/lereveil224.info\/index.php\/wp-json\/wp\/v2\/media\/8589"}],"wp:attachment":[{"href":"https:\/\/lereveil224.info\/index.php\/wp-json\/wp\/v2\/media?parent=8586"}],"wp:term":[{"taxonomy":"category","embeddable":true,"href":"https:\/\/lereveil224.info\/index.php\/wp-json\/wp\/v2\/categories?post=8586"},{"taxonomy":"post_tag","embeddable":true,"href":"https:\/\/lereveil224.info\/index.php\/wp-json\/wp\/v2\/tags?post=8586"}],"curies":[{"name":"wp","href":"https:\/\/api.w.org\/{rel}","templated":true}]}}