{"id":8581,"date":"2025-09-11T14:57:38","date_gmt":"2025-09-11T14:57:38","guid":{"rendered":"https:\/\/lereveil224.info\/?p=8581"},"modified":"2025-09-11T15:05:01","modified_gmt":"2025-09-11T15:05:01","slug":"nord-kivu-89-morts-dans-de-nouvelles-attaques-attribuees-aux-adf-lindignation-gagne-la-rdc","status":"publish","type":"post","link":"https:\/\/lereveil224.info\/index.php\/2025\/09\/11\/nord-kivu-89-morts-dans-de-nouvelles-attaques-attribuees-aux-adf-lindignation-gagne-la-rdc\/","title":{"rendered":"\u200eNord-Kivu : 89 morts dans de nouvelles attaques attribu\u00e9es aux ADF, l\u2019indignation gagne la RDC\u200e"},"content":{"rendered":"\n<p>\u200eLa province du Nord-Kivu, \u00e0 l\u2019est de la R\u00e9publique d\u00e9mocratique du Congo, est une nouvelle fois endeuill\u00e9e. Les attaques sanglantes attribu\u00e9es aux Forces d\u00e9mocratiques alli\u00e9es (ADF), groupe arm\u00e9 ayant pr\u00eat\u00e9 all\u00e9geance \u00e0 l\u2019organisation \u00c9tat islamique, ont co\u00fbt\u00e9 la vie \u00e0 au moins 89 civils.<br>\u200e<br><strong>\u200eUne trag\u00e9die qui choque la nation<br>\u200e<\/strong><br>\u200eLes violences, survenues ces derniers jours dans plusieurs localit\u00e9s, ont sem\u00e9 la d\u00e9solation parmi les populations d\u00e9j\u00e0 \u00e9prouv\u00e9es par des ann\u00e9es de conflits arm\u00e9s. \u00c0 Kinshasa comme dans la r\u00e9gion, l\u2019\u00e9motion et la col\u00e8re sont vives. Des voix s\u2019\u00e9l\u00e8vent pour d\u00e9noncer l\u2019incapacit\u00e9 des autorit\u00e9s et de leurs partenaires s\u00e9curitaires \u00e0 prot\u00e9ger les civils face \u00e0 cette menace persistante.<br>\u200e<br><strong>\u200eLe gouvernement promet une r\u00e9ponse ferme<\/strong><br>\u200e<br>\u200eFace \u00e0 cette flamb\u00e9e meurtri\u00e8re, le gouvernement congolais a r\u00e9affirm\u00e9 sa d\u00e9termination \u00e0 restaurer la paix et la s\u00e9curit\u00e9 dans l\u2019Est. \u00ab Nous ne c\u00e9derons pas devant le terrorisme \u00bb, a d\u00e9clar\u00e9 un responsable, appelant \u00e0 l\u2019unit\u00e9 nationale contre l\u2019ins\u00e9curit\u00e9 qui gangr\u00e8ne le pays.<br>\u200e<br><strong>\u200eUn lourd tribut pour les civils<\/strong><br>\u200e<br>\u200eDepuis plusieurs ann\u00e9es, les ADF m\u00e8nent des attaques r\u00e9guli\u00e8res dans le Nord-Kivu et l\u2019Ituri, visant villages et routes, souvent dans une indiff\u00e9rence internationale d\u00e9nonc\u00e9e par les organisations locales de d\u00e9fense des droits humains. La population civile, prise entre les groupes arm\u00e9s et les op\u00e9rations militaires, continue de payer le plus lourd tribut.<br>\u200e<br>\u200eAlors que les fun\u00e9railles s\u2019organisent dans la douleur, une question reste en suspens : la RDC pourra-t-elle un jour tourner la page de ce cycle interminable de violences ?<br>\u200e<br><strong>\u200eMamadouba CAMARA<\/strong> <\/p>\n","protected":false},"excerpt":{"rendered":"<p>\u200eLa province du Nord-Kivu, \u00e0 l\u2019est de la R\u00e9publique d\u00e9mocratique du Congo, est une nouvelle fois endeuill\u00e9e. Les attaques sanglantes attribu\u00e9es aux Forces d\u00e9mocratiques alli\u00e9es (ADF), groupe arm\u00e9 ayant pr\u00eat\u00e9 all\u00e9geance \u00e0 l\u2019organisation \u00c9tat islamique, ont co\u00fbt\u00e9 la vie \u00e0 au moins 89 civils.\u200e\u200eUne trag\u00e9die qui choque la nation\u200e\u200eLes violences, survenues ces derniers jours dans [&hellip;]<\/p>\n","protected":false},"author":123458,"featured_media":8584,"comment_status":"open","ping_status":"open","sticky":false,"template":"","format":"standard","meta":{"_acf_changed":false,"footnotes":""},"categories":[11,29],"tags":[],"class_list":["post-8581","post","type-post","status-publish","format-standard","has-post-thumbnail","hentry","category-actualite","category-continentale"],"acf":[],"_links":{"self":[{"href":"https:\/\/lereveil224.info\/index.php\/wp-json\/wp\/v2\/posts\/8581","targetHints":{"allow":["GET"]}}],"collection":[{"href":"https:\/\/lereveil224.info\/index.php\/wp-json\/wp\/v2\/posts"}],"about":[{"href":"https:\/\/lereveil224.info\/index.php\/wp-json\/wp\/v2\/types\/post"}],"author":[{"embeddable":true,"href":"https:\/\/lereveil224.info\/index.php\/wp-json\/wp\/v2\/users\/123458"}],"replies":[{"embeddable":true,"href":"https:\/\/lereveil224.info\/index.php\/wp-json\/wp\/v2\/comments?post=8581"}],"version-history":[{"count":3,"href":"https:\/\/lereveil224.info\/index.php\/wp-json\/wp\/v2\/posts\/8581\/revisions"}],"predecessor-version":[{"id":8585,"href":"https:\/\/lereveil224.info\/index.php\/wp-json\/wp\/v2\/posts\/8581\/revisions\/8585"}],"wp:featuredmedia":[{"embeddable":true,"href":"https:\/\/lereveil224.info\/index.php\/wp-json\/wp\/v2\/media\/8584"}],"wp:attachment":[{"href":"https:\/\/lereveil224.info\/index.php\/wp-json\/wp\/v2\/media?parent=8581"}],"wp:term":[{"taxonomy":"category","embeddable":true,"href":"https:\/\/lereveil224.info\/index.php\/wp-json\/wp\/v2\/categories?post=8581"},{"taxonomy":"post_tag","embeddable":true,"href":"https:\/\/lereveil224.info\/index.php\/wp-json\/wp\/v2\/tags?post=8581"}],"curies":[{"name":"wp","href":"https:\/\/api.w.org\/{rel}","templated":true}]}}