{"id":8431,"date":"2025-08-20T17:06:21","date_gmt":"2025-08-20T17:06:21","guid":{"rendered":"https:\/\/lereveil224.info\/?p=8431"},"modified":"2025-08-20T17:06:23","modified_gmt":"2025-08-20T17:06:23","slug":"nzerekore-le-bureau-regional-du-slecg-participe-a-la-semaine-nationale-du-merite-scolaire","status":"publish","type":"post","link":"https:\/\/lereveil224.info\/index.php\/2025\/08\/20\/nzerekore-le-bureau-regional-du-slecg-participe-a-la-semaine-nationale-du-merite-scolaire\/","title":{"rendered":"NZ\u00e9r\u00e9kor\u00e9 : Le bureau r\u00e9gional du SLECG participe \u00e0 la semaine nationale du m\u00e9rite scolaire"},"content":{"rendered":"\n<p>La capitale de la r\u00e9gion foresti\u00e8re a accueilli ce lundi une c\u00e9r\u00e9monie marquante dans le cadre de la Semaine Nationale du M\u00e9rite Scolaire (<strong>SENAMSCO<\/strong>). L\u2019\u00e9v\u00e9nement, plac\u00e9 sous le signe de l\u2019excellence et de la reconnaissance, a rassembl\u00e9 \u00e9l\u00e8ves, enseignants, autorit\u00e9s locales et organisations syndicales de l\u2019\u00e9ducation.<\/p>\n\n\n\n<p>Parmi les invit\u00e9s de marque figuraient le Syndicat Libre des Enseignants et Chercheurs de Guin\u00e9e (SLECG) et la F\u00e9d\u00e9ration Syndicale des Professionnels de l\u2019\u00c9ducation (FSPE), qui ont profit\u00e9 de cette tribune pour livrer un message fort en faveur de l\u2019\u00e9cole guin\u00e9enne.<\/p>\n\n\n\n<figure class=\"wp-block-image size-large\"><img fetchpriority=\"high\" decoding=\"async\" width=\"703\" height=\"1024\" src=\"https:\/\/lereveil224.info\/wp-content\/uploads\/2025\/08\/IMG-20250820-WA0004-703x1024.jpg\" alt=\"\" class=\"wp-image-8429\" srcset=\"https:\/\/lereveil224.info\/wp-content\/uploads\/2025\/08\/IMG-20250820-WA0004-703x1024.jpg 703w, https:\/\/lereveil224.info\/wp-content\/uploads\/2025\/08\/IMG-20250820-WA0004-206x300.jpg 206w, https:\/\/lereveil224.info\/wp-content\/uploads\/2025\/08\/IMG-20250820-WA0004.jpg 720w\" sizes=\"(max-width: 703px) 100vw, 703px\" \/><\/figure>\n\n\n\n<p>C\u2019est le camarade Amara Kadiatou Camara, Coordinateur r\u00e9gional et Secr\u00e9taire g\u00e9n\u00e9ral du SLECG de N\u2019Z\u00e9r\u00e9kor\u00e9, qui a prononc\u00e9 le discours consensuel de l\u2019Intersyndical. \u00c0 ses c\u00f4t\u00e9s, le camarade Vincent Kerema Kolamou, leader de la FSPE, a r\u00e9affirm\u00e9 l\u2019importance d\u2019une action commune au service de l\u2019\u00e9ducation. \u00ab Nous sommes une famille, et le combat est unique \u00bb, ont martel\u00e9 les syndicats, en rappelant que l\u2019absence du Syndicat National de l\u2019\u00c9ducation (SNE) et du Syndicat National des Enseignants de Guin\u00e9e (SNEG) \u00e0 cette rencontre n\u2019\u00e9tait nullement une volont\u00e9 d\u2019exclusion.<\/p>\n\n\n\n<p>Dans leur message, le SLECG et la FSPE ont salu\u00e9 l\u2019initiative du Minist\u00e8re de l\u2019Enseignement Pr\u00e9-Universitaire et de l\u2019Alphab\u00e9tisation, ainsi que le travail des autorit\u00e9s \u00e9ducatives locales et nationales lors de la derni\u00e8re session des examens. Ils ont aussi tenu \u00e0 f\u00e9liciter les huit laur\u00e9ats de la r\u00e9gion, r\u00e9compens\u00e9s par des prix en num\u00e9raire et en fournitures scolaires, symbole de l\u2019importance accord\u00e9e \u00e0 l\u2019excellence et au m\u00e9rite.<\/p>\n\n\n\n<p>Au-del\u00e0 des f\u00e9licitations, les syndicats ont saisi l\u2019occasion pour rappeler certaines revendications r\u00e9currentes du corps enseignant : la signature du statut particulier des enseignants, le d\u00e9blocage des salaires des enseignants en activit\u00e9, et l\u2019int\u00e9gration des enseignants contractuels non retenus. Des points consid\u00e9r\u00e9s comme essentiels pour renforcer la motivation et l\u2019engagement des \u00e9ducateurs sur le terrain.<\/p>\n\n\n\n<p>Autre moment fort de l\u2019intervention : l\u2019hommage rendu aux journalistes guin\u00e9ens, en particulier ceux de la r\u00e9gion foresti\u00e8re, pour leur mobilisation malgr\u00e9 les conditions difficiles. L\u2019Intersyndical a appel\u00e9 le Pr\u00e9sident de la R\u00e9publique, G\u00e9n\u00e9ral Mamadi Doumbouya, \u00e0 \u0153uvrer pour l\u2019am\u00e9lioration des conditions de vie et de travail des professionnels des m\u00e9dias, qualifi\u00e9s de \u00ab v\u00e9ritables patriotes \u00bb et de \u00ab socle de notre nation \u00bb.<\/p>\n\n\n\n<p>La c\u00e9r\u00e9monie, empreinte de fraternit\u00e9, s\u2019est cl\u00f4tur\u00e9e dans une ambiance conviviale, marqu\u00e9e par des photos de famille et des \u00e9changes chaleureux entre acteurs du monde \u00e9ducatif. En guise de conclusion, l\u2019Intersyndical a lanc\u00e9 un message fort : \u00ab Vive la R\u00e9publique de Guin\u00e9e ! Vive l\u2019\u00e9ducation guin\u00e9enne ! Vive les enseignants de Guin\u00e9e ! Vive la paix ! \u00bb<\/p>\n\n\n\n<p><strong>Mamadouba CAMARA<\/strong><\/p>\n","protected":false},"excerpt":{"rendered":"<p>La capitale de la r\u00e9gion foresti\u00e8re a accueilli ce lundi une c\u00e9r\u00e9monie marquante dans le cadre de la Semaine Nationale du M\u00e9rite Scolaire (SENAMSCO). L\u2019\u00e9v\u00e9nement, plac\u00e9 sous le signe de l\u2019excellence et de la reconnaissance, a rassembl\u00e9 \u00e9l\u00e8ves, enseignants, autorit\u00e9s locales et organisations syndicales de l\u2019\u00e9ducation. Parmi les invit\u00e9s de marque figuraient le Syndicat Libre [&hellip;]<\/p>\n","protected":false},"author":123458,"featured_media":8430,"comment_status":"open","ping_status":"open","sticky":false,"template":"","format":"standard","meta":{"_acf_changed":false,"footnotes":""},"categories":[11,4,18],"tags":[],"class_list":["post-8431","post","type-post","status-publish","format-standard","has-post-thumbnail","hentry","category-actualite","category-education","category-region"],"acf":[],"_links":{"self":[{"href":"https:\/\/lereveil224.info\/index.php\/wp-json\/wp\/v2\/posts\/8431","targetHints":{"allow":["GET"]}}],"collection":[{"href":"https:\/\/lereveil224.info\/index.php\/wp-json\/wp\/v2\/posts"}],"about":[{"href":"https:\/\/lereveil224.info\/index.php\/wp-json\/wp\/v2\/types\/post"}],"author":[{"embeddable":true,"href":"https:\/\/lereveil224.info\/index.php\/wp-json\/wp\/v2\/users\/123458"}],"replies":[{"embeddable":true,"href":"https:\/\/lereveil224.info\/index.php\/wp-json\/wp\/v2\/comments?post=8431"}],"version-history":[{"count":1,"href":"https:\/\/lereveil224.info\/index.php\/wp-json\/wp\/v2\/posts\/8431\/revisions"}],"predecessor-version":[{"id":8432,"href":"https:\/\/lereveil224.info\/index.php\/wp-json\/wp\/v2\/posts\/8431\/revisions\/8432"}],"wp:featuredmedia":[{"embeddable":true,"href":"https:\/\/lereveil224.info\/index.php\/wp-json\/wp\/v2\/media\/8430"}],"wp:attachment":[{"href":"https:\/\/lereveil224.info\/index.php\/wp-json\/wp\/v2\/media?parent=8431"}],"wp:term":[{"taxonomy":"category","embeddable":true,"href":"https:\/\/lereveil224.info\/index.php\/wp-json\/wp\/v2\/categories?post=8431"},{"taxonomy":"post_tag","embeddable":true,"href":"https:\/\/lereveil224.info\/index.php\/wp-json\/wp\/v2\/tags?post=8431"}],"curies":[{"name":"wp","href":"https:\/\/api.w.org\/{rel}","templated":true}]}}