{"id":8420,"date":"2025-08-18T06:40:05","date_gmt":"2025-08-18T06:40:05","guid":{"rendered":"https:\/\/lereveil224.info\/?p=8420"},"modified":"2025-08-18T06:40:06","modified_gmt":"2025-08-18T06:40:06","slug":"en-route-vers-le-21-septembre-le-president-mamadi-doumbouya-nomme-les-directeurs-regionaux-et-prefectoraux-des-elections","status":"publish","type":"post","link":"https:\/\/lereveil224.info\/index.php\/2025\/08\/18\/en-route-vers-le-21-septembre-le-president-mamadi-doumbouya-nomme-les-directeurs-regionaux-et-prefectoraux-des-elections\/","title":{"rendered":"En route vers le 21 septembre : le Pr\u00e9sident Mamadi DOUMBOUYA nomme les directeurs r\u00e9gionaux et pr\u00e9fectoraux des \u00e9lections"},"content":{"rendered":"\n<p>Dans le souci de respecter la date butoir du <strong>21 septembre 2025<\/strong>, fix\u00e9e pour les prochaines \u00e9lections, le Pr\u00e9sident de la R\u00e9publique vient de franchir une \u00e9tape d\u00e9cisive. Il a proc\u00e9d\u00e9 \u00e0 la <strong>nomination des directeurs r\u00e9gionaux et pr\u00e9fectoraux des \u00e9lections<\/strong> \u00e0 travers le pays. Une d\u00e9marche qui vise \u00e0 renforcer la pr\u00e9paration logistique et organisationnelle de ce rendez-vous \u00e9lectoral crucial pour l\u2019avenir de la d\u00e9mocratie nationale.<\/p>\n\n\n\n<p>Ces nouvelles nominations traduisent la volont\u00e9 des autorit\u00e9s de mettre en place une \u00e9quipe diversifi\u00e9e, compos\u00e9e d\u2019administrateurs civils, de sociologues, de juristes, de gestionnaires et de sp\u00e9cialistes issus de plusieurs domaines. Leur mission sera de veiller \u00e0 la transparence et \u00e0 la r\u00e9gularit\u00e9 du processus \u00e9lectoral dans leurs circonscriptions respectives.<\/p>\n\n\n\n<h3 class=\"wp-block-heading\">Des profils vari\u00e9s pour une mission commune<\/h3>\n\n\n\n<p>De Bok\u00e9 \u00e0 N\u2019Z\u00e9r\u00e9kor\u00e9, en passant par Kindia, Mamou, Lab\u00e9, Faranah et Kankan, les r\u00e9gions administratives disposent d\u00e9sormais de leurs directeurs, chacun avec un parcours professionnel sp\u00e9cifique. On retrouve des <strong>juristes<\/strong> comme Mme Farama Mara \u00e0 Bok\u00e9, des <strong>administrateurs civils<\/strong> tels qu\u2019Ernest Dramou \u00e0 Boffa, des <strong>gestionnaires<\/strong> comme Boubacar Sow \u00e0 Mamou, ou encore des <strong>sociologues<\/strong> tels que Kaba Sidib\u00e9 \u00e0 Kankan et C\u00e9c\u00e9 Th\u00e9a \u00e0 N\u2019Z\u00e9r\u00e9kor\u00e9.<\/p>\n\n\n\n<p>Cette diversit\u00e9 des comp\u00e9tences appara\u00eet comme un gage d\u2019\u00e9quilibre et d\u2019efficacit\u00e9 dans la conduite des op\u00e9rations \u00e9lectorales. Elle t\u00e9moigne \u00e9galement de la volont\u00e9 de donner une coloration technique et non partisane \u00e0 la gestion du processus.<\/p>\n\n\n\n<h2 class=\"wp-block-heading\"> Liste des directeurs r\u00e9gionaux et pr\u00e9fectoraux des \u00e9lections<\/h2>\n\n\n\n<h3 class=\"wp-block-heading\">I. R\u00e9gion administrative de Bok\u00e9<\/h3>\n\n\n\n<ul class=\"wp-block-list\">\n<li><strong>Directeur r\u00e9gional<\/strong> : Ousmane Tanou Diallo, gestionnaire des ressources humaines<\/li>\n\n\n\n<li><strong>Bok\u00e9<\/strong> : Mme Farama Mara, juriste<\/li>\n\n\n\n<li><strong>Boffa<\/strong> : Ernest Dramou, administrateur civil<\/li>\n\n\n\n<li><strong>Fria<\/strong> : Mohamed Lamine Camara, administrateur civil<\/li>\n\n\n\n<li><strong>Gaoual<\/strong> : Mamadou Cellou Bah, administrateur civil<\/li>\n\n\n\n<li><strong>Koundara<\/strong> : Thierno Souleymane Diallo, ing\u00e9nieur agronome<\/li>\n<\/ul>\n\n\n\n<h3 class=\"wp-block-heading\">II. R\u00e9gion administrative de Kindia<\/h3>\n\n\n\n<ul class=\"wp-block-list\">\n<li><strong>Directeur r\u00e9gional<\/strong> : Amadou Baba Ke\u00efta, administrateur civil<\/li>\n\n\n\n<li><strong>Kindia<\/strong> : Als\u00e9ny Savan\u00e9, \u00e9conomiste<\/li>\n\n\n\n<li><strong>Coyah<\/strong> : Amiata Kaba, juriste<\/li>\n\n\n\n<li><strong>For\u00e9cariah<\/strong> : Mamadou Aliou Barry, juriste<\/li>\n\n\n\n<li><strong>Dubr\u00e9ka<\/strong> : Ibrahima Faro, gestionnaire informatique<\/li>\n\n\n\n<li><strong>T\u00e9lim\u00e9l\u00e9<\/strong> : Mamadou Barry, gestionnaire<\/li>\n<\/ul>\n\n\n\n<h3 class=\"wp-block-heading\">III. R\u00e9gion administrative de Mamou<\/h3>\n\n\n\n<ul class=\"wp-block-list\">\n<li><strong>Directeur r\u00e9gional<\/strong> : Youssouf Cond\u00e9, sociologue<\/li>\n\n\n\n<li><strong>Mamou<\/strong> : Boubacar Sow, gestionnaire<\/li>\n\n\n\n<li><strong>Dalaba<\/strong> : Mme Habibatou Barry, comptable<\/li>\n\n\n\n<li><strong>Pita<\/strong> : Mme Fatoumata Binta Daf, comptable<\/li>\n<\/ul>\n\n\n\n<h3 class=\"wp-block-heading\">IV. R\u00e9gion administrative de Lab\u00e9<\/h3>\n\n\n\n<ul class=\"wp-block-list\">\n<li><strong>Directeur r\u00e9gional<\/strong> : Aboubacar Tour\u00e9, informaticien<\/li>\n\n\n\n<li><strong>Lab\u00e9<\/strong> : Sa\u00efkou Yaya Barry, math\u00e9maticien<\/li>\n\n\n\n<li><strong>Mali<\/strong> : Algassimou Lamine Diallo, administrateur civil<\/li>\n\n\n\n<li><strong>Tougu\u00e9<\/strong> : Aboubakar Tour\u00e9, politologue<\/li>\n\n\n\n<li><strong>Koubia<\/strong> : Mamadou Hawa Diallo, administrateur civil<\/li>\n\n\n\n<li><strong>L\u00e9louma<\/strong> : Mamadou Sa\u00efdou Diallo, am\u00e9nagiste<\/li>\n<\/ul>\n\n\n\n<h3 class=\"wp-block-heading\">V. R\u00e9gion administrative de Faranah<\/h3>\n\n\n\n<ul class=\"wp-block-list\">\n<li><strong>Directeur r\u00e9gional<\/strong> : Mohamed 2 Tour\u00e9, juriste<\/li>\n\n\n\n<li><strong>Kissidougou<\/strong> : Mamadou Cond\u00e9, \u00e9conomiste<\/li>\n\n\n\n<li><strong>Faranah<\/strong> : Moussa Cond\u00e9, administrateur civil<\/li>\n\n\n\n<li><strong>Dabola<\/strong> : Mohamed Moussa K\u00e9b\u00e9, analyste politique<\/li>\n\n\n\n<li><strong>Dinguiraye<\/strong> : Mamadou Bamba Cond\u00e9, sociologue<\/li>\n<\/ul>\n\n\n\n<h3 class=\"wp-block-heading\">VI. R\u00e9gion administrative de Kankan<\/h3>\n\n\n\n<ul class=\"wp-block-list\">\n<li><strong>Directeur r\u00e9gional<\/strong> : Kaba Sidib\u00e9, sociologue<\/li>\n\n\n\n<li><strong>Kankan<\/strong> : Abdoulaye Kourouma, ing\u00e9nieur des eaux et for\u00eats<\/li>\n\n\n\n<li><strong>Mandiana<\/strong> : Kaba Ke\u00efta, contr\u00f4leur qualit\u00e9<\/li>\n\n\n\n<li><strong>K\u00e9rouan\u00e9<\/strong> : Mory Konat\u00e9, politologue<\/li>\n\n\n\n<li><strong>Siguiri<\/strong> : Lamine B\u00e9r\u00e9t\u00e9, chimiste<\/li>\n\n\n\n<li><strong>Kouroussa<\/strong> : Mohamed Bayo, sociologue<\/li>\n<\/ul>\n\n\n\n<h3 class=\"wp-block-heading\">VII. R\u00e9gion administrative de N\u2019Z\u00e9r\u00e9kor\u00e9<\/h3>\n\n\n\n<ul class=\"wp-block-list\">\n<li><strong>Directeur r\u00e9gional<\/strong> : Gono Sangar\u00e9, administrateur civil<\/li>\n\n\n\n<li><strong>N\u2019Z\u00e9r\u00e9kor\u00e9<\/strong> : C\u00e9c\u00e9 Th\u00e9a, sociologue<\/li>\n\n\n\n<li><strong>Gu\u00e9ck\u00e9dou<\/strong> : Mme Philom\u00e8ne Haba, gestionnaire<\/li>\n\n\n\n<li><strong>Macenta<\/strong> : Z\u00e9z\u00e9 Onivogui, gestionnaire comptable<\/li>\n\n\n\n<li><strong>Lola<\/strong> : Niankoye Dopavogui, historien<\/li>\n\n\n\n<li><strong>Beyla<\/strong> : Bangaly Kourouma, sociologue<\/li>\n\n\n\n<li><strong>Yomou<\/strong> : Koulouba Guilavogui, philosophe<\/li>\n<\/ul>\n\n\n\n<p>Alors que l\u2019\u00e9ch\u00e9ance approche, ces nominations constituent un signal fort : le pouvoir ex\u00e9cutif semble d\u00e9termin\u00e9 \u00e0 <strong>respecter le calendrier \u00e9lectoral<\/strong> et \u00e0 garantir la tenue d\u2019\u00e9lections inclusives et cr\u00e9dibles. Les nouveaux responsables auront la lourde responsabilit\u00e9 d\u2019assurer la coordination des activit\u00e9s \u00e9lectorales, la supervision des op\u00e9rations de vote et la consolidation de la confiance des citoyens.<\/p>\n\n\n\n<p>Dans un contexte marqu\u00e9 par des attentes fortes de la population et une vigilance accrue de la classe politique et de la soci\u00e9t\u00e9 civile, la r\u00e9ussite de leur mission sera d\u00e9terminante pour la stabilit\u00e9 et la l\u00e9gitimit\u00e9 des institutions \u00e0 venir.<\/p>\n\n\n\n<p><strong>Mamadouba CAMARA<\/strong><\/p>\n","protected":false},"excerpt":{"rendered":"<p>Dans le souci de respecter la date butoir du 21 septembre 2025, fix\u00e9e pour les prochaines \u00e9lections, le Pr\u00e9sident de la R\u00e9publique vient de franchir une \u00e9tape d\u00e9cisive. Il a proc\u00e9d\u00e9 \u00e0 la nomination des directeurs r\u00e9gionaux et pr\u00e9fectoraux des \u00e9lections \u00e0 travers le pays. Une d\u00e9marche qui vise \u00e0 renforcer la pr\u00e9paration logistique et [&hellip;]<\/p>\n","protected":false},"author":123458,"featured_media":8421,"comment_status":"open","ping_status":"open","sticky":false,"template":"","format":"standard","meta":{"_acf_changed":false,"footnotes":""},"categories":[11,59,2],"tags":[],"class_list":["post-8420","post","type-post","status-publish","format-standard","has-post-thumbnail","hentry","category-actualite","category-nationale","category-politique"],"acf":[],"_links":{"self":[{"href":"https:\/\/lereveil224.info\/index.php\/wp-json\/wp\/v2\/posts\/8420","targetHints":{"allow":["GET"]}}],"collection":[{"href":"https:\/\/lereveil224.info\/index.php\/wp-json\/wp\/v2\/posts"}],"about":[{"href":"https:\/\/lereveil224.info\/index.php\/wp-json\/wp\/v2\/types\/post"}],"author":[{"embeddable":true,"href":"https:\/\/lereveil224.info\/index.php\/wp-json\/wp\/v2\/users\/123458"}],"replies":[{"embeddable":true,"href":"https:\/\/lereveil224.info\/index.php\/wp-json\/wp\/v2\/comments?post=8420"}],"version-history":[{"count":1,"href":"https:\/\/lereveil224.info\/index.php\/wp-json\/wp\/v2\/posts\/8420\/revisions"}],"predecessor-version":[{"id":8422,"href":"https:\/\/lereveil224.info\/index.php\/wp-json\/wp\/v2\/posts\/8420\/revisions\/8422"}],"wp:featuredmedia":[{"embeddable":true,"href":"https:\/\/lereveil224.info\/index.php\/wp-json\/wp\/v2\/media\/8421"}],"wp:attachment":[{"href":"https:\/\/lereveil224.info\/index.php\/wp-json\/wp\/v2\/media?parent=8420"}],"wp:term":[{"taxonomy":"category","embeddable":true,"href":"https:\/\/lereveil224.info\/index.php\/wp-json\/wp\/v2\/categories?post=8420"},{"taxonomy":"post_tag","embeddable":true,"href":"https:\/\/lereveil224.info\/index.php\/wp-json\/wp\/v2\/tags?post=8420"}],"curies":[{"name":"wp","href":"https:\/\/api.w.org\/{rel}","templated":true}]}}