{"id":8412,"date":"2025-08-17T05:02:40","date_gmt":"2025-08-17T05:02:40","guid":{"rendered":"https:\/\/lereveil224.info\/?p=8412"},"modified":"2025-08-17T05:02:41","modified_gmt":"2025-08-17T05:02:41","slug":"forces-vives-en-colere-bah-oury-appelle-au-calme-et-a-la-responsabilite-des-leaders-politiques","status":"publish","type":"post","link":"https:\/\/lereveil224.info\/index.php\/2025\/08\/17\/forces-vives-en-colere-bah-oury-appelle-au-calme-et-a-la-responsabilite-des-leaders-politiques\/","title":{"rendered":"Forces vives en col\u00e8re : Bah Oury appelle au calme et \u00e0 la responsabilit\u00e9 des leaders politiques"},"content":{"rendered":"\n<p>Alors que les manifestations des Forces vives de Guin\u00e9e prennent de l\u2019ampleur, le Premier ministre Bah Oury a tenu \u00e0 mettre en garde les acteurs politiques et sociaux contre les risques de d\u00e9rive. Face \u00e0 la mont\u00e9e de la tension dans plusieurs localit\u00e9s du pays, il a rappel\u00e9 l\u2019importance de privil\u00e9gier le dialogue et la responsabilit\u00e9 collective.<\/p>\n\n\n\n<p>Dans une d\u00e9claration ferme, Bah Oury a reconnu le droit l\u00e9gitime des citoyens \u00e0 exprimer leurs revendications, mais il a insist\u00e9 sur la n\u00e9cessit\u00e9 d\u2019\u00e9viter toute escalade susceptible d\u2019entra\u00eener le pays dans une spirale de violences. \u00ab La Guin\u00e9e traverse une \u00e9tape cruciale. Nous devons garder \u00e0 l\u2019esprit que la stabilit\u00e9 nationale est l\u2019affaire de tous. Les manifestations ne doivent pas se transformer en pr\u00e9texte pour semer le chaos \u00bb, a-t-il averti.<\/p>\n\n\n\n<p>Cet appel intervient dans un climat politique marqu\u00e9 par la m\u00e9fiance entre la junte au pouvoir et les Forces vives, qui d\u00e9noncent une transition \u00e0 rallonge et une volont\u00e9 pr\u00e9sum\u00e9e de confiscation du pouvoir. Plusieurs observateurs estiment que la mise en garde du chef du gouvernement vise \u00e0 contenir une col\u00e8re sociale qui pourrait fragiliser davantage la coh\u00e9sion nationale.<\/p>\n\n\n\n<p>En lan\u00e7ant ce message, Bah Oury tente de se poser en m\u00e9diateur et en garant d\u2019une sortie de crise pacifique. Reste \u00e0 savoir si les diff\u00e9rentes parties accepteront de privil\u00e9gier le compromis au d\u00e9triment de la confrontation, dans un contexte o\u00f9 la rue semble devenir l\u2019ultime espace d\u2019expression.<\/p>\n\n\n\n<p><strong>Mamadouba CAMARA<\/strong><\/p>\n","protected":false},"excerpt":{"rendered":"<p>Alors que les manifestations des Forces vives de Guin\u00e9e prennent de l\u2019ampleur, le Premier ministre Bah Oury a tenu \u00e0 mettre en garde les acteurs politiques et sociaux contre les risques de d\u00e9rive. Face \u00e0 la mont\u00e9e de la tension dans plusieurs localit\u00e9s du pays, il a rappel\u00e9 l\u2019importance de privil\u00e9gier le dialogue et la [&hellip;]<\/p>\n","protected":false},"author":123458,"featured_media":8413,"comment_status":"open","ping_status":"open","sticky":false,"template":"","format":"standard","meta":{"_acf_changed":false,"footnotes":""},"categories":[11,59,2],"tags":[],"class_list":["post-8412","post","type-post","status-publish","format-standard","has-post-thumbnail","hentry","category-actualite","category-nationale","category-politique"],"acf":[],"_links":{"self":[{"href":"https:\/\/lereveil224.info\/index.php\/wp-json\/wp\/v2\/posts\/8412","targetHints":{"allow":["GET"]}}],"collection":[{"href":"https:\/\/lereveil224.info\/index.php\/wp-json\/wp\/v2\/posts"}],"about":[{"href":"https:\/\/lereveil224.info\/index.php\/wp-json\/wp\/v2\/types\/post"}],"author":[{"embeddable":true,"href":"https:\/\/lereveil224.info\/index.php\/wp-json\/wp\/v2\/users\/123458"}],"replies":[{"embeddable":true,"href":"https:\/\/lereveil224.info\/index.php\/wp-json\/wp\/v2\/comments?post=8412"}],"version-history":[{"count":1,"href":"https:\/\/lereveil224.info\/index.php\/wp-json\/wp\/v2\/posts\/8412\/revisions"}],"predecessor-version":[{"id":8414,"href":"https:\/\/lereveil224.info\/index.php\/wp-json\/wp\/v2\/posts\/8412\/revisions\/8414"}],"wp:featuredmedia":[{"embeddable":true,"href":"https:\/\/lereveil224.info\/index.php\/wp-json\/wp\/v2\/media\/8413"}],"wp:attachment":[{"href":"https:\/\/lereveil224.info\/index.php\/wp-json\/wp\/v2\/media?parent=8412"}],"wp:term":[{"taxonomy":"category","embeddable":true,"href":"https:\/\/lereveil224.info\/index.php\/wp-json\/wp\/v2\/categories?post=8412"},{"taxonomy":"post_tag","embeddable":true,"href":"https:\/\/lereveil224.info\/index.php\/wp-json\/wp\/v2\/tags?post=8412"}],"curies":[{"name":"wp","href":"https:\/\/api.w.org\/{rel}","templated":true}]}}