{"id":8402,"date":"2025-08-16T03:47:08","date_gmt":"2025-08-16T03:47:08","guid":{"rendered":"https:\/\/lereveil224.info\/?p=8402"},"modified":"2025-08-16T03:47:09","modified_gmt":"2025-08-16T03:47:09","slug":"nzerekore-deux-vehicules-et-sept-motos-offerts-a-la-coordination-regionale-et-prefectorale-de-la-jfc","status":"publish","type":"post","link":"https:\/\/lereveil224.info\/index.php\/2025\/08\/16\/nzerekore-deux-vehicules-et-sept-motos-offerts-a-la-coordination-regionale-et-prefectorale-de-la-jfc\/","title":{"rendered":"N\u2019Z\u00e9r\u00e9kor\u00e9 : Deux v\u00e9hicules et sept motos offerts \u00e0 la Coordination R\u00e9gionale et Pr\u00e9fectorale de la JFC"},"content":{"rendered":"\n<p>Le Gouvernorat de la r\u00e9gion administrative de N\u2019Z\u00e9r\u00e9kor\u00e9 a servi, ce vendredi 15 ao\u00fbt 2025, de cadre \u00e0 la c\u00e9r\u00e9monie officielle de remise de deux v\u00e9hicules et de sept motos \u00e0 la Coordination r\u00e9gionale et pr\u00e9fectorale de la Jeunesse Foresti\u00e8re pour la Continuit\u00e9 (JFC).<\/p>\n\n\n\n<figure class=\"wp-block-image size-full\"><img fetchpriority=\"high\" decoding=\"async\" width=\"720\" height=\"550\" src=\"https:\/\/lereveil224.info\/wp-content\/uploads\/2025\/08\/IMG-20250816-WA0012.jpg\" alt=\"\" class=\"wp-image-8406\" srcset=\"https:\/\/lereveil224.info\/wp-content\/uploads\/2025\/08\/IMG-20250816-WA0012.jpg 720w, https:\/\/lereveil224.info\/wp-content\/uploads\/2025\/08\/IMG-20250816-WA0012-300x229.jpg 300w\" sizes=\"(max-width: 720px) 100vw, 720px\" \/><\/figure>\n\n\n\n<p>La remise a \u00e9t\u00e9 effectu\u00e9e par M. Ibrahima SOUMAORO, repr\u00e9sentant de la Coordination nationale de la JFC et ses partenaires. Interrog\u00e9 par notre r\u00e9daction, M. SOUMAORO a pr\u00e9cis\u00e9 que ce don intervient dans un contexte marqu\u00e9 par d\u2019intenses activit\u00e9s de terrain, notamment la campagne de vulgarisation de la nouvelle Constitution, en pr\u00e9lude au r\u00e9f\u00e9rendum pr\u00e9vu en septembre prochain.<\/p>\n\n\n\n<p>\u00ab Fid\u00e8le \u00e0 son engagement de soutenir sans rel\u00e2che les actions de Son Excellence le G\u00e9n\u00e9ral Mamadi Doumbouya, la coordination m\u2019a mandat\u00e9 pour remettre officiellement deux v\u00e9hicules, l\u2019un destin\u00e9 au coordinateur r\u00e9gional et l\u2019autre au coordinateur pr\u00e9fectoral, ainsi que sept motos, dont deux de type Apache, \u00e0 certains membres des bureaux \u00bb, a-t-il d\u00e9clar\u00e9.<\/p>\n\n\n\n<p>Il a \u00e9galement rappel\u00e9 que ce geste n\u2019est pas une premi\u00e8re :<br>\u00ab En f\u00e9vrier dernier, \u00e0 l\u2019occasion de l\u2019Assembl\u00e9e g\u00e9n\u00e9rale de la JFC, des motos avaient d\u00e9j\u00e0 \u00e9t\u00e9 remises aux bureaux pr\u00e9fectoraux des sept pr\u00e9fectures de la r\u00e9gion foresti\u00e8re. Ce geste illustre la d\u00e9termination de la Coordination nationale et de ses partenaires \u00e0 soutenir, avec constance, le Pr\u00e9sident de la R\u00e9publique dans la mise en \u0153uvre de son vaste programme de d\u00e9veloppement. \u00bb<\/p>\n\n\n\n<figure class=\"wp-block-image size-full\"><img decoding=\"async\" width=\"720\" height=\"879\" src=\"https:\/\/lereveil224.info\/wp-content\/uploads\/2025\/08\/IMG-20250816-WA0013.jpg\" alt=\"\" class=\"wp-image-8405\" srcset=\"https:\/\/lereveil224.info\/wp-content\/uploads\/2025\/08\/IMG-20250816-WA0013.jpg 720w, https:\/\/lereveil224.info\/wp-content\/uploads\/2025\/08\/IMG-20250816-WA0013-246x300.jpg 246w\" sizes=\"(max-width: 720px) 100vw, 720px\" \/><\/figure>\n\n\n\n<figure class=\"wp-block-image size-full\"><img decoding=\"async\" width=\"720\" height=\"879\" src=\"https:\/\/lereveil224.info\/wp-content\/uploads\/2025\/08\/IMG-20250816-WA0013.jpg\" alt=\"\" class=\"wp-image-8405\" srcset=\"https:\/\/lereveil224.info\/wp-content\/uploads\/2025\/08\/IMG-20250816-WA0013.jpg 720w, https:\/\/lereveil224.info\/wp-content\/uploads\/2025\/08\/IMG-20250816-WA0013-246x300.jpg 246w\" sizes=\"(max-width: 720px) 100vw, 720px\" \/><\/figure>\n\n\n\n<p>Pour sa part, le Coordinateur r\u00e9gional, M. Mohamed BERETE, a exprim\u00e9 sa profonde gratitude au donateur :<br>\u00ab Ce geste d\u00e9montre que la JFC demeure le plus grand mouvement de soutien de la for\u00eat. Nous nous engageons \u00e0 utiliser ce mat\u00e9riel de mani\u00e8re optimale afin d\u2019atteindre les objectifs fix\u00e9s par la coordination. \u00bb<\/p>\n\n\n\n<p>Il faut rappeler que la JFC est aujourd\u2019hui consid\u00e9r\u00e9e comme une machine de mobilisation politique et sociale incontournable en r\u00e9gion foresti\u00e8re, ayant pour mission principale de soutenir les actions du Pr\u00e9sident de la R\u00e9publique, Son Excellence le G\u00e9n\u00e9ral Mamadi Doumbouya.<\/p>\n\n\n\n<p><strong>Thierno Amadou Diallo<\/strong><\/p>\n","protected":false},"excerpt":{"rendered":"<p>Le Gouvernorat de la r\u00e9gion administrative de N\u2019Z\u00e9r\u00e9kor\u00e9 a servi, ce vendredi 15 ao\u00fbt 2025, de cadre \u00e0 la c\u00e9r\u00e9monie officielle de remise de deux v\u00e9hicules et de sept motos \u00e0 la Coordination r\u00e9gionale et pr\u00e9fectorale de la Jeunesse Foresti\u00e8re pour la Continuit\u00e9 (JFC). La remise a \u00e9t\u00e9 effectu\u00e9e par M. Ibrahima SOUMAORO, repr\u00e9sentant de [&hellip;]<\/p>\n","protected":false},"author":123458,"featured_media":8407,"comment_status":"open","ping_status":"open","sticky":false,"template":"","format":"standard","meta":{"_acf_changed":false,"footnotes":""},"categories":[11,2,18],"tags":[],"class_list":["post-8402","post","type-post","status-publish","format-standard","has-post-thumbnail","hentry","category-actualite","category-politique","category-region"],"acf":[],"_links":{"self":[{"href":"https:\/\/lereveil224.info\/index.php\/wp-json\/wp\/v2\/posts\/8402","targetHints":{"allow":["GET"]}}],"collection":[{"href":"https:\/\/lereveil224.info\/index.php\/wp-json\/wp\/v2\/posts"}],"about":[{"href":"https:\/\/lereveil224.info\/index.php\/wp-json\/wp\/v2\/types\/post"}],"author":[{"embeddable":true,"href":"https:\/\/lereveil224.info\/index.php\/wp-json\/wp\/v2\/users\/123458"}],"replies":[{"embeddable":true,"href":"https:\/\/lereveil224.info\/index.php\/wp-json\/wp\/v2\/comments?post=8402"}],"version-history":[{"count":2,"href":"https:\/\/lereveil224.info\/index.php\/wp-json\/wp\/v2\/posts\/8402\/revisions"}],"predecessor-version":[{"id":8408,"href":"https:\/\/lereveil224.info\/index.php\/wp-json\/wp\/v2\/posts\/8402\/revisions\/8408"}],"wp:featuredmedia":[{"embeddable":true,"href":"https:\/\/lereveil224.info\/index.php\/wp-json\/wp\/v2\/media\/8407"}],"wp:attachment":[{"href":"https:\/\/lereveil224.info\/index.php\/wp-json\/wp\/v2\/media?parent=8402"}],"wp:term":[{"taxonomy":"category","embeddable":true,"href":"https:\/\/lereveil224.info\/index.php\/wp-json\/wp\/v2\/categories?post=8402"},{"taxonomy":"post_tag","embeddable":true,"href":"https:\/\/lereveil224.info\/index.php\/wp-json\/wp\/v2\/tags?post=8402"}],"curies":[{"name":"wp","href":"https:\/\/api.w.org\/{rel}","templated":true}]}}