{"id":8398,"date":"2025-08-11T03:47:35","date_gmt":"2025-08-11T03:47:35","guid":{"rendered":"https:\/\/lereveil224.info\/?p=8398"},"modified":"2025-08-11T03:47:37","modified_gmt":"2025-08-11T03:47:37","slug":"maroc-pluie-de-scandales-au-parlement-30-deputes-dans-le-collimateur-de-la-justice","status":"publish","type":"post","link":"https:\/\/lereveil224.info\/index.php\/2025\/08\/11\/maroc-pluie-de-scandales-au-parlement-30-deputes-dans-le-collimateur-de-la-justice\/","title":{"rendered":"Maroc : Pluie de Scandales au Parlement, 30 D\u00e9put\u00e9s dans le Collimateur de la Justice"},"content":{"rendered":"\n<p>Jamais, dans l\u2019histoire politique r\u00e9cente du Maroc, le Parlement n\u2019avait \u00e9t\u00e9 autant secou\u00e9 par une vague de proc\u00e9dures judiciaires visant ses propres membres. Depuis 2021, pas moins de 30 d\u00e9put\u00e9s, issus aussi bien de la majorit\u00e9 que de l\u2019opposition, sont poursuivis ou ont d\u00e9j\u00e0 \u00e9t\u00e9 condamn\u00e9s pour corruption, d\u00e9tournement de fonds publics ou autres d\u00e9lits financiers. Ce chiffre record jette une ombre lourde sur l\u2019institution cens\u00e9e incarner la voix du peuple et d\u00e9fendre l\u2019int\u00e9r\u00eat g\u00e9n\u00e9ral.<\/p>\n\n\n\n<p>Les affaires, diverses et vari\u00e9es, vont de simples malversations dans la gestion de budgets locaux \u00e0 des d\u00e9tournements de grande ampleur impliquant des millions de dirhams. Certaines enqu\u00eates sont encore en cours, d\u2019autres ont d\u00e9j\u00e0 d\u00e9bouch\u00e9 sur des verdicts et des peines, allant de lourdes amendes \u00e0 des peines de prison ferme.<\/p>\n\n\n\n<p>Sur les r\u00e9seaux sociaux, la r\u00e9action des citoyens oscille entre indignation et sarcasme. Des montages satiriques circulent, rebaptisant l\u2019h\u00e9micycle en \u00ab Parlement des affaires \u00bb, tandis que d\u2019autres internautes s\u2019interrogent sur la cr\u00e9dibilit\u00e9 d\u2019\u00e9lus eux-m\u00eames rattrap\u00e9s par la justice. \u00ab Comment d\u00e9fendre l\u2019int\u00e9grit\u00e9 de l\u2019\u00c9tat quand nos repr\u00e9sentants sont eux-m\u00eames \u00e9clabouss\u00e9s par les scandales ? \u00bb, peut-on lire sur X (ex-Twitter).<\/p>\n\n\n\n<p>Cette situation relance avec force le d\u00e9bat sur la probit\u00e9 des repr\u00e9sentants et la n\u00e9cessit\u00e9 de r\u00e9formes profondes. Plusieurs voix, issues de la soci\u00e9t\u00e9 civile, appellent \u00e0 renforcer les m\u00e9canismes de contr\u00f4le, instaurer des proc\u00e9dures de transparence plus strictes et rendre in\u00e9ligibles les \u00e9lus condamn\u00e9s pour des crimes financiers.<\/p>\n\n\n\n<p>Le gouvernement, de son c\u00f4t\u00e9, se veut prudent, pr\u00e9f\u00e9rant rappeler que \u00ab toute personne est pr\u00e9sum\u00e9e innocente tant que la justice n\u2019a pas tranch\u00e9 \u00bb. Mais pour de nombreux observateurs, cette avalanche d\u2019affaires judiciaires constitue un signal d\u2019alarme : l\u2019ampleur de la corruption au sein m\u00eame des institutions l\u00e9gislatives met en p\u00e9ril la confiance des citoyens envers leurs dirigeants.<\/p>\n\n\n\n<p>Alors que les prochains scrutins approchent, la question reste enti\u00e8re : le Maroc saura-t-il tourner cette page sombre et restaurer l\u2019image de son Parlement, ou bien cette crise de confiance risque-t-elle de s\u2019enraciner durablement dans l\u2019opinion publique ?<\/p>\n\n\n\n<p><strong>Mamadouba CAMARA<\/strong><\/p>\n","protected":false},"excerpt":{"rendered":"<p>Jamais, dans l\u2019histoire politique r\u00e9cente du Maroc, le Parlement n\u2019avait \u00e9t\u00e9 autant secou\u00e9 par une vague de proc\u00e9dures judiciaires visant ses propres membres. Depuis 2021, pas moins de 30 d\u00e9put\u00e9s, issus aussi bien de la majorit\u00e9 que de l\u2019opposition, sont poursuivis ou ont d\u00e9j\u00e0 \u00e9t\u00e9 condamn\u00e9s pour corruption, d\u00e9tournement de fonds publics ou autres d\u00e9lits [&hellip;]<\/p>\n","protected":false},"author":123458,"featured_media":8399,"comment_status":"open","ping_status":"open","sticky":false,"template":"","format":"standard","meta":{"_acf_changed":false,"footnotes":""},"categories":[11,29,2],"tags":[],"class_list":["post-8398","post","type-post","status-publish","format-standard","has-post-thumbnail","hentry","category-actualite","category-continentale","category-politique"],"acf":[],"_links":{"self":[{"href":"https:\/\/lereveil224.info\/index.php\/wp-json\/wp\/v2\/posts\/8398","targetHints":{"allow":["GET"]}}],"collection":[{"href":"https:\/\/lereveil224.info\/index.php\/wp-json\/wp\/v2\/posts"}],"about":[{"href":"https:\/\/lereveil224.info\/index.php\/wp-json\/wp\/v2\/types\/post"}],"author":[{"embeddable":true,"href":"https:\/\/lereveil224.info\/index.php\/wp-json\/wp\/v2\/users\/123458"}],"replies":[{"embeddable":true,"href":"https:\/\/lereveil224.info\/index.php\/wp-json\/wp\/v2\/comments?post=8398"}],"version-history":[{"count":1,"href":"https:\/\/lereveil224.info\/index.php\/wp-json\/wp\/v2\/posts\/8398\/revisions"}],"predecessor-version":[{"id":8400,"href":"https:\/\/lereveil224.info\/index.php\/wp-json\/wp\/v2\/posts\/8398\/revisions\/8400"}],"wp:featuredmedia":[{"embeddable":true,"href":"https:\/\/lereveil224.info\/index.php\/wp-json\/wp\/v2\/media\/8399"}],"wp:attachment":[{"href":"https:\/\/lereveil224.info\/index.php\/wp-json\/wp\/v2\/media?parent=8398"}],"wp:term":[{"taxonomy":"category","embeddable":true,"href":"https:\/\/lereveil224.info\/index.php\/wp-json\/wp\/v2\/categories?post=8398"},{"taxonomy":"post_tag","embeddable":true,"href":"https:\/\/lereveil224.info\/index.php\/wp-json\/wp\/v2\/tags?post=8398"}],"curies":[{"name":"wp","href":"https:\/\/api.w.org\/{rel}","templated":true}]}}