{"id":8395,"date":"2025-08-11T03:36:37","date_gmt":"2025-08-11T03:36:37","guid":{"rendered":"https:\/\/lereveil224.info\/?p=8395"},"modified":"2025-08-11T03:36:38","modified_gmt":"2025-08-11T03:36:38","slug":"guinee-les-forces-vives-en-guerre-ouverte-contre-la-junte-de-mamadi-doumbouya","status":"publish","type":"post","link":"https:\/\/lereveil224.info\/index.php\/2025\/08\/11\/guinee-les-forces-vives-en-guerre-ouverte-contre-la-junte-de-mamadi-doumbouya\/","title":{"rendered":"Guin\u00e9e : Les Forces Vives en guerre ouverte contre la junte de Mamadi Doumbouya"},"content":{"rendered":"\n<p>La tension politique monte en Guin\u00e9e \u00e0 l\u2019approche du r\u00e9f\u00e9rendum pr\u00e9vu le 21 septembre 2025. Dans une d\u00e9claration rendue publique ce dimanche 10 ao\u00fbt, les Forces Vives de Guin\u00e9e (FVG) ont lanc\u00e9 une charge virulente contre la junte militaire, accusant le g\u00e9n\u00e9ral Mamadi Doumbouya de vouloir \u00ab confisquer le pouvoir \u00bb en violation flagrante de la Charte de la Transition.<\/p>\n\n\n\n<p>R\u00e9unies en pl\u00e9ni\u00e8re, les FVG disent constater avec \u00ab profonde d\u00e9ception \u00bb que le chef de la transition poursuit, selon elles, \u00ab un agenda visant \u00e0 s\u2019installer durablement au pouvoir \u00bb, malgr\u00e9 les engagements initiaux pris devant le peuple et la communaut\u00e9 internationale.<\/p>\n\n\n\n<p>Le c\u0153ur de la discorde porte sur le r\u00e9f\u00e9rendum constitutionnel de septembre, per\u00e7u par la plateforme comme un instrument destin\u00e9 \u00e0 \u00ab valider un projet de Constitution \u00bb taill\u00e9 sur mesure pour permettre \u00e0 Mamadi Doumbouya de \u00ab s\u2019exon\u00e9rer du respect de son serment \u00bb et de s\u2019ouvrir la voie \u00e0 une pr\u00e9sidence \u00e0 vie.<\/p>\n\n\n\n<p>Le ton de la d\u00e9claration est s\u00e9v\u00e8re. Les FVG accusent le r\u00e9gime en place d\u2019\u00eatre marqu\u00e9 par la corruption, le d\u00e9tournement massif des deniers publics et des violations r\u00e9currentes des droits humains et libert\u00e9s fondamentales. Elles \u00e9voquent \u00ab une r\u00e9pression syst\u00e9matique \u00bb des mouvements contestataires et pointent du doigt les forces de d\u00e9fense et de s\u00e9curit\u00e9 (FDS) pour l\u2019\u00ab assassinat impuni \u00bb de plus de 60 jeunes manifestants.<\/p>\n\n\n\n<p>La liste des accusations est longue : disparitions forc\u00e9es de plusieurs activistes, dont Fonik\u00e9 Mengu\u00e9, Billo Bah, Saadou Nimaga, le journaliste Marwane Camara, ainsi que d\u2019autres citoyens, y compris des militaires. Elles d\u00e9noncent aussi la mort suspecte en d\u00e9tention de figures telles que le Dr Mohamed Dioubat\u00e9, le g\u00e9n\u00e9ral Sadiba Koulibaly et le colonel P\u00e9p\u00e9 C\u00e9lestin Bilivogui.<\/p>\n\n\n\n<p>Les FVG fustigent par ailleurs les \u00ab kidnappings \u00bb et \u00ab traitements inhumains \u00bb inflig\u00e9s \u00e0 des personnalit\u00e9s comme Abdoul Sacko, du Forum des Forces Sociales de Guin\u00e9e, ou Me Mohamed Traor\u00e9, ancien b\u00e2tonnier, ainsi que les \u00ab poursuites et condamnations arbitraires \u00bb visant des leaders politiques comme Aliou Bah.<\/p>\n\n\n\n<p>Elles d\u00e9noncent un musellement de la presse, avec fermeture de radios critiques et restrictions d\u2019acc\u00e8s \u00e0 internet. Elles estiment que les prochaines consultations \u00e9lectorales se d\u00e9rouleront dans \u00ab un climat de terreur \u00bb entretenu par le minist\u00e8re de l\u2019Administration du Territoire et de la D\u00e9centralisation (MATD), appuy\u00e9 par des administrateurs militaires, de fa\u00e7on \u00e0 \u00e9carter toute voix discordante.<\/p>\n\n\n\n<p>Selon la coalition, le projet de Constitution viole \u00ab manifestement \u00bb la Charte de la Transition et les engagements pris par Mamadi Doumbouya devant la Cour supr\u00eame et le peuple guin\u00e9en. Elles parlent d\u2019un \u00ab parjure assimilable \u00e0 la haute trahison \u00bb.<\/p>\n\n\n\n<p>Face \u00e0 ce qu\u2019elles qualifient de \u00ab d\u00e9rive autoritaire \u00bb, les FVG annoncent leur refus de s\u2019associer \u00e0 toute initiative visant \u00e0 l\u00e9gitimer le processus en cours. Elles appellent \u00e0 une mobilisation nationale pour contrer la junte et annoncent des manifestations pacifiques sur tout le territoire et \u00e0 l\u2019\u00e9tranger \u00e0 partir du 5 septembre 2025.<\/p>\n\n\n\n<p>\u00ab L\u2019heure est venue de reprendre en main notre destin \u00bb, conclut la d\u00e9claration, qui sonne comme un appel \u00e0 la r\u00e9sistance face \u00e0 ce que les Forces Vives consid\u00e8rent comme une confiscation programm\u00e9e du pouvoir.<\/p>\n\n\n\n<p><strong>Mamadouba CAMARA<\/strong><\/p>\n","protected":false},"excerpt":{"rendered":"<p>La tension politique monte en Guin\u00e9e \u00e0 l\u2019approche du r\u00e9f\u00e9rendum pr\u00e9vu le 21 septembre 2025. Dans une d\u00e9claration rendue publique ce dimanche 10 ao\u00fbt, les Forces Vives de Guin\u00e9e (FVG) ont lanc\u00e9 une charge virulente contre la junte militaire, accusant le g\u00e9n\u00e9ral Mamadi Doumbouya de vouloir \u00ab confisquer le pouvoir \u00bb en violation flagrante de [&hellip;]<\/p>\n","protected":false},"author":123458,"featured_media":8396,"comment_status":"open","ping_status":"open","sticky":false,"template":"","format":"standard","meta":{"_acf_changed":false,"footnotes":""},"categories":[11,2],"tags":[],"class_list":["post-8395","post","type-post","status-publish","format-standard","has-post-thumbnail","hentry","category-actualite","category-politique"],"acf":[],"_links":{"self":[{"href":"https:\/\/lereveil224.info\/index.php\/wp-json\/wp\/v2\/posts\/8395","targetHints":{"allow":["GET"]}}],"collection":[{"href":"https:\/\/lereveil224.info\/index.php\/wp-json\/wp\/v2\/posts"}],"about":[{"href":"https:\/\/lereveil224.info\/index.php\/wp-json\/wp\/v2\/types\/post"}],"author":[{"embeddable":true,"href":"https:\/\/lereveil224.info\/index.php\/wp-json\/wp\/v2\/users\/123458"}],"replies":[{"embeddable":true,"href":"https:\/\/lereveil224.info\/index.php\/wp-json\/wp\/v2\/comments?post=8395"}],"version-history":[{"count":1,"href":"https:\/\/lereveil224.info\/index.php\/wp-json\/wp\/v2\/posts\/8395\/revisions"}],"predecessor-version":[{"id":8397,"href":"https:\/\/lereveil224.info\/index.php\/wp-json\/wp\/v2\/posts\/8395\/revisions\/8397"}],"wp:featuredmedia":[{"embeddable":true,"href":"https:\/\/lereveil224.info\/index.php\/wp-json\/wp\/v2\/media\/8396"}],"wp:attachment":[{"href":"https:\/\/lereveil224.info\/index.php\/wp-json\/wp\/v2\/media?parent=8395"}],"wp:term":[{"taxonomy":"category","embeddable":true,"href":"https:\/\/lereveil224.info\/index.php\/wp-json\/wp\/v2\/categories?post=8395"},{"taxonomy":"post_tag","embeddable":true,"href":"https:\/\/lereveil224.info\/index.php\/wp-json\/wp\/v2\/tags?post=8395"}],"curies":[{"name":"wp","href":"https:\/\/api.w.org\/{rel}","templated":true}]}}