{"id":8385,"date":"2025-08-05T14:27:12","date_gmt":"2025-08-05T14:27:12","guid":{"rendered":"https:\/\/lereveil224.info\/?p=8385"},"modified":"2025-08-05T14:27:13","modified_gmt":"2025-08-05T14:27:13","slug":"nzerekore-tenue-de-latelier-de-formation-sur-le-dialogue-politique-et-social-la-conduite-du-plaidoyer-et-le-controle-citoyen-de-laction-publique","status":"publish","type":"post","link":"https:\/\/lereveil224.info\/index.php\/2025\/08\/05\/nzerekore-tenue-de-latelier-de-formation-sur-le-dialogue-politique-et-social-la-conduite-du-plaidoyer-et-le-controle-citoyen-de-laction-publique\/","title":{"rendered":"Nz\u00e9r\u00e9kor\u00e9 : Tenue de l\u2019atelier de formation sur le dialogue politique et social, la conduite du plaidoyer et le contr\u00f4le citoyen de l\u2019action publique"},"content":{"rendered":"\n<p>Dans le cadre de la poursuite de ses activit\u00e9s de renforcement des capacit\u00e9s sur le terrain, l\u2019ONG Enfants du Globe, en collaboration avec Catholic Relief Services et R\u00e9seau Afrique Jeunesse-Guin\u00e9e, a organis\u00e9 un atelier de formation sur le dialogue politique et social, la conduite du plaidoyer et le contr\u00f4le citoyen de l\u2019action publique.<\/p>\n\n\n\n<p>Lanc\u00e9e officiellement ce lundi 4 ao\u00fbt 2025 \u00e0 Nz\u00e9r\u00e9kor\u00e9, cette session de formation s\u2019inscrit dans le cadre du projet <strong>\u00ab Soci\u00e9t\u00e9 Civile Dynamique et Performante (SOCIDYP) \u00bb<\/strong>. Elle a pour objectif de cr\u00e9er des espaces de concertation inclusifs, de favoriser l&rsquo;\u00e9coute mutuelle et de renforcer la coh\u00e9sion entre les institutions, les citoyens, les acteurs publics, dans un climat de respect et de confiance. Elle vise \u00e9galement \u00e0 outiller les acteurs de la soci\u00e9t\u00e9 civile pour leur permettre de suivre, questionner et \u00e9valuer les politiques publiques, afin de garantir plus de transparence et de responsabilit\u00e9 dans la gestion des affaires publiques.<\/p>\n\n\n\n<figure class=\"wp-block-image size-full\"><img fetchpriority=\"high\" decoding=\"async\" width=\"1020\" height=\"574\" src=\"https:\/\/lereveil224.info\/wp-content\/uploads\/2025\/08\/IMG-20250805-WA0002.jpg\" alt=\"\" class=\"wp-image-8389\" srcset=\"https:\/\/lereveil224.info\/wp-content\/uploads\/2025\/08\/IMG-20250805-WA0002.jpg 1020w, https:\/\/lereveil224.info\/wp-content\/uploads\/2025\/08\/IMG-20250805-WA0002-300x169.jpg 300w, https:\/\/lereveil224.info\/wp-content\/uploads\/2025\/08\/IMG-20250805-WA0002-768x432.jpg 768w\" sizes=\"(max-width: 1020px) 100vw, 1020px\" \/><\/figure>\n\n\n\n<p><strong>\u00ab Nous nous retrouvons \u00e0 un moment d\u00e9cisif de notre histoire nationale, marqu\u00e9 par une p\u00e9riode de transition politique o\u00f9 les attentes citoyennes de transparence dans la gestion publique, dans la responsabilit\u00e9 de prise de d\u00e9cision et de participation \u00e0 la vie publique, ne cessent de grandir. Et dans un tel contexte, le dialogue politique et social devient une exigence fondamentale pour renforcer les liens entre les institutions et les citoyens, pour apaiser les tensions et b\u00e2tir ensemble des solutions inclusives, porteuses d&rsquo;espoir. C&rsquo;est pr\u00e9cis\u00e9ment l&rsquo;ambition que nous nous sommes fix\u00e9e dans le cadre de ce projet SOCIDYP, soutenu par la d\u00e9l\u00e9gation de l&rsquo;Union europ\u00e9enne en R\u00e9publique de Guin\u00e9e, pour faire de la soci\u00e9t\u00e9 civile guin\u00e9enne un acteur central du dialogue politique et social. Car nous le savons, lorsqu&rsquo;elle est bien structur\u00e9e, bien accompagn\u00e9e et pleinement engag\u00e9e, la soci\u00e9t\u00e9 civile peut jouer un r\u00f4le d\u00e9cisif dans l&rsquo;apaisement des tensions, la construction du consensus et la promotion d&rsquo;une gouvernance plus juste. En particulier sur les organisations f\u00e9minines, de jeunes et de personnes issues de groupes vuln\u00e9rables, afin qu&rsquo;elles puissent non seulement faire entendre leur voix, mais aussi participer activement \u00e0 la d\u00e9finition et au suivi des politiques publiques \u00bb,<\/strong> a soutenu Ahmed S\u00e9kou Tour\u00e9, chef de projet <strong>Soci\u00e9t\u00e9 Civile Dynamique et Performante (SOCIDYP)<\/strong> au compte du CRS.<\/p>\n\n\n\n<p>Durant quatre jours, cet atelier de formation permettra de vivre un temps d&rsquo;\u00e9change, de r\u00e9flexion collective et de partage d&rsquo;exp\u00e9riences o\u00f9 chacun pourra contribuer, apprendre des autres et renforcer ses capacit\u00e9s \u00e0 agir.<\/p>\n\n\n\n<p>Pr\u00e9sidant la c\u00e9r\u00e9monie d\u2019ouverture, le repr\u00e9sentant du gouverneur de Nz\u00e9r\u00e9kor\u00e9 a salu\u00e9 l\u2019initiative et l\u2019int\u00e9r\u00eat port\u00e9 aux principes de gouvernance du pays.<\/p>\n\n\n\n<figure class=\"wp-block-image size-full\"><img decoding=\"async\" width=\"1020\" height=\"574\" src=\"https:\/\/lereveil224.info\/wp-content\/uploads\/2025\/08\/IMG-20250805-WA0001.jpg\" alt=\"\" class=\"wp-image-8390\" srcset=\"https:\/\/lereveil224.info\/wp-content\/uploads\/2025\/08\/IMG-20250805-WA0001.jpg 1020w, https:\/\/lereveil224.info\/wp-content\/uploads\/2025\/08\/IMG-20250805-WA0001-300x169.jpg 300w, https:\/\/lereveil224.info\/wp-content\/uploads\/2025\/08\/IMG-20250805-WA0001-768x432.jpg 768w\" sizes=\"(max-width: 1020px) 100vw, 1020px\" \/><\/figure>\n\n\n\n<figure class=\"wp-block-image size-full\"><img decoding=\"async\" width=\"1020\" height=\"574\" src=\"https:\/\/lereveil224.info\/wp-content\/uploads\/2025\/08\/IMG-20250805-WA0001.jpg\" alt=\"\" class=\"wp-image-8390\" srcset=\"https:\/\/lereveil224.info\/wp-content\/uploads\/2025\/08\/IMG-20250805-WA0001.jpg 1020w, https:\/\/lereveil224.info\/wp-content\/uploads\/2025\/08\/IMG-20250805-WA0001-300x169.jpg 300w, https:\/\/lereveil224.info\/wp-content\/uploads\/2025\/08\/IMG-20250805-WA0001-768x432.jpg 768w\" sizes=\"(max-width: 1020px) 100vw, 1020px\" \/><\/figure>\n\n\n\n<p><strong>\u00ab Je tiens en premier lieu \u00e0 saluer chaleureusement votre pr\u00e9sence ici, qui t\u00e9moigne de l&rsquo;int\u00e9r\u00eat que vous portez au principe de gouvernance participative, de transparence et de redevabilit\u00e9, autant de valeurs qui constituent aujourd&rsquo;hui les fondements d\u2019une d\u00e9mocratie dynamique et inclusive. Mesdames et messieurs, c&rsquo;est dans un contexte o\u00f9 les d\u00e9fis sociaux, \u00e9conomiques et politiques nous interpellent que le dialogue politique et social appara\u00eet plus que jamais comme un levier incontournable pour construire le consensus, renforcer la coh\u00e9sion nationale et orienter la politique publique vers l&rsquo;int\u00e9r\u00eat g\u00e9n\u00e9ral. Il ne s&rsquo;agit pas d&rsquo;un privil\u00e8ge, mais d&rsquo;un imp\u00e9ratif d\u00e9mocratique \u00bb,<\/strong> indique El Hadj Tidiane Soumah, Directeur de cabinet du gouvernorat de Nz\u00e9r\u00e9kor\u00e9, repr\u00e9sentant le gouverneur.<\/p>\n\n\n\n<p><strong>\u00ab Le plaidoyer, lorsqu&rsquo;il est bien structur\u00e9 et articul\u00e9 autour des besoins r\u00e9els de la population, devient un outil puissant pour influencer positivement les politiques publiques. Il permet aux citoyens de faire entendre leur voix, de participer activement \u00e0 la vie publique et de contribuer \u00e0 la transformation sociale. De m\u00eame, le contr\u00f4le citoyen de l&rsquo;action publique renforce la transparence, stimule la redevabilit\u00e9 et favorise une meilleure gestion des ressources publiques. Il constitue un m\u00e9canisme essentiel pour restaurer la confiance entre l&rsquo;administration et les citoyens et pour am\u00e9liorer l&rsquo;efficacit\u00e9 des services rendus \u00bb,<\/strong> pr\u00e9cise le repr\u00e9sentant du gouverneur.<\/p>\n\n\n\n<p>Organis\u00e9 dans un r\u00e9ceptif h\u00f4telier de Nz\u00e9r\u00e9kor\u00e9, l\u2019atelier de formation, qui va durer 4 jours, regroupe plus de 60 personnes venues des organisations de la soci\u00e9t\u00e9 civile, des m\u00e9dias et des directions des micros r\u00e9alisations des r\u00e9gions de Kankan, Faranah et Nz\u00e9r\u00e9kor\u00e9.<\/p>\n\n\n\n<p>Le projet <strong>Soci\u00e9t\u00e9 Civile Dynamique et Performante (SOCIDYP)<\/strong> a \u00e9t\u00e9 financ\u00e9 par l\u2019Union europ\u00e9enne et mis en \u0153uvre par Catholic Relief Services, Enfants du Globe et R\u00e9seau Afrique Jeunesse-Guin\u00e9e.<\/p>\n\n\n\n<p><strong>R\u00e9daction<\/strong> <strong><a href=\"http:\/\/www.lereveil224.info\">pour lereveil224.info<\/a><\/strong><\/p>\n","protected":false},"excerpt":{"rendered":"<p>Dans le cadre de la poursuite de ses activit\u00e9s de renforcement des capacit\u00e9s sur le terrain, l\u2019ONG Enfants du Globe, en collaboration avec Catholic Relief Services et R\u00e9seau Afrique Jeunesse-Guin\u00e9e, a organis\u00e9 un atelier de formation sur le dialogue politique et social, la conduite du plaidoyer et le contr\u00f4le citoyen de l\u2019action publique. Lanc\u00e9e officiellement [&hellip;]<\/p>\n","protected":false},"author":123458,"featured_media":8391,"comment_status":"open","ping_status":"open","sticky":false,"template":"","format":"standard","meta":{"_acf_changed":false,"footnotes":""},"categories":[11,2,18],"tags":[],"class_list":["post-8385","post","type-post","status-publish","format-standard","has-post-thumbnail","hentry","category-actualite","category-politique","category-region"],"acf":[],"_links":{"self":[{"href":"https:\/\/lereveil224.info\/index.php\/wp-json\/wp\/v2\/posts\/8385","targetHints":{"allow":["GET"]}}],"collection":[{"href":"https:\/\/lereveil224.info\/index.php\/wp-json\/wp\/v2\/posts"}],"about":[{"href":"https:\/\/lereveil224.info\/index.php\/wp-json\/wp\/v2\/types\/post"}],"author":[{"embeddable":true,"href":"https:\/\/lereveil224.info\/index.php\/wp-json\/wp\/v2\/users\/123458"}],"replies":[{"embeddable":true,"href":"https:\/\/lereveil224.info\/index.php\/wp-json\/wp\/v2\/comments?post=8385"}],"version-history":[{"count":5,"href":"https:\/\/lereveil224.info\/index.php\/wp-json\/wp\/v2\/posts\/8385\/revisions"}],"predecessor-version":[{"id":8394,"href":"https:\/\/lereveil224.info\/index.php\/wp-json\/wp\/v2\/posts\/8385\/revisions\/8394"}],"wp:featuredmedia":[{"embeddable":true,"href":"https:\/\/lereveil224.info\/index.php\/wp-json\/wp\/v2\/media\/8391"}],"wp:attachment":[{"href":"https:\/\/lereveil224.info\/index.php\/wp-json\/wp\/v2\/media?parent=8385"}],"wp:term":[{"taxonomy":"category","embeddable":true,"href":"https:\/\/lereveil224.info\/index.php\/wp-json\/wp\/v2\/categories?post=8385"},{"taxonomy":"post_tag","embeddable":true,"href":"https:\/\/lereveil224.info\/index.php\/wp-json\/wp\/v2\/tags?post=8385"}],"curies":[{"name":"wp","href":"https:\/\/api.w.org\/{rel}","templated":true}]}}