{"id":8373,"date":"2025-07-30T05:14:28","date_gmt":"2025-07-30T05:14:28","guid":{"rendered":"https:\/\/lereveil224.info\/?p=8373"},"modified":"2025-07-30T05:14:58","modified_gmt":"2025-07-30T05:14:58","slug":"reconduite-au-gouvernement-rose-pola-pricemou-rend-un-vibrant-hommage-au-president-mamadi-doumbouya","status":"publish","type":"post","link":"https:\/\/lereveil224.info\/index.php\/2025\/07\/30\/reconduite-au-gouvernement-rose-pola-pricemou-rend-un-vibrant-hommage-au-president-mamadi-doumbouya\/","title":{"rendered":"Reconduite au Gouvernement : Rose Pola Pricemou rend un vibrant hommage au Pr\u00e9sident Mamadi Doumbouya"},"content":{"rendered":"\n<p>C\u2019est un message fort de gratitude et d\u2019engagement r\u00e9publicain que la ministre des Postes, des T\u00e9l\u00e9communications et de l\u2019\u00c9conomie Num\u00e9rique, Rose Pola Pricemou, a adress\u00e9 ce mardi 29 juillet 2025 \u00e0 la Nation, suite \u00e0 sa reconduction officielle au sein du gouvernement.<\/p>\n\n\n\n<p>\u00c0 travers une d\u00e9claration empreinte d\u2019humilit\u00e9 et de reconnaissance, diffus\u00e9e apr\u00e8s la lecture du d\u00e9cret pr\u00e9sidentiel \u00e0 la t\u00e9l\u00e9vision nationale, la ministre a exprim\u00e9 sa <em>\u00ab profonde gratitude \u00bb<\/em> au Pr\u00e9sident de la R\u00e9publique, Son Excellence le G\u00e9n\u00e9ral Mamadi Doumbouya, pour la confiance renouvel\u00e9e \u00e0 sa modeste personne.<\/p>\n\n\n\n<p>Elle n\u2019a pas manqu\u00e9 de saluer \u00e9galement le r\u00f4le d\u00e9terminant du Premier ministre, Chef du Gouvernement, Amadou Oury Bah, dont le soutien constant a, selon ses mots, <em>\u00ab largement contribu\u00e9 \u00e0 cette reconnaissance \u00bb<\/em>. Une reconnaissance qui vient r\u00e9compenser l\u2019engagement sans rel\u00e2che de Mme Pricemou dans la mise en \u0153uvre de la politique de transformation num\u00e9rique port\u00e9e par les plus hautes autorit\u00e9s du pays.<\/p>\n\n\n\n<p>Dans son allocution, la ministre a tenu \u00e0 remercier chaleureusement son \u00e9poux, ses enfants, ainsi que l\u2019ensemble de sa famille et belle-famille. <em>\u00ab Leur amour, leur patience et leurs pri\u00e8res m\u2019ont port\u00e9e dans l\u2019accomplissement de mes responsabilit\u00e9s \u00bb<\/em>, a-t-elle soulign\u00e9 avec \u00e9motion.<\/p>\n\n\n\n<p>Plus qu\u2019un simple message de remerciement, cette d\u00e9claration est aussi un acte de foi et de devoir. <em>\u00ab C\u2019est avec humilit\u00e9 et un sens \u00e9lev\u00e9 du devoir que je re\u00e7ois cette marque d\u2019estime \u00bb<\/em>, a-t-elle affirm\u00e9, s\u2019engageant \u00e0 redoubler d\u2019efforts pour accompagner la vision pr\u00e9sidentielle en mati\u00e8re de num\u00e9rique et de connectivit\u00e9, secteur cl\u00e9 du d\u00e9veloppement national.<\/p>\n\n\n\n<p>Mme Pricemou a enfin invoqu\u00e9 la b\u00e9n\u00e9diction divine sur la Nation et sur le Chef de l\u2019\u00c9tat, demandant au Tout-Puissant de <em>\u00ab continuer \u00e0 accompagner notre Nation, ainsi que les pas du G\u00e9n\u00e9ral Mamadi Doumbouya dans sa noble mission \u00bb<\/em>.<\/p>\n\n\n\n<p>Cette reconduction vient confirmer la volont\u00e9 des autorit\u00e9s de s\u2019appuyer sur des profils comp\u00e9tents et engag\u00e9s pour mener \u00e0 bien les r\u00e9formes strat\u00e9giques en cours, notamment dans le domaine du num\u00e9rique, devenu un levier incontournable de modernisation de l\u2019administration et d\u2019inclusion socio-\u00e9conomique.<\/p>\n\n\n\n<p><strong>Mamadouba CAMARA<\/strong><\/p>\n","protected":false},"excerpt":{"rendered":"<p>C\u2019est un message fort de gratitude et d\u2019engagement r\u00e9publicain que la ministre des Postes, des T\u00e9l\u00e9communications et de l\u2019\u00c9conomie Num\u00e9rique, Rose Pola Pricemou, a adress\u00e9 ce mardi 29 juillet 2025 \u00e0 la Nation, suite \u00e0 sa reconduction officielle au sein du gouvernement. \u00c0 travers une d\u00e9claration empreinte d\u2019humilit\u00e9 et de reconnaissance, diffus\u00e9e apr\u00e8s la lecture [&hellip;]<\/p>\n","protected":false},"author":123458,"featured_media":8374,"comment_status":"open","ping_status":"open","sticky":false,"template":"","format":"standard","meta":{"_acf_changed":false,"footnotes":""},"categories":[11,59,2,56],"tags":[],"class_list":["post-8373","post","type-post","status-publish","format-standard","has-post-thumbnail","hentry","category-actualite","category-nationale","category-politique","category-technologie"],"acf":[],"_links":{"self":[{"href":"https:\/\/lereveil224.info\/index.php\/wp-json\/wp\/v2\/posts\/8373","targetHints":{"allow":["GET"]}}],"collection":[{"href":"https:\/\/lereveil224.info\/index.php\/wp-json\/wp\/v2\/posts"}],"about":[{"href":"https:\/\/lereveil224.info\/index.php\/wp-json\/wp\/v2\/types\/post"}],"author":[{"embeddable":true,"href":"https:\/\/lereveil224.info\/index.php\/wp-json\/wp\/v2\/users\/123458"}],"replies":[{"embeddable":true,"href":"https:\/\/lereveil224.info\/index.php\/wp-json\/wp\/v2\/comments?post=8373"}],"version-history":[{"count":1,"href":"https:\/\/lereveil224.info\/index.php\/wp-json\/wp\/v2\/posts\/8373\/revisions"}],"predecessor-version":[{"id":8375,"href":"https:\/\/lereveil224.info\/index.php\/wp-json\/wp\/v2\/posts\/8373\/revisions\/8375"}],"wp:featuredmedia":[{"embeddable":true,"href":"https:\/\/lereveil224.info\/index.php\/wp-json\/wp\/v2\/media\/8374"}],"wp:attachment":[{"href":"https:\/\/lereveil224.info\/index.php\/wp-json\/wp\/v2\/media?parent=8373"}],"wp:term":[{"taxonomy":"category","embeddable":true,"href":"https:\/\/lereveil224.info\/index.php\/wp-json\/wp\/v2\/categories?post=8373"},{"taxonomy":"post_tag","embeddable":true,"href":"https:\/\/lereveil224.info\/index.php\/wp-json\/wp\/v2\/tags?post=8373"}],"curies":[{"name":"wp","href":"https:\/\/api.w.org\/{rel}","templated":true}]}}