{"id":8343,"date":"2025-07-15T20:46:42","date_gmt":"2025-07-15T20:46:42","guid":{"rendered":"https:\/\/lereveil224.info\/?p=8343"},"modified":"2025-07-15T20:46:44","modified_gmt":"2025-07-15T20:46:44","slug":"lola-celebre-ses-pelerins-un-accueil-chaleureux-marque-par-ferveur-et-benedictions","status":"publish","type":"post","link":"https:\/\/lereveil224.info\/index.php\/2025\/07\/15\/lola-celebre-ses-pelerins-un-accueil-chaleureux-marque-par-ferveur-et-benedictions\/","title":{"rendered":"Lola c\u00e9l\u00e8bre ses p\u00e8lerins : un accueil chaleureux marqu\u00e9 par ferveur et b\u00e9n\u00e9dictions"},"content":{"rendered":"\n<p>Dans une ambiance empreinte de pi\u00e9t\u00e9 et d\u2019\u00e9motion, la cour de la grande mosqu\u00e9e de Lola a servi de cadre, ce mardi, \u00e0 l\u2019accueil solennel des fid\u00e8les de retour du p\u00e8lerinage \u00e0 La Mecque. Cet \u00e9v\u00e9nement hautement symbolique a rassembl\u00e9 autorit\u00e9s locales, responsables religieux, et nombreux citoyens venus t\u00e9moigner leur reconnaissance aux nouveaux Hadjs et Hadjas.<\/p>\n\n\n\n<figure class=\"wp-block-image size-full\"><img fetchpriority=\"high\" decoding=\"async\" width=\"1020\" height=\"574\" src=\"https:\/\/lereveil224.info\/wp-content\/uploads\/2025\/07\/IMG-20250716-WA0004.jpg\" alt=\"\" class=\"wp-image-8345\" srcset=\"https:\/\/lereveil224.info\/wp-content\/uploads\/2025\/07\/IMG-20250716-WA0004.jpg 1020w, https:\/\/lereveil224.info\/wp-content\/uploads\/2025\/07\/IMG-20250716-WA0004-300x169.jpg 300w, https:\/\/lereveil224.info\/wp-content\/uploads\/2025\/07\/IMG-20250716-WA0004-768x432.jpg 768w\" sizes=\"(max-width: 1020px) 100vw, 1020px\" \/><\/figure>\n\n\n\n<p>Pr\u00e9sid\u00e9e par les autorit\u00e9s administratives locales, dont le secr\u00e9taire g\u00e9n\u00e9ral charg\u00e9 des affaires administratives, le directeur pr\u00e9fectoral du Plan, celui du Tourisme ainsi que l\u2019inspecteur r\u00e9gional des affaires religieuses de Nz\u00e9r\u00e9kor\u00e9, la c\u00e9r\u00e9monie a \u00e9t\u00e9 marqu\u00e9e par des moments de pri\u00e8re, de recueillement et de partage spirituel.<\/p>\n\n\n\n<figure class=\"wp-block-image size-full\"><img decoding=\"async\" width=\"1020\" height=\"574\" src=\"https:\/\/lereveil224.info\/wp-content\/uploads\/2025\/07\/IMG-20250716-WA0002.jpg\" alt=\"\" class=\"wp-image-8344\" srcset=\"https:\/\/lereveil224.info\/wp-content\/uploads\/2025\/07\/IMG-20250716-WA0002.jpg 1020w, https:\/\/lereveil224.info\/wp-content\/uploads\/2025\/07\/IMG-20250716-WA0002-300x169.jpg 300w, https:\/\/lereveil224.info\/wp-content\/uploads\/2025\/07\/IMG-20250716-WA0002-768x432.jpg 768w\" sizes=\"(max-width: 1020px) 100vw, 1020px\" \/><\/figure>\n\n\n\n<figure class=\"wp-block-image size-full\"><img decoding=\"async\" width=\"1020\" height=\"574\" src=\"https:\/\/lereveil224.info\/wp-content\/uploads\/2025\/07\/IMG-20250716-WA0002.jpg\" alt=\"\" class=\"wp-image-8344\" srcset=\"https:\/\/lereveil224.info\/wp-content\/uploads\/2025\/07\/IMG-20250716-WA0002.jpg 1020w, https:\/\/lereveil224.info\/wp-content\/uploads\/2025\/07\/IMG-20250716-WA0002-300x169.jpg 300w, https:\/\/lereveil224.info\/wp-content\/uploads\/2025\/07\/IMG-20250716-WA0002-768x432.jpg 768w\" sizes=\"(max-width: 1020px) 100vw, 1020px\" \/><\/figure>\n\n\n\n<p>Les b\u00e9n\u00e9dictions formul\u00e9es \u00e0 cette occasion ont port\u00e9 sur la paix et la prosp\u00e9rit\u00e9 en Guin\u00e9e, ainsi que sur la long\u00e9vit\u00e9 et la r\u00e9ussite du chef de l\u2019\u00c9tat. Les p\u00e8lerins, visiblement \u00e9mus, ont exprim\u00e9 leur gratitude envers Dieu et envers les autorit\u00e9s pour leur accompagnement tout au long de ce voyage sacr\u00e9.<\/p>\n\n\n\n<p>Au-del\u00e0 de la dimension religieuse, cet accueil met en lumi\u00e8re l\u2019attachement profond de la communaut\u00e9 musulmane de Lola \u00e0 ses valeurs spirituelles, et l\u2019importance qu\u2019elle accorde \u00e0 la coh\u00e9sion sociale et \u00e0 la pri\u00e8re collective pour le bien-\u00eatre du pays.<\/p>\n\n\n\n<p><strong>Mamadouba CAMARA<\/strong><\/p>\n","protected":false},"excerpt":{"rendered":"<p>Dans une ambiance empreinte de pi\u00e9t\u00e9 et d\u2019\u00e9motion, la cour de la grande mosqu\u00e9e de Lola a servi de cadre, ce mardi, \u00e0 l\u2019accueil solennel des fid\u00e8les de retour du p\u00e8lerinage \u00e0 La Mecque. Cet \u00e9v\u00e9nement hautement symbolique a rassembl\u00e9 autorit\u00e9s locales, responsables religieux, et nombreux citoyens venus t\u00e9moigner leur reconnaissance aux nouveaux Hadjs et [&hellip;]<\/p>\n","protected":false},"author":123458,"featured_media":8346,"comment_status":"open","ping_status":"open","sticky":false,"template":"","format":"standard","meta":{"_acf_changed":false,"footnotes":""},"categories":[1],"tags":[],"class_list":["post-8343","post","type-post","status-publish","format-standard","has-post-thumbnail","hentry","category-non-classe"],"acf":[],"_links":{"self":[{"href":"https:\/\/lereveil224.info\/index.php\/wp-json\/wp\/v2\/posts\/8343","targetHints":{"allow":["GET"]}}],"collection":[{"href":"https:\/\/lereveil224.info\/index.php\/wp-json\/wp\/v2\/posts"}],"about":[{"href":"https:\/\/lereveil224.info\/index.php\/wp-json\/wp\/v2\/types\/post"}],"author":[{"embeddable":true,"href":"https:\/\/lereveil224.info\/index.php\/wp-json\/wp\/v2\/users\/123458"}],"replies":[{"embeddable":true,"href":"https:\/\/lereveil224.info\/index.php\/wp-json\/wp\/v2\/comments?post=8343"}],"version-history":[{"count":4,"href":"https:\/\/lereveil224.info\/index.php\/wp-json\/wp\/v2\/posts\/8343\/revisions"}],"predecessor-version":[{"id":8350,"href":"https:\/\/lereveil224.info\/index.php\/wp-json\/wp\/v2\/posts\/8343\/revisions\/8350"}],"wp:featuredmedia":[{"embeddable":true,"href":"https:\/\/lereveil224.info\/index.php\/wp-json\/wp\/v2\/media\/8346"}],"wp:attachment":[{"href":"https:\/\/lereveil224.info\/index.php\/wp-json\/wp\/v2\/media?parent=8343"}],"wp:term":[{"taxonomy":"category","embeddable":true,"href":"https:\/\/lereveil224.info\/index.php\/wp-json\/wp\/v2\/categories?post=8343"},{"taxonomy":"post_tag","embeddable":true,"href":"https:\/\/lereveil224.info\/index.php\/wp-json\/wp\/v2\/tags?post=8343"}],"curies":[{"name":"wp","href":"https:\/\/api.w.org\/{rel}","templated":true}]}}